{"id":115683,"date":"2020-08-25T18:46:03","date_gmt":"2020-08-25T21:46:03","guid":{"rendered":"http:\/\/www.hoymercedes.com.ar\/principal\/?p=115683"},"modified":"2020-08-30T13:13:16","modified_gmt":"2020-08-30T16:13:16","slug":"ambientalistas-locales-se-manifestaron-contra-la-instalacion-de-granjas-industriales-de-cerdos","status":"publish","type":"post","link":"https:\/\/www.hoymercedes.com.ar\/principal\/2020\/08\/25\/ambientalistas-locales-se-manifestaron-contra-la-instalacion-de-granjas-industriales-de-cerdos\/","title":{"rendered":"Ambientalistas locales se manifestaron contra la instalaci\u00f3n de granjas industriales de cerdos"},"content":{"rendered":"\n<p>En distintos puntos del pa\u00eds, grupos ambientalistas se dieron cita bajo la consigna \u201cbasta de falsas soluciones\u201d y en repudio al acuerdo con China para exportar carne porcina que implicar\u00eda la \u00a0instalaci\u00f3n de \u201cmegafactor\u00edas\u201d de cerdos, que traer\u00edan aparejadas problem\u00e1ticas ecol\u00f3gicas, adem\u00e1s de pedir que frenen con los desmontes y quema de humedales. Asimismo, pidieron la participaci\u00f3n ciudadana en la toma de decisiones de asuntes que perjudican al ambiente.<\/p>\n\n\n\n<div class=\"wp-block-image\"><figure class=\"aligncenter size-large\"><img loading=\"lazy\" decoding=\"async\" width=\"800\" height=\"533\" data-attachment-id=\"115685\" data-permalink=\"https:\/\/www.hoymercedes.com.ar\/principal\/2020\/08\/25\/ambientalistas-locales-se-manifestaron-contra-la-instalacion-de-granjas-industriales-de-cerdos\/25-contra-chinaarg-1\/#main\" data-orig-file=\"https:\/\/www.hoymercedes.com.ar\/principal\/wp-content\/uploads\/2020\/08\/25-contra-chinaArg-1.jpg\" data-orig-size=\"800,533\" data-comments-opened=\"0\" data-image-meta=\"{&quot;aperture&quot;:&quot;0&quot;,&quot;credit&quot;:&quot;&quot;,&quot;camera&quot;:&quot;&quot;,&quot;caption&quot;:&quot;&quot;,&quot;created_timestamp&quot;:&quot;0&quot;,&quot;copyright&quot;:&quot;&quot;,&quot;focal_length&quot;:&quot;0&quot;,&quot;iso&quot;:&quot;0&quot;,&quot;shutter_speed&quot;:&quot;0&quot;,&quot;title&quot;:&quot;&quot;,&quot;orientation&quot;:&quot;0&quot;}\" data-image-title=\"25 contra chinaArg 1\" data-image-description=\"\" data-image-caption=\"\" data-large-file=\"https:\/\/www.hoymercedes.com.ar\/principal\/wp-content\/uploads\/2020\/08\/25-contra-chinaArg-1.jpg\" src=\"https:\/\/www.hoymercedes.com.ar\/principal\/wp-content\/uploads\/2020\/08\/25-contra-chinaArg-1.jpg\" alt=\"\" class=\"wp-image-115685\"\/><\/figure><\/div>\n\n\n\n<p>Promediando la ma\u00f1ana de este martes, a los pies del monumento a San Mart\u00edn, se dieron cita representantes de la Asamblea Mercedina por la Agroecolog\u00eda, de SOS H\u00e1bitat, del Partido Obrero y varios vecinos que no pertenecen a ninguna de estas organizaciones, pero s\u00ed expresan su preocupaci\u00f3n ambiental de manera activa. Algunos de ellos, incluso, con m\u00fasica y carteles se manifestaron en la puerta del Palacio Municipal con las consignas \u201cno al acuerdo China-Argentina\u201d, \u201cno a la instalaci\u00f3n de megafactor\u00eda porcina\u201d, \u201cstop con el ecocidio\u201d e invitaban a googlear \u201cextractivismo\u201d, un t\u00e9rmino que refiere a la eliminaci\u00f3n de los recursos naturales para vender en el mercado mundial.<\/p>\n\n\n\n<p>Tomando distancia, y con sus barbijos, los manifestante expresaron los objetivos del reclamo haciendo hincapi\u00e9 en las consecuencias que traer\u00e1 la instalaci\u00f3n de \u201cf\u00e1bricas\u201d de cerdo que buscan a partir del acuerdo que permitir\u00eda la producci\u00f3n porcina duplicando la actual pero con megaempresas extrajeras.<\/p>\n\n\n\n<p>\u201cEste mega acuerdo con la rep\u00fablica de China lo \u00fanico que har\u00eda ser\u00e1 profundizar el camino porque el que venimos y nos trajo hasta ac\u00e1. Es claro la implicancia en la salud, una zoonosis, una enfermedad que salt\u00f3 de los animales a los humanos, como la actual. La misma Canciller\u00eda reconoce que hay alto riesgo de zoonosis, pero a la vez, est\u00e1 de acuerdo con el pacto con China. Hablamos de galpones y galpones de madres de cerdos, asociadas a plantas de producci\u00f3n de alimentos balanceados, asociadas a la generaci\u00f3n de cierto gas, con cantidades indignas de remedios antibacterianos que a la larga o a la corta, terminar\u00e1n en el ambiente\u201d, expres\u00f3 Mart\u00edn, vecino de la zona rural.<\/p>\n\n\n\n<div class=\"wp-block-image\"><figure class=\"aligncenter size-large\"><img loading=\"lazy\" decoding=\"async\" width=\"800\" height=\"533\" data-attachment-id=\"115686\" data-permalink=\"https:\/\/www.hoymercedes.com.ar\/principal\/2020\/08\/25\/ambientalistas-locales-se-manifestaron-contra-la-instalacion-de-granjas-industriales-de-cerdos\/25-contra-chinaarg-2\/#main\" data-orig-file=\"https:\/\/www.hoymercedes.com.ar\/principal\/wp-content\/uploads\/2020\/08\/25-contra-chinaArg-2.jpg\" data-orig-size=\"800,533\" data-comments-opened=\"0\" data-image-meta=\"{&quot;aperture&quot;:&quot;0&quot;,&quot;credit&quot;:&quot;&quot;,&quot;camera&quot;:&quot;&quot;,&quot;caption&quot;:&quot;&quot;,&quot;created_timestamp&quot;:&quot;0&quot;,&quot;copyright&quot;:&quot;&quot;,&quot;focal_length&quot;:&quot;0&quot;,&quot;iso&quot;:&quot;0&quot;,&quot;shutter_speed&quot;:&quot;0&quot;,&quot;title&quot;:&quot;&quot;,&quot;orientation&quot;:&quot;0&quot;}\" data-image-title=\"25 contra chinaArg 2\" data-image-description=\"\" data-image-caption=\"\" data-large-file=\"https:\/\/www.hoymercedes.com.ar\/principal\/wp-content\/uploads\/2020\/08\/25-contra-chinaArg-2.jpg\" src=\"https:\/\/www.hoymercedes.com.ar\/principal\/wp-content\/uploads\/2020\/08\/25-contra-chinaArg-2.jpg\" alt=\"\" class=\"wp-image-115686\"\/><\/figure><\/div>\n\n\n\n<p>\u201cEs preocupante que esto es un acuerdo secreto, a las apuradas y tras bambalinas. Es t\u00edpico de la diplomacia china trabajar as\u00ed. Apretar muy r\u00e1pido, oscuro. Exigen que las negociaciones sean secretas, as\u00ed que lo poco que sabemos se filtr\u00f3. Nos preocupa tambi\u00e9n que no intervenga el Ministerio de Ambiente. En el mismo preacuerdo se dice que hay posible da\u00f1o ambiental. Entonces es inexplicable que no los hagan participar\u201d, agreg\u00f3 en su exposici\u00f3n el vecino de la zona rural.<\/p>\n\n\n\n<p>Luego de \u00e9l, qui\u00e9n tom\u00f3 la palabra fue Mar\u00eda, referente del Partido Obrero que remarc\u00f3 el aspecto econ\u00f3mico m\u00e1s all\u00e1 del ambiental y la crisis actual nacional e internacional. \u201cLa necesidad de d\u00f3lares la canaliza con el acuerdo con China para multiplicar por 15 la producci\u00f3n de cerdos en el pa\u00eds. Algo que implica un cambio en los ambientes regionales y por eso se est\u00e1n produciendo los incendios en C\u00f3rdoba y Santa F\u00e9. Est\u00e1n limpiando las zonas selv\u00e1ticas o de bosques para darle paso a la sojizaci\u00f3n de los suelos y as\u00ed poder alimentar a los cerdos que ingresar\u00e1n en estas f\u00e1bricas planteadas en el acuerdo con China. Sumando el riesgo de zoonosis y de enfermedades que ya est\u00e1n en el pa\u00eds. Mercedes produce salame quintero, se cr\u00edan cerdos, pero habr\u00e1 un corrimiento de la producci\u00f3n primaria porque el due\u00f1o del campo que tenga vacas u ovejas, tendr\u00e1 producci\u00f3n porcina. Esto cambiar\u00e1 las condiciones alimenticias de los seres humanos. Adem\u00e1s de cambiar el sistema productivo y acrecentar la primarizaci\u00f3n de producci\u00f3n y no de industrializaci\u00f3n\u201d, agreg\u00f3 Mar\u00eda que luego ley\u00f3 un documento del partido de izquierda.<\/p>\n\n\n\n<p>Asimismo, propuso elevar una nota al Concejo Deliberante de Mercedes para que exprese su postura y opini\u00f3n sobre el acuerdo y la potencial instalaci\u00f3n de una de estas \u201cmegaf\u00e1bricas\u201d de producci\u00f3n porcina que afectar\u00eda al ambiente.<\/p>\n\n\n\n<div class=\"wp-block-image\"><figure class=\"aligncenter size-large\"><img loading=\"lazy\" decoding=\"async\" width=\"800\" height=\"533\" data-attachment-id=\"115687\" data-permalink=\"https:\/\/www.hoymercedes.com.ar\/principal\/2020\/08\/25\/ambientalistas-locales-se-manifestaron-contra-la-instalacion-de-granjas-industriales-de-cerdos\/25-contra-chinaarg-3\/#main\" data-orig-file=\"https:\/\/www.hoymercedes.com.ar\/principal\/wp-content\/uploads\/2020\/08\/25-contra-chinaArg-3.jpg\" data-orig-size=\"800,533\" data-comments-opened=\"0\" data-image-meta=\"{&quot;aperture&quot;:&quot;0&quot;,&quot;credit&quot;:&quot;&quot;,&quot;camera&quot;:&quot;&quot;,&quot;caption&quot;:&quot;&quot;,&quot;created_timestamp&quot;:&quot;0&quot;,&quot;copyright&quot;:&quot;&quot;,&quot;focal_length&quot;:&quot;0&quot;,&quot;iso&quot;:&quot;0&quot;,&quot;shutter_speed&quot;:&quot;0&quot;,&quot;title&quot;:&quot;&quot;,&quot;orientation&quot;:&quot;0&quot;}\" data-image-title=\"25 contra chinaArg 3\" data-image-description=\"\" data-image-caption=\"\" data-large-file=\"https:\/\/www.hoymercedes.com.ar\/principal\/wp-content\/uploads\/2020\/08\/25-contra-chinaArg-3.jpg\" src=\"https:\/\/www.hoymercedes.com.ar\/principal\/wp-content\/uploads\/2020\/08\/25-contra-chinaArg-3.jpg\" alt=\"\" class=\"wp-image-115687\"\/><\/figure><\/div>\n","protected":false},"excerpt":{"rendered":"<p>En distintos puntos del pa\u00eds, grupos ambientalistas se dieron cita bajo la consigna \u201cbasta de falsas soluciones\u201d y en repudio &#8230; <a title=\"Ambientalistas locales se manifestaron contra la instalaci\u00f3n de granjas industriales de cerdos\" class=\"read-more\" href=\"https:\/\/www.hoymercedes.com.ar\/principal\/2020\/08\/25\/ambientalistas-locales-se-manifestaron-contra-la-instalacion-de-granjas-industriales-de-cerdos\/\" aria-label=\"Leer m\u00e1s sobre Ambientalistas locales se manifestaron contra la instalaci\u00f3n de granjas industriales de cerdos\">Leer m\u00e1s<\/a><\/p>\n","protected":false},"author":1,"featured_media":115687,"comment_status":"closed","ping_status":"open","sticky":false,"template":"","format":"standard","meta":{"_monsterinsights_skip_tracking":false,"_monsterinsights_sitenote_active":false,"_monsterinsights_sitenote_note":"","_monsterinsights_sitenote_category":0,"jetpack_post_was_ever_published":false,"_jetpack_newsletter_access":"","_jetpack_dont_email_post_to_subs":false,"_jetpack_newsletter_tier_id":0,"_jetpack_memberships_contains_paywalled_content":false,"_jetpack_memberships_contains_paid_content":false,"footnotes":"","jetpack_publicize_message":"","jetpack_publicize_feature_enabled":true,"jetpack_social_post_already_shared":true,"jetpack_social_options":{"image_generator_settings":{"template":"highway","default_image_id":0,"font":"","enabled":false},"version":2},"_wpas_customize_per_network":false},"categories":[8],"tags":[17017,43,830],"class_list":["post-115683","post","type-post","status-publish","format-standard","has-post-thumbnail","hentry","category-sociedad","tag-acuerdo-argentina-china","tag-medio-ambiente","tag-protesta","generate-columns","tablet-grid-50","mobile-grid-100","grid-parent","grid-50"],"jetpack_publicize_connections":[],"jetpack_featured_media_url":"https:\/\/www.hoymercedes.com.ar\/principal\/wp-content\/uploads\/2020\/08\/25-contra-chinaArg-3.jpg","wps_subtitle":"Con acciones en todo el pa\u00eds","jetpack_sharing_enabled":true,"_links":{"self":[{"href":"https:\/\/www.hoymercedes.com.ar\/principal\/wp-json\/wp\/v2\/posts\/115683","targetHints":{"allow":["GET"]}}],"collection":[{"href":"https:\/\/www.hoymercedes.com.ar\/principal\/wp-json\/wp\/v2\/posts"}],"about":[{"href":"https:\/\/www.hoymercedes.com.ar\/principal\/wp-json\/wp\/v2\/types\/post"}],"author":[{"embeddable":true,"href":"https:\/\/www.hoymercedes.com.ar\/principal\/wp-json\/wp\/v2\/users\/1"}],"replies":[{"embeddable":true,"href":"https:\/\/www.hoymercedes.com.ar\/principal\/wp-json\/wp\/v2\/comments?post=115683"}],"version-history":[{"count":0,"href":"https:\/\/www.hoymercedes.com.ar\/principal\/wp-json\/wp\/v2\/posts\/115683\/revisions"}],"wp:featuredmedia":[{"embeddable":true,"href":"https:\/\/www.hoymercedes.com.ar\/principal\/wp-json\/wp\/v2\/media\/115687"}],"wp:attachment":[{"href":"https:\/\/www.hoymercedes.com.ar\/principal\/wp-json\/wp\/v2\/media?parent=115683"}],"wp:term":[{"taxonomy":"category","embeddable":true,"href":"https:\/\/www.hoymercedes.com.ar\/principal\/wp-json\/wp\/v2\/categories?post=115683"},{"taxonomy":"post_tag","embeddable":true,"href":"https:\/\/www.hoymercedes.com.ar\/principal\/wp-json\/wp\/v2\/tags?post=115683"}],"curies":[{"name":"wp","href":"https:\/\/api.w.org\/{rel}","templated":true}]}}