{"id":115692,"date":"2020-08-25T22:44:34","date_gmt":"2020-08-26T01:44:34","guid":{"rendered":"http:\/\/www.hoymercedes.com.ar\/principal\/?p=115692"},"modified":"2020-08-30T13:12:55","modified_gmt":"2020-08-30T16:12:55","slug":"coronavirus-en-mercedes-25-nuevos-casos-positivos","status":"publish","type":"post","link":"https:\/\/www.hoymercedes.com.ar\/principal\/2020\/08\/25\/coronavirus-en-mercedes-25-nuevos-casos-positivos\/","title":{"rendered":"Coronavirus en Mercedes: 25 nuevos casos positivos"},"content":{"rendered":"\n<p>El informe epidemiol\u00f3gico del d\u00eda martes en Mercedes confirma que 25 pacientes dieron positivos entre los 67 tests realizados en el Laboratorio de Virolog\u00eda Molecular. En el orden nacional, se sumaron 8771 casos positivos y 198 fallecimientos registraron en el pa\u00eds.<\/p>\n\n\n\n<div class=\"wp-block-image\"><figure class=\"aligncenter size-large\"><img loading=\"lazy\" decoding=\"async\" width=\"900\" height=\"900\" data-attachment-id=\"115693\" data-permalink=\"https:\/\/www.hoymercedes.com.ar\/principal\/2020\/08\/25\/coronavirus-en-mercedes-25-nuevos-casos-positivos\/whatsapp-image-2020-08-25-at-22-11-24\/#main\" data-orig-file=\"https:\/\/www.hoymercedes.com.ar\/principal\/wp-content\/uploads\/2020\/08\/WhatsApp-Image-2020-08-25-at-22.11.24.jpeg\" data-orig-size=\"900,900\" data-comments-opened=\"0\" data-image-meta=\"{&quot;aperture&quot;:&quot;0&quot;,&quot;credit&quot;:&quot;&quot;,&quot;camera&quot;:&quot;&quot;,&quot;caption&quot;:&quot;&quot;,&quot;created_timestamp&quot;:&quot;0&quot;,&quot;copyright&quot;:&quot;&quot;,&quot;focal_length&quot;:&quot;0&quot;,&quot;iso&quot;:&quot;0&quot;,&quot;shutter_speed&quot;:&quot;0&quot;,&quot;title&quot;:&quot;&quot;,&quot;orientation&quot;:&quot;0&quot;}\" data-image-title=\"WhatsApp Image 2020-08-25 at 22.11.24\" data-image-description=\"\" data-image-caption=\"\" data-large-file=\"https:\/\/www.hoymercedes.com.ar\/principal\/wp-content\/uploads\/2020\/08\/WhatsApp-Image-2020-08-25-at-22.11.24.jpeg\" src=\"https:\/\/www.hoymercedes.com.ar\/principal\/wp-content\/uploads\/2020\/08\/WhatsApp-Image-2020-08-25-at-22.11.24.jpeg\" alt=\"\" class=\"wp-image-115693\"\/><\/figure><\/div>\n\n\n\n<p>El informe del Municipio de Mercedes y el Hospital Blas L. Dubarry expresa: <\/p>\n\n\n\n<p>\u00abEn el d\u00eda de la fecha el Laboratorio de Virolog\u00eda Molecular Municipal por medio de los procesos cient\u00edficos que lleva adelante cotidianamente detect\u00f3 25 nuevos casos para covid-19.<br>Al d\u00eda de la fecha tenemos 77 casos activos y 567 desde iniciada la pandemia con 479 pacientes recuperados del virus.<br>En seguimiento por contacto estrecho contin\u00faan a instancias del Centro de Teleseguimiento con 93 operadores socio sanitarios 455 mercedinos.<br>En cuanto al Centro de Aislamiento Sanitario II con todas las normas socio sanitarias y un fuerte trabajo de Salud, Protecci\u00f3n Civil, SAME, Seguridad, Desarrollo Social y Servicios P\u00fablicos tiene 4 pacientes alojados, aislados y monitoreados\u00bb.<\/p>\n\n\n\n<p><strong>Informe nacional<\/strong><\/p>\n\n\n\n<p>En el gobierno nacional, en la jornada de este martes se confirmaron 8.771 nuevos casos de COVID-19. Del total de la jornada 5312 positivos son de la provincia de Buenos Aires 5.312 y 1311 de la Ciudad de Buenos Aires 1.311. El resto de los casos positivos se confirmaron en Chaco 53; Chubut 35; C\u00f3rdoba 298; Corrientes 1; Entre R\u00edos 127; Jujuy 215; La Pampa 1; La Rioja 39; Mendoza 264; Misiones 1; Neuqu\u00e9n 122; R\u00edo Negro 174; Salta 177; San Juan 14; Santa Cruz 38; Santa Fe 356 ; Santiago del Estero 71; Tierra del Fuego 51 y Tucum\u00e1n 113. Con estos registros, suman 359.638 positivos en el pa\u00eds.<\/p>\n\n\n\n<p>El registro de fallecidos del d\u00eda suman 198 m\u00e1s. En el informe matutino dieron cuenta de los primeros 36 fallecimientos: 23 hombres (14 residentes en la provincia de Buenos Aires; 3 residentes en la Ciudad de Buenos Aires; un residente en la provincia de Neuqu\u00e9n; 3 residentes en la provincia de Mendoza; un residente en la provincia de R\u00edo Negro; y un residente en la provincia de Tierra del Fuego) y 13 mujeres (11 residentes en la provincia de Buenos Aires; una residente en la provincia de Entre<br>R\u00edos; y una residente en la provincia de Mendoza)<\/p>\n\n\n\n<p>En tanto, en el informe vespertino dieron cuenta de las 162 fallecimientos restantes: 93 hombres (55 residentes en la provincia de Buenos Aires; 14 residentes en la Ciudad de Buenos Aires; un residente en la provincia de Chaco; 2 residentes en la provincia de C\u00f3rdoba; un residente en la provincia de Entre R\u00edos; 8 residentes en la provincia de Jujuy; un residente en la provincia de La Pampa; 3 residentes en la provincia de La Rioja; 2 residentes en la provincia de R\u00edo Negro; 2 residentes en la provincia de Salta; 2 residentes en la provincia de Santa Fe; un residente en la provincia de Santiago del Estero; y un residente en la provincia de Tucuman) y 69 mujeres (41 residentes en la provincia de Buenos Aires; 16 residentes en la Ciudad de Buenos Aires; una residente en la provincia de C\u00f3rdoba; una residente en la provincia de Entre R\u00edos; 2 residentes en la provincia de Jujuy; 3 residentes en la provincia de La Rioja; una residente en la provincia de R\u00edo Negro; 3 residentes en la provincia de Santa Fe; y una residente en la provincia de Santiago del Estero). Al momento la cantidad de personas fallecidas es 7.563.<br><\/p>\n","protected":false},"excerpt":{"rendered":"<p>El informe epidemiol\u00f3gico del d\u00eda martes en Mercedes confirma que 25 pacientes dieron positivos entre los 67 tests realizados en &#8230; <a title=\"Coronavirus en Mercedes: 25 nuevos casos positivos\" class=\"read-more\" href=\"https:\/\/www.hoymercedes.com.ar\/principal\/2020\/08\/25\/coronavirus-en-mercedes-25-nuevos-casos-positivos\/\" aria-label=\"Leer m\u00e1s sobre Coronavirus en Mercedes: 25 nuevos casos positivos\">Leer m\u00e1s<\/a><\/p>\n","protected":false},"author":1,"featured_media":115693,"comment_status":"closed","ping_status":"open","sticky":false,"template":"","format":"standard","meta":{"_monsterinsights_skip_tracking":false,"_monsterinsights_sitenote_active":false,"_monsterinsights_sitenote_note":"","_monsterinsights_sitenote_category":0,"jetpack_post_was_ever_published":false,"_jetpack_newsletter_access":"","_jetpack_dont_email_post_to_subs":false,"_jetpack_newsletter_tier_id":0,"_jetpack_memberships_contains_paywalled_content":false,"_jetpack_memberships_contains_paid_content":false,"footnotes":"","jetpack_publicize_message":"","jetpack_publicize_feature_enabled":true,"jetpack_social_post_already_shared":true,"jetpack_social_options":{"image_generator_settings":{"template":"highway","default_image_id":0,"font":"","enabled":false},"version":2},"_wpas_customize_per_network":false},"categories":[9791],"tags":[16428,16561,16175,16313,134],"class_list":["post-115692","post","type-post","status-publish","format-standard","has-post-thumbnail","hentry","category-salud","tag-casos-positivos","tag-cierre-del-dia","tag-coronavirus","tag-covid-19","tag-salud","generate-columns","tablet-grid-50","mobile-grid-100","grid-parent","grid-50"],"jetpack_publicize_connections":[],"jetpack_featured_media_url":"https:\/\/www.hoymercedes.com.ar\/principal\/wp-content\/uploads\/2020\/08\/WhatsApp-Image-2020-08-25-at-22.11.24.jpeg","wps_subtitle":"Cierre del d\u00eda","jetpack_sharing_enabled":true,"_links":{"self":[{"href":"https:\/\/www.hoymercedes.com.ar\/principal\/wp-json\/wp\/v2\/posts\/115692","targetHints":{"allow":["GET"]}}],"collection":[{"href":"https:\/\/www.hoymercedes.com.ar\/principal\/wp-json\/wp\/v2\/posts"}],"about":[{"href":"https:\/\/www.hoymercedes.com.ar\/principal\/wp-json\/wp\/v2\/types\/post"}],"author":[{"embeddable":true,"href":"https:\/\/www.hoymercedes.com.ar\/principal\/wp-json\/wp\/v2\/users\/1"}],"replies":[{"embeddable":true,"href":"https:\/\/www.hoymercedes.com.ar\/principal\/wp-json\/wp\/v2\/comments?post=115692"}],"version-history":[{"count":0,"href":"https:\/\/www.hoymercedes.com.ar\/principal\/wp-json\/wp\/v2\/posts\/115692\/revisions"}],"wp:featuredmedia":[{"embeddable":true,"href":"https:\/\/www.hoymercedes.com.ar\/principal\/wp-json\/wp\/v2\/media\/115693"}],"wp:attachment":[{"href":"https:\/\/www.hoymercedes.com.ar\/principal\/wp-json\/wp\/v2\/media?parent=115692"}],"wp:term":[{"taxonomy":"category","embeddable":true,"href":"https:\/\/www.hoymercedes.com.ar\/principal\/wp-json\/wp\/v2\/categories?post=115692"},{"taxonomy":"post_tag","embeddable":true,"href":"https:\/\/www.hoymercedes.com.ar\/principal\/wp-json\/wp\/v2\/tags?post=115692"}],"curies":[{"name":"wp","href":"https:\/\/api.w.org\/{rel}","templated":true}]}}