{"id":115704,"date":"2020-08-26T10:52:01","date_gmt":"2020-08-26T13:52:01","guid":{"rendered":"http:\/\/www.hoymercedes.com.ar\/principal\/?p=115704"},"modified":"2020-08-30T13:28:57","modified_gmt":"2020-08-30T16:28:57","slug":"arreglos-edilicios-en-escuelas-de-mercedes","status":"publish","type":"post","link":"https:\/\/www.hoymercedes.com.ar\/principal\/2020\/08\/26\/arreglos-edilicios-en-escuelas-de-mercedes\/","title":{"rendered":"Arreglos edilicios en escuelas de Mercedes"},"content":{"rendered":"\n<p>Desde el Consejo Escolar se aprovecha el momento en que no hay clases presenciales para arreglar los edificios educativos de la ciudad. El presidente del cuerpo de Consejeros, Jos\u00e9 Luis Pisano explic\u00f3 que los arreglos se hacen a trav\u00e9s del programa \u00abEscuelas a la Obra\u00bb y el convenio concretado entre el Municipo de Mercedes y la Direcci\u00f3n General de Escuela de la provincia. <\/p>\n\n\n\n<div class=\"wp-block-image\"><figure class=\"aligncenter size-large\"><img loading=\"lazy\" decoding=\"async\" width=\"600\" height=\"800\" data-attachment-id=\"115711\" data-permalink=\"https:\/\/www.hoymercedes.com.ar\/principal\/2020\/08\/26\/arreglos-edilicios-en-escuelas-de-mercedes\/117997145_10220892710740022_6898068528007169322_n\/#main\" data-orig-file=\"https:\/\/www.hoymercedes.com.ar\/principal\/wp-content\/uploads\/2020\/08\/117997145_10220892710740022_6898068528007169322_n.jpg\" data-orig-size=\"600,800\" data-comments-opened=\"0\" data-image-meta=\"{&quot;aperture&quot;:&quot;0&quot;,&quot;credit&quot;:&quot;&quot;,&quot;camera&quot;:&quot;&quot;,&quot;caption&quot;:&quot;&quot;,&quot;created_timestamp&quot;:&quot;0&quot;,&quot;copyright&quot;:&quot;&quot;,&quot;focal_length&quot;:&quot;0&quot;,&quot;iso&quot;:&quot;0&quot;,&quot;shutter_speed&quot;:&quot;0&quot;,&quot;title&quot;:&quot;&quot;,&quot;orientation&quot;:&quot;0&quot;}\" data-image-title=\"117997145_10220892710740022_6898068528007169322_n\" data-image-description=\"\" data-image-caption=\"\" data-large-file=\"https:\/\/www.hoymercedes.com.ar\/principal\/wp-content\/uploads\/2020\/08\/117997145_10220892710740022_6898068528007169322_n.jpg\" src=\"https:\/\/www.hoymercedes.com.ar\/principal\/wp-content\/uploads\/2020\/08\/117997145_10220892710740022_6898068528007169322_n.jpg\" alt=\"\" class=\"wp-image-115711\"\/><\/figure><\/div>\n\n\n\n<p>\u00abEl programa Escuelas a la Obra destin\u00f3 fondos al Consejo Escolar para la realizaci\u00f3n de cinco obras de las cuales ya finalizamos tres y estamos por el 50 % de la cuarta\u201d explic\u00f3 Pisano y agreg\u00f3 \u201clas finalizadas son el Centro Educativo Complementario donde se refaccion\u00f3 toda la cubierta, la instalaci\u00f3n de gas del Jard\u00edn de Infantes N\u00b0911 de Altamira -que hac\u00eda dos a\u00f1os que no ten\u00eda gas- y otra obra de la misma \u00edndole en la Escuela Primaria N\u00b019 que contempla tambi\u00e9n el Jard\u00edn 916\u201d, agreg\u00f3. \u00a0<\/p>\n\n\n\n<p>\u00abEstamos en proceso de obra en la Primaria N\u00b04. El establecimiento estaba sin gas y estamos haciendo la instalaci\u00f3n. Como trabajo extra, le hicimos toda la instalaci\u00f3n el\u00e9ctrica nueva, con un fondo del Consejo Escolar, la pintamos y le refaccionamos unas p\u00e9rdidas en el techo, producto de la ca\u00edda de una rama\u201d cont\u00f3 y agreg\u00f3 que la Escuela Agrot\u00e9cnica tambi\u00e9n tiene obras en proceso como son las filatraciones en los techos y paredes. \u00a0\u00a0\u00a0\u00a0\u00a0<\/p>\n\n\n\n<p>\u201cAdem\u00e1s, estamos en proceso de colocaci\u00f3n de toda la luminaria de la Secundaria 11, terminamos toda la luminaria de la Primaria 17 de Altamira como as\u00ed tambi\u00e9n construcci\u00f3n del muro perimetral y arreglos de grietas en las paredes. Terminamos el trabajo de pintura en la Primaria 37, esto enmarcado dentro del programa Argentina Unida por la Educaci\u00f3n y el Trabajo y en este sentido estamos avanzando en la Primaria 35, donde a partir de filtraciones y rajaduras que existen, agregamos tareas de arreglo y colocamos toda la luminaria y cambios en la instalaci\u00f3n el\u00e9ctrica\u201d, agreg\u00f3 el Consejero. \u00a0<\/p>\n\n\n\n<p>\u00abTambi\u00e9n estamos prepar\u00e1ndonos para la nueva instalaci\u00f3n de gas y colocaci\u00f3n de m\u00e1s de quince calefactores en la escuela Primaria N\u00b030 que forma parte de la quinta obra del convenio Escuelas a la Obra y cambiamos ventiluces que hab\u00edan sido da\u00f1ados por robos en el Jard\u00edn N\u00b0 919 e hicimos arreglos de filtraciones y recambio de sanitarios en el Jard\u00edn N\u00b0904. Adem\u00e1s, estamos haciendo la inspecci\u00f3n y elaborando los proyectos para intervenir junto con la Municipalidad de Mercedes en la Escuela N\u00b037 para la colocaci\u00f3n de ba\u00f1os adaptados para personas con discapacidad y rampas. Estamos realizando junto a la Jefatura Distrital un relevamiento para aquellas escuelas que contengan chicos con alguna discapacidad, para poder construir el ba\u00f1o y las rampas de acceso a toda ellas\u201d, concluyo el titular del Consejo Escolar  \u00a0<\/p>\n\n\n\n<div class=\"wp-block-image\"><figure class=\"aligncenter size-large\"><img loading=\"lazy\" decoding=\"async\" width=\"800\" height=\"600\" data-attachment-id=\"115712\" data-permalink=\"https:\/\/www.hoymercedes.com.ar\/principal\/2020\/08\/26\/arreglos-edilicios-en-escuelas-de-mercedes\/118370401_10220916203327322_9078626397808662524_n\/#main\" data-orig-file=\"https:\/\/www.hoymercedes.com.ar\/principal\/wp-content\/uploads\/2020\/08\/118370401_10220916203327322_9078626397808662524_n.jpg\" data-orig-size=\"800,600\" data-comments-opened=\"0\" data-image-meta=\"{&quot;aperture&quot;:&quot;0&quot;,&quot;credit&quot;:&quot;&quot;,&quot;camera&quot;:&quot;&quot;,&quot;caption&quot;:&quot;&quot;,&quot;created_timestamp&quot;:&quot;0&quot;,&quot;copyright&quot;:&quot;&quot;,&quot;focal_length&quot;:&quot;0&quot;,&quot;iso&quot;:&quot;0&quot;,&quot;shutter_speed&quot;:&quot;0&quot;,&quot;title&quot;:&quot;&quot;,&quot;orientation&quot;:&quot;0&quot;}\" data-image-title=\"118370401_10220916203327322_9078626397808662524_n\" data-image-description=\"\" data-image-caption=\"\" data-large-file=\"https:\/\/www.hoymercedes.com.ar\/principal\/wp-content\/uploads\/2020\/08\/118370401_10220916203327322_9078626397808662524_n.jpg\" src=\"https:\/\/www.hoymercedes.com.ar\/principal\/wp-content\/uploads\/2020\/08\/118370401_10220916203327322_9078626397808662524_n.jpg\" alt=\"\" class=\"wp-image-115712\"\/><\/figure><\/div>\n","protected":false},"excerpt":{"rendered":"<p>Desde el Consejo Escolar se aprovecha el momento en que no hay clases presenciales para arreglar los edificios educativos de &#8230; <a title=\"Arreglos edilicios en escuelas de Mercedes\" class=\"read-more\" href=\"https:\/\/www.hoymercedes.com.ar\/principal\/2020\/08\/26\/arreglos-edilicios-en-escuelas-de-mercedes\/\" aria-label=\"Leer m\u00e1s sobre Arreglos edilicios en escuelas de Mercedes\">Leer m\u00e1s<\/a><\/p>\n","protected":false},"author":1,"featured_media":115712,"comment_status":"closed","ping_status":"open","sticky":false,"template":"","format":"standard","meta":{"_monsterinsights_skip_tracking":false,"_monsterinsights_sitenote_active":false,"_monsterinsights_sitenote_note":"","_monsterinsights_sitenote_category":0,"jetpack_post_was_ever_published":false,"_jetpack_newsletter_access":"","_jetpack_dont_email_post_to_subs":false,"_jetpack_newsletter_tier_id":0,"_jetpack_memberships_contains_paywalled_content":false,"_jetpack_memberships_contains_paid_content":false,"footnotes":"","jetpack_publicize_message":"","jetpack_publicize_feature_enabled":true,"jetpack_social_post_already_shared":true,"jetpack_social_options":{"image_generator_settings":{"template":"highway","default_image_id":0,"font":"","enabled":false},"version":2},"_wpas_customize_per_network":false},"categories":[23],"tags":[1317,47,244],"class_list":["post-115704","post","type-post","status-publish","format-standard","has-post-thumbnail","hentry","category-educacion","tag-consejo-escolar","tag-educacion-2","tag-municipio-2","generate-columns","tablet-grid-50","mobile-grid-100","grid-parent","grid-50"],"jetpack_publicize_connections":[],"jetpack_featured_media_url":"https:\/\/www.hoymercedes.com.ar\/principal\/wp-content\/uploads\/2020\/08\/118370401_10220916203327322_9078626397808662524_n.jpg","wps_subtitle":"Sistema educativo","jetpack_sharing_enabled":true,"_links":{"self":[{"href":"https:\/\/www.hoymercedes.com.ar\/principal\/wp-json\/wp\/v2\/posts\/115704","targetHints":{"allow":["GET"]}}],"collection":[{"href":"https:\/\/www.hoymercedes.com.ar\/principal\/wp-json\/wp\/v2\/posts"}],"about":[{"href":"https:\/\/www.hoymercedes.com.ar\/principal\/wp-json\/wp\/v2\/types\/post"}],"author":[{"embeddable":true,"href":"https:\/\/www.hoymercedes.com.ar\/principal\/wp-json\/wp\/v2\/users\/1"}],"replies":[{"embeddable":true,"href":"https:\/\/www.hoymercedes.com.ar\/principal\/wp-json\/wp\/v2\/comments?post=115704"}],"version-history":[{"count":0,"href":"https:\/\/www.hoymercedes.com.ar\/principal\/wp-json\/wp\/v2\/posts\/115704\/revisions"}],"wp:featuredmedia":[{"embeddable":true,"href":"https:\/\/www.hoymercedes.com.ar\/principal\/wp-json\/wp\/v2\/media\/115712"}],"wp:attachment":[{"href":"https:\/\/www.hoymercedes.com.ar\/principal\/wp-json\/wp\/v2\/media?parent=115704"}],"wp:term":[{"taxonomy":"category","embeddable":true,"href":"https:\/\/www.hoymercedes.com.ar\/principal\/wp-json\/wp\/v2\/categories?post=115704"},{"taxonomy":"post_tag","embeddable":true,"href":"https:\/\/www.hoymercedes.com.ar\/principal\/wp-json\/wp\/v2\/tags?post=115704"}],"curies":[{"name":"wp","href":"https:\/\/api.w.org\/{rel}","templated":true}]}}