{"id":115722,"date":"2020-08-26T16:52:36","date_gmt":"2020-08-26T19:52:36","guid":{"rendered":"http:\/\/www.hoymercedes.com.ar\/principal\/?p=115722"},"modified":"2020-08-26T17:13:50","modified_gmt":"2020-08-26T20:13:50","slug":"arbitros-de-futbol-mercedinos-se-capacitaran-en-afa","status":"publish","type":"post","link":"https:\/\/www.hoymercedes.com.ar\/principal\/2020\/08\/26\/arbitros-de-futbol-mercedinos-se-capacitaran-en-afa\/","title":{"rendered":"\u00c1rbitros de f\u00fatbol mercedinos se capacitar\u00e1n en AFA"},"content":{"rendered":"\n<p>Organizado por el Consejo Federal de la Asociaci\u00f3n del F\u00fatbol Argentino, \u00e1rbitros de distintas ligas de la provincia de Buenos Aires tendr\u00e1n esta semana una capacitaci\u00f3n sobre las distintas modificaciones realizadas recientemente a las reglas de juego. Atento a la gran cantidad de ligas en suelo bonaerense, las charlas se brindar\u00e1n lunes y jueves. Los \u00e1rbitros que act\u00faan en la ciudad de Mercedes tendr\u00e1n su oportunidad el pr\u00f3ximo jueves.<\/p>\n\n\n\n<figure class=\"wp-block-image size-large\"><img loading=\"lazy\" decoding=\"async\" width=\"1280\" height=\"960\" data-attachment-id=\"115723\" data-permalink=\"https:\/\/www.hoymercedes.com.ar\/principal\/2020\/08\/26\/arbitros-de-futbol-mercedinos-se-capacitaran-en-afa\/cancha-liga-2-3\/#main\" data-orig-file=\"https:\/\/www.hoymercedes.com.ar\/principal\/wp-content\/uploads\/2020\/08\/Cancha-Liga-2.jpg\" data-orig-size=\"1280,960\" data-comments-opened=\"0\" data-image-meta=\"{&quot;aperture&quot;:&quot;0&quot;,&quot;credit&quot;:&quot;&quot;,&quot;camera&quot;:&quot;&quot;,&quot;caption&quot;:&quot;&quot;,&quot;created_timestamp&quot;:&quot;0&quot;,&quot;copyright&quot;:&quot;&quot;,&quot;focal_length&quot;:&quot;0&quot;,&quot;iso&quot;:&quot;0&quot;,&quot;shutter_speed&quot;:&quot;0&quot;,&quot;title&quot;:&quot;&quot;,&quot;orientation&quot;:&quot;0&quot;}\" data-image-title=\"Cancha-Liga-2\" data-image-description=\"\" data-image-caption=\"\" data-large-file=\"https:\/\/www.hoymercedes.com.ar\/principal\/wp-content\/uploads\/2020\/08\/Cancha-Liga-2.jpg\" src=\"https:\/\/www.hoymercedes.com.ar\/principal\/wp-content\/uploads\/2020\/08\/Cancha-Liga-2.jpg\" alt=\"\" class=\"wp-image-115723\"\/><\/figure>\n\n\n\n<p>Las autoridades de la Liga Mercedina ya han recibido las claves de acceso a la reuni\u00f3n que se concretar\u00e1 de manera virtual y que ser\u00e1n distribuidas entre los \u00e1rbitros locales. La capacitaci\u00f3n estar\u00e1 a cargo de reconocidos ex \u00e1rbitros de alcance nacional, como Gustavo Bassi, Sergio Pezzota y Dar\u00edo Garc\u00eda. Junto a ellos estar\u00e1n Juan Pablo Pompei, Gustavo Rossi, Marcelo Aumente, Roberto Reta, Adri\u00e1n Fonzo, Domingo Allegue, Alejandro Arco, Diego Altamirano y el Preparador F\u00edsico del Departamento Arbitral del Consejo Cristian Rossen.<\/p>\n\n\n\n<p>De acuerdo a los datos aportados, la capacitaci\u00f3n se desarrollar\u00e1 fundamentalmente sobre aspectos: Interpretaci\u00f3n de Manos y Reglas de Juego 2021.<\/p>\n\n\n\n<p>El Presidente de la Liga Mercedina adelant\u00f3 que los \u00e1rbitros locales ya ven\u00edan teniendo reuniones virtuales peri\u00f3dicas a los fines de ir analizando las nuevas medidas y esta oportunidad ser\u00e1 m\u00e1s que importante para seguir adquiriendo conceptos y despejando dudas.<\/p>\n\n\n\n<p>Adem\u00e1s, Esteban Marcelo adelant\u00f3 que est\u00e1 previsto que pr\u00f3ximamente habr\u00e1 charla por parte de los referentes arbitrales de nuestro medio para directores t\u00e9cnicos y capitanes de equipos afiliados a la Liga para que tambi\u00e9n ellos est\u00e9n al tanto de las nuevas reglas de juego que tiene el f\u00fatbol desde el mes de julio<\/p>\n","protected":false},"excerpt":{"rendered":"<p>Organizado por el Consejo Federal de la Asociaci\u00f3n del F\u00fatbol Argentino, \u00e1rbitros de distintas ligas de la provincia de Buenos &#8230; <a title=\"\u00c1rbitros de f\u00fatbol mercedinos se capacitar\u00e1n en AFA\" class=\"read-more\" href=\"https:\/\/www.hoymercedes.com.ar\/principal\/2020\/08\/26\/arbitros-de-futbol-mercedinos-se-capacitaran-en-afa\/\" aria-label=\"Leer m\u00e1s sobre \u00c1rbitros de f\u00fatbol mercedinos se capacitar\u00e1n en AFA\">Leer m\u00e1s<\/a><\/p>\n","protected":false},"author":1,"featured_media":115723,"comment_status":"closed","ping_status":"open","sticky":false,"template":"","format":"standard","meta":{"_monsterinsights_skip_tracking":false,"_monsterinsights_sitenote_active":false,"_monsterinsights_sitenote_note":"","_monsterinsights_sitenote_category":0,"jetpack_post_was_ever_published":false,"_jetpack_newsletter_access":"","_jetpack_dont_email_post_to_subs":false,"_jetpack_newsletter_tier_id":0,"_jetpack_memberships_contains_paywalled_content":false,"_jetpack_memberships_contains_paid_content":false,"footnotes":"","jetpack_publicize_message":"","jetpack_publicize_feature_enabled":true,"jetpack_social_post_already_shared":false,"jetpack_social_options":{"image_generator_settings":{"template":"highway","default_image_id":0,"font":"","enabled":false},"version":2},"_wpas_customize_per_network":false},"categories":[21],"tags":[5371,17001],"class_list":["post-115722","post","type-post","status-publish","format-standard","has-post-thumbnail","hentry","category-deportes","tag-afa","tag-capacitacion-arbitros","generate-columns","tablet-grid-50","mobile-grid-100","grid-parent","grid-50"],"jetpack_publicize_connections":[],"jetpack_featured_media_url":"https:\/\/www.hoymercedes.com.ar\/principal\/wp-content\/uploads\/2020\/08\/Cancha-Liga-2.jpg","wps_subtitle":"Liga Mercedina","jetpack_sharing_enabled":true,"_links":{"self":[{"href":"https:\/\/www.hoymercedes.com.ar\/principal\/wp-json\/wp\/v2\/posts\/115722","targetHints":{"allow":["GET"]}}],"collection":[{"href":"https:\/\/www.hoymercedes.com.ar\/principal\/wp-json\/wp\/v2\/posts"}],"about":[{"href":"https:\/\/www.hoymercedes.com.ar\/principal\/wp-json\/wp\/v2\/types\/post"}],"author":[{"embeddable":true,"href":"https:\/\/www.hoymercedes.com.ar\/principal\/wp-json\/wp\/v2\/users\/1"}],"replies":[{"embeddable":true,"href":"https:\/\/www.hoymercedes.com.ar\/principal\/wp-json\/wp\/v2\/comments?post=115722"}],"version-history":[{"count":0,"href":"https:\/\/www.hoymercedes.com.ar\/principal\/wp-json\/wp\/v2\/posts\/115722\/revisions"}],"wp:featuredmedia":[{"embeddable":true,"href":"https:\/\/www.hoymercedes.com.ar\/principal\/wp-json\/wp\/v2\/media\/115723"}],"wp:attachment":[{"href":"https:\/\/www.hoymercedes.com.ar\/principal\/wp-json\/wp\/v2\/media?parent=115722"}],"wp:term":[{"taxonomy":"category","embeddable":true,"href":"https:\/\/www.hoymercedes.com.ar\/principal\/wp-json\/wp\/v2\/categories?post=115722"},{"taxonomy":"post_tag","embeddable":true,"href":"https:\/\/www.hoymercedes.com.ar\/principal\/wp-json\/wp\/v2\/tags?post=115722"}],"curies":[{"name":"wp","href":"https:\/\/api.w.org\/{rel}","templated":true}]}}