{"id":11574,"date":"2012-03-16T11:23:56","date_gmt":"2012-03-16T11:23:56","guid":{"rendered":"http:\/\/www.hoymercedes.com.ar\/principal\/?p=11574"},"modified":"2012-03-16T11:23:56","modified_gmt":"2012-03-16T11:23:56","slug":"concejales-aprobaron-pedido-de-informes-a-empresas-ferroviarias-y-al-gobierno","status":"publish","type":"post","link":"https:\/\/www.hoymercedes.com.ar\/principal\/2012\/03\/16\/concejales-aprobaron-pedido-de-informes-a-empresas-ferroviarias-y-al-gobierno\/","title":{"rendered":"Concejales aprobaron pedido de informes a empresas ferroviarias y al gobierno"},"content":{"rendered":"<p>Los proyectos presentados por el bloque del PJ-FPV y el M.I.C )Movimiento Independiente Comunal) dirigidos al Ministerio a cargo de Julio De Vido y a la empresa ALL que tiene a su cargo la explotaci\u00f3n de la ex l\u00ednea San Mart\u00edn fueron aprobados ayer por unanimidad durante la sesi\u00f3n extraordinaria que realiz\u00f3 el Honorable Concejo Deliberante de nuestra ciudad.<\/p>\n<p>Pero m\u00e1s all\u00e1 de ello lo realmente preocupante es lo ocurrido una vez m\u00e1s a lo largo de la jornada de ayer cuando varios vecinos hicieron llegar v\u00eda telef\u00f3nica su preocupaci\u00f3na los concejales y tambi\u00e9n a los medios deprensa porque una vez m\u00e1s las barreras autom\u00e1ticas del San Mart\u00edn estaban bajas permaneciendo de dicha manera por varias horas not\u00e1ndose el problema principalmente sobre las dos bocas principales de acceso a la ciudad, es decir las avenidas 17 y 29, donde una significativa cantidad de automotores aguardaban pacientemente en una improvisada cola el momento de poder cruzar las v\u00edas y as\u00ed poder continuar viaje.<\/p>\n<p>Los vecinos que se comunicaron con los medios de prensa no solo pronunciaban sus queja por el tema de las barreras sino tambi\u00e9n por el estado de los terrenos ferroviarios que lindan con la calle 6 desde 17 a 29 volviendo a recrear el ya conocido tema de la seguridad y el temor que sienten quienes all\u00ed residen ante la posibilidad que el lugar sea utilizado por desconocidos para esconderse y llegada la noche intentar la consumaci\u00f3n de alg\u00fan il\u00edcito.<\/p>\n<p>Valeria, una vecina de nuestra ciudad que tiene su vivienda a una cuadra de la ex estaci\u00f3n del San Mart\u00edn precis\u00f3 \u201crealmente es una verg\u00fcenza en el estado en que se encuentra, da miedo pasar por el lugar en horas de la noche. No se quien debe tomar cartas en el asunto pero algo hay que hacer porque as\u00ed no se puede seguir\u201d.<\/p>\n<p>Por otra parte tambi\u00e9n se denunci\u00f3 la presunta usurpaci\u00f3n de un sector del terreno ferroviario en Avenida 17 y 10 donde en principio se instala un colectivo en el cual seg\u00fan los vecinos vive una cantidad no determinada de personas con menores incluidos.<\/p>\n<p>En la sesi\u00f3n de ayer los ediles, a pesar que el Intendente Carlos Selva ya participo de una reuni\u00f3n con el Interventor designado por el gobierno nacional en la empresa TBA igual votaron de manera favorable la comunicaci\u00f3n dirigida al Ministro De Vido teniendo en cuenta que mucho se habla del servicio que TBA presta desde Moreno a Once y muy poco lo que de dice como son transportados quienes viajan desde Mercedes hacia Moreno con coche motores que realmente se encuentran en p\u00e9simas condiciones, asientos rotos, sin vidrios en las ventanillas y sin ba\u00f1os.<\/p>\n<p>&nbsp;<\/p>\n","protected":false},"excerpt":{"rendered":"<p>Los proyectos presentados por el bloque del PJ-FPV y el M.I.C )Movimiento Independiente Comunal) dirigidos al Ministerio a cargo de &#8230; <a title=\"Concejales aprobaron pedido de informes a empresas ferroviarias y al gobierno\" class=\"read-more\" href=\"https:\/\/www.hoymercedes.com.ar\/principal\/2012\/03\/16\/concejales-aprobaron-pedido-de-informes-a-empresas-ferroviarias-y-al-gobierno\/\" aria-label=\"Leer m\u00e1s sobre Concejales aprobaron pedido de informes a empresas ferroviarias y al gobierno\">Leer m\u00e1s<\/a><\/p>\n","protected":false},"author":1,"featured_media":0,"comment_status":"open","ping_status":"open","sticky":false,"template":"","format":"standard","meta":{"_monsterinsights_skip_tracking":false,"_monsterinsights_sitenote_active":false,"_monsterinsights_sitenote_note":"","_monsterinsights_sitenote_category":0,"jetpack_post_was_ever_published":false,"_jetpack_newsletter_access":"","_jetpack_dont_email_post_to_subs":false,"_jetpack_newsletter_tier_id":0,"_jetpack_memberships_contains_paywalled_content":false,"_jetpack_memberships_contains_paid_content":false,"footnotes":"","jetpack_publicize_message":"","jetpack_publicize_feature_enabled":true,"jetpack_social_post_already_shared":false,"jetpack_social_options":{"image_generator_settings":{"template":"highway","default_image_id":0,"font":"","enabled":false},"version":2},"_wpas_customize_per_network":false},"categories":[5],"tags":[],"class_list":["post-11574","post","type-post","status-publish","format-standard","hentry","category-politica","generate-columns","tablet-grid-50","mobile-grid-100","grid-parent","grid-50"],"jetpack_publicize_connections":[],"jetpack_featured_media_url":"","wps_subtitle":"","jetpack_sharing_enabled":true,"_links":{"self":[{"href":"https:\/\/www.hoymercedes.com.ar\/principal\/wp-json\/wp\/v2\/posts\/11574","targetHints":{"allow":["GET"]}}],"collection":[{"href":"https:\/\/www.hoymercedes.com.ar\/principal\/wp-json\/wp\/v2\/posts"}],"about":[{"href":"https:\/\/www.hoymercedes.com.ar\/principal\/wp-json\/wp\/v2\/types\/post"}],"author":[{"embeddable":true,"href":"https:\/\/www.hoymercedes.com.ar\/principal\/wp-json\/wp\/v2\/users\/1"}],"replies":[{"embeddable":true,"href":"https:\/\/www.hoymercedes.com.ar\/principal\/wp-json\/wp\/v2\/comments?post=11574"}],"version-history":[{"count":0,"href":"https:\/\/www.hoymercedes.com.ar\/principal\/wp-json\/wp\/v2\/posts\/11574\/revisions"}],"wp:attachment":[{"href":"https:\/\/www.hoymercedes.com.ar\/principal\/wp-json\/wp\/v2\/media?parent=11574"}],"wp:term":[{"taxonomy":"category","embeddable":true,"href":"https:\/\/www.hoymercedes.com.ar\/principal\/wp-json\/wp\/v2\/categories?post=11574"},{"taxonomy":"post_tag","embeddable":true,"href":"https:\/\/www.hoymercedes.com.ar\/principal\/wp-json\/wp\/v2\/tags?post=11574"}],"curies":[{"name":"wp","href":"https:\/\/api.w.org\/{rel}","templated":true}]}}