{"id":115740,"date":"2020-08-26T20:08:18","date_gmt":"2020-08-26T23:08:18","guid":{"rendered":"http:\/\/www.hoymercedes.com.ar\/principal\/?p=115740"},"modified":"2020-08-30T13:24:00","modified_gmt":"2020-08-30T16:24:00","slug":"mesa-sindical-repudia-dichos-de-duhalde","status":"publish","type":"post","link":"https:\/\/www.hoymercedes.com.ar\/principal\/2020\/08\/26\/mesa-sindical-repudia-dichos-de-duhalde\/","title":{"rendered":"Mesa Sindical repudia dichos de Duhalde"},"content":{"rendered":"\n<p>(Comunicado de la Mesa Sindical Mercedes) \u00abDesde la Mesa Sindical Mercedes repudiamos en\u00e9rgicamente las irresponsables declaraciones vertidas por Eduardo Duhalde. Dichas nefastas palabras son una provocaci\u00f3n y solo est\u00e1n a favor de quienes desprecian al Pueblo Argentino y a sus representantes.<\/p>\n\n\n\n<p>Argentina ya decidi\u00f3 hace 37 a\u00f1os vivir en democracia y apostar al r\u00e9gimen democr\u00e1tico, afianzado bajo el grito de &#8216;Nunca m\u00e1s&#8217; que se hizo escuchar por millones de argentinos y argentinas y que se escuchar\u00e1 por siempre.<\/p>\n\n\n\n<p>Las palabras del ex mandatario son de una enorme irresponsabilidad, que solo intentan crear un clima de inestabilidad institucional en un contexto mundial de crisis sanitaria y emergencia econ\u00f3mica, en medio de una pandemia que se est\u00e1 llevando la vida de cientos de miles de personas. Declaraciones antidemocr\u00e1ticas que solo reflejan la reacci\u00f3n de los sectores concentrados de nuestro pa\u00eds, ya que no es casualidad que dichos comentarios se realicen en el marco del decreto de declaraci\u00f3n de servicios indispensables internet, telefon\u00eda y TV por cable.<\/p>\n\n\n\n<p>En Argentina, estamos absolutamente convencidos, no hay lugar para los detractores del orden constitucional, ya que todos y todas estaremos firmes para impedir cualquier intento de ataque a la democracia\u00bb.<\/p>\n\n\n\n<div class=\"wp-block-image\"><figure class=\"aligncenter size-large\"><img loading=\"lazy\" decoding=\"async\" width=\"800\" height=\"994\" data-attachment-id=\"115741\" data-permalink=\"https:\/\/www.hoymercedes.com.ar\/principal\/2020\/08\/26\/mesa-sindical-repudia-dichos-de-duhalde\/repudiamos-las-irresponsables-declaraciones-de-duhalde-1\/#main\" data-orig-file=\"https:\/\/www.hoymercedes.com.ar\/principal\/wp-content\/uploads\/2020\/08\/Repudiamos-las-irresponsables-declaraciones-de-Duhalde-1.jpg\" data-orig-size=\"800,994\" data-comments-opened=\"0\" data-image-meta=\"{&quot;aperture&quot;:&quot;0&quot;,&quot;credit&quot;:&quot;&quot;,&quot;camera&quot;:&quot;&quot;,&quot;caption&quot;:&quot;&quot;,&quot;created_timestamp&quot;:&quot;0&quot;,&quot;copyright&quot;:&quot;&quot;,&quot;focal_length&quot;:&quot;0&quot;,&quot;iso&quot;:&quot;0&quot;,&quot;shutter_speed&quot;:&quot;0&quot;,&quot;title&quot;:&quot;&quot;,&quot;orientation&quot;:&quot;0&quot;}\" data-image-title=\"Repudiamos-las-irresponsables-declaraciones-de-Duhalde (1)\" data-image-description=\"\" data-image-caption=\"\" data-large-file=\"https:\/\/www.hoymercedes.com.ar\/principal\/wp-content\/uploads\/2020\/08\/Repudiamos-las-irresponsables-declaraciones-de-Duhalde-1.jpg\" src=\"https:\/\/www.hoymercedes.com.ar\/principal\/wp-content\/uploads\/2020\/08\/Repudiamos-las-irresponsables-declaraciones-de-Duhalde-1.jpg\" alt=\"\" class=\"wp-image-115741\"\/><\/figure><\/div>\n","protected":false},"excerpt":{"rendered":"<p>(Comunicado de la Mesa Sindical Mercedes) \u00abDesde la Mesa Sindical Mercedes repudiamos en\u00e9rgicamente las irresponsables declaraciones vertidas por Eduardo Duhalde. &#8230; <a title=\"Mesa Sindical repudia dichos de Duhalde\" class=\"read-more\" href=\"https:\/\/www.hoymercedes.com.ar\/principal\/2020\/08\/26\/mesa-sindical-repudia-dichos-de-duhalde\/\" aria-label=\"Leer m\u00e1s sobre Mesa Sindical repudia dichos de Duhalde\">Leer m\u00e1s<\/a><\/p>\n","protected":false},"author":1,"featured_media":115741,"comment_status":"closed","ping_status":"open","sticky":false,"template":"","format":"standard","meta":{"_monsterinsights_skip_tracking":false,"_monsterinsights_sitenote_active":false,"_monsterinsights_sitenote_note":"","_monsterinsights_sitenote_category":0,"jetpack_post_was_ever_published":false,"_jetpack_newsletter_access":"","_jetpack_dont_email_post_to_subs":false,"_jetpack_newsletter_tier_id":0,"_jetpack_memberships_contains_paywalled_content":false,"_jetpack_memberships_contains_paid_content":false,"footnotes":"","jetpack_publicize_message":"","jetpack_publicize_feature_enabled":true,"jetpack_social_post_already_shared":true,"jetpack_social_options":{"image_generator_settings":{"template":"highway","default_image_id":0,"font":"","enabled":false},"version":2},"_wpas_customize_per_network":false},"categories":[10563],"tags":[13508,8748,5319],"class_list":["post-115740","post","type-post","status-publish","format-standard","has-post-thumbnail","hentry","category-gremios-sindicatos","tag-mesa-sindical","tag-opinion","tag-politica-2","generate-columns","tablet-grid-50","mobile-grid-100","grid-parent","grid-50"],"jetpack_publicize_connections":[],"jetpack_featured_media_url":"https:\/\/www.hoymercedes.com.ar\/principal\/wp-content\/uploads\/2020\/08\/Repudiamos-las-irresponsables-declaraciones-de-Duhalde-1.jpg","wps_subtitle":"Comunicado de los gremios","jetpack_sharing_enabled":true,"_links":{"self":[{"href":"https:\/\/www.hoymercedes.com.ar\/principal\/wp-json\/wp\/v2\/posts\/115740","targetHints":{"allow":["GET"]}}],"collection":[{"href":"https:\/\/www.hoymercedes.com.ar\/principal\/wp-json\/wp\/v2\/posts"}],"about":[{"href":"https:\/\/www.hoymercedes.com.ar\/principal\/wp-json\/wp\/v2\/types\/post"}],"author":[{"embeddable":true,"href":"https:\/\/www.hoymercedes.com.ar\/principal\/wp-json\/wp\/v2\/users\/1"}],"replies":[{"embeddable":true,"href":"https:\/\/www.hoymercedes.com.ar\/principal\/wp-json\/wp\/v2\/comments?post=115740"}],"version-history":[{"count":0,"href":"https:\/\/www.hoymercedes.com.ar\/principal\/wp-json\/wp\/v2\/posts\/115740\/revisions"}],"wp:featuredmedia":[{"embeddable":true,"href":"https:\/\/www.hoymercedes.com.ar\/principal\/wp-json\/wp\/v2\/media\/115741"}],"wp:attachment":[{"href":"https:\/\/www.hoymercedes.com.ar\/principal\/wp-json\/wp\/v2\/media?parent=115740"}],"wp:term":[{"taxonomy":"category","embeddable":true,"href":"https:\/\/www.hoymercedes.com.ar\/principal\/wp-json\/wp\/v2\/categories?post=115740"},{"taxonomy":"post_tag","embeddable":true,"href":"https:\/\/www.hoymercedes.com.ar\/principal\/wp-json\/wp\/v2\/tags?post=115740"}],"curies":[{"name":"wp","href":"https:\/\/api.w.org\/{rel}","templated":true}]}}