{"id":115747,"date":"2020-08-26T23:00:13","date_gmt":"2020-08-27T02:00:13","guid":{"rendered":"http:\/\/www.hoymercedes.com.ar\/principal\/?p=115747"},"modified":"2020-08-30T13:23:39","modified_gmt":"2020-08-30T16:23:39","slug":"coronavirus-en-mercedes-22-pacientes-se-sumaron-a-los-casos-positivos-de-covid","status":"publish","type":"post","link":"https:\/\/www.hoymercedes.com.ar\/principal\/2020\/08\/26\/coronavirus-en-mercedes-22-pacientes-se-sumaron-a-los-casos-positivos-de-covid\/","title":{"rendered":"Coronavirus en Mercedes: 22 pacientes se sumaron a los casos positivos de covid"},"content":{"rendered":"\n<p>En la ciudad de Mercedes se brind\u00f3 una nueva comunicaci\u00f3n con la informaci\u00f3n epidemiol\u00f3gica que destaca 22 nuevos casos positivos de covid-19 entre los 83 test realizados en el Laboratorio de Virolog\u00eda Molecular. En el pa\u00eds se confimaron 10.550 nuevos casos de COVID-19 y 276 personas m\u00e1s fallecieron en el pa\u00eds. <\/p>\n\n\n\n<div class=\"wp-block-image\"><figure class=\"aligncenter size-large\"><img loading=\"lazy\" decoding=\"async\" width=\"900\" height=\"900\" data-attachment-id=\"115748\" data-permalink=\"https:\/\/www.hoymercedes.com.ar\/principal\/2020\/08\/26\/coronavirus-en-mercedes-22-pacientes-se-sumaron-a-los-casos-positivos-de-covid\/whatsapp-image-2020-08-26-at-22-34-04\/#main\" data-orig-file=\"https:\/\/www.hoymercedes.com.ar\/principal\/wp-content\/uploads\/2020\/08\/WhatsApp-Image-2020-08-26-at-22.34.04.jpeg\" data-orig-size=\"900,900\" data-comments-opened=\"0\" data-image-meta=\"{&quot;aperture&quot;:&quot;0&quot;,&quot;credit&quot;:&quot;&quot;,&quot;camera&quot;:&quot;&quot;,&quot;caption&quot;:&quot;&quot;,&quot;created_timestamp&quot;:&quot;0&quot;,&quot;copyright&quot;:&quot;&quot;,&quot;focal_length&quot;:&quot;0&quot;,&quot;iso&quot;:&quot;0&quot;,&quot;shutter_speed&quot;:&quot;0&quot;,&quot;title&quot;:&quot;&quot;,&quot;orientation&quot;:&quot;0&quot;}\" data-image-title=\"WhatsApp Image 2020-08-26 at 22.34.04\" data-image-description=\"\" data-image-caption=\"\" data-large-file=\"https:\/\/www.hoymercedes.com.ar\/principal\/wp-content\/uploads\/2020\/08\/WhatsApp-Image-2020-08-26-at-22.34.04.jpeg\" src=\"https:\/\/www.hoymercedes.com.ar\/principal\/wp-content\/uploads\/2020\/08\/WhatsApp-Image-2020-08-26-at-22.34.04.jpeg\" alt=\"\" class=\"wp-image-115748\"\/><\/figure><\/div>\n\n\n\n<p>El informe enviado por el Municipio de Mercedes y el Hospital Blas L. Dubarry expresa: <\/p>\n\n\n\n<p>\u00abEn el d\u00eda de la fecha el Laboratorio de Virolog\u00eda Molecular Municipal por medio de los procesos cient\u00edficos que lleva adelante cotidianamente detect\u00f3 22 nuevos casos para covid-19.<br>Los casos tienen su ra\u00edz epidemiol\u00f3gica y correspondiente trabajo de rastreo y seguimiento.<br>Al d\u00eda de la fecha tenemos 99 casos activos y 589 desde iniciada la pandemia con 479 pacientes recuperados del virus.<br>En seguimiento por contacto estrecho contin\u00faan a instancias del Centro de Teleseguimiento con 93 operadores socio sanitarios 460 mercedinos.<br>En cuanto al Centro de Aislamiento Sanitario II con todas las normas socio sanitarias y un fuerte trabajo de Salud, Protecci\u00f3n Civil, SAME, Seguridad, Desarrollo Social y Servicios P\u00fablicos tiene 5 pacientes alojados, aislados y monitoreados\u00bb.<\/p>\n\n\n\n<p><strong>Informe nacional<\/strong><\/p>\n\n\n\n<p>En el orden nacional, se confirmaron 10.550 nuevos casos de COVID-19. De los cuales, 6628 pertenecen a la provincia de Buenos Aires y 1568 a la Ciudad de Buenos Aires 1.568. El resto de los casos positivos del d\u00eda se distribuyen en: Chaco 74; Chubut 69; C\u00f3rdoba 355; Corrientes 12; Entre R\u00edos 112; Jujuy 236; La Pampa 1; La Rioja 37; Mendoza 276; Neuqu\u00e9n 132; R\u00edo Negro 235; Salta 176; San Juan 36; San Luis 4; Santa Cruz 63; Santa Fe 381; Santiago del Estero 38; Tierra del Fuego 51 y Tucum\u00e1n 68. Con estos registros, suman 370.188 positivos en el pa\u00eds.<\/p>\n\n\n\n<p>Asimismo, informaron que se sumaron 276 fallecimientos en el pa\u00eds. El informe matutino registr\u00f3 los primeros 98 fallecimientos: 59 hombres (41 residentes en la provincia de Buenos Aires; un residente en la Ciudad de Buenos Aires; un residente en la provincia de Chaco; 9 residentes en la provincia de Jujuy; 3 residente en la provincia de R\u00edo Negro; 3 residente en la provincia de Mendoza; y un residente en la provincia de Tierra del Fuego) y 39 mujeres (27 residentes en la provincia de Buenos Aires; 6 residentes en la Ciudad de Buenos Aires; una residente en la provincia de R\u00edo Negro; 4 residentes en la provincia de Jujuy; y una residente en la provincia de Mendoza)<\/p>\n\n\n\n<p>En el informe vespertino registraron 178 muertes: 109 hombres (77 residentes en la provincia de Buenos Aires; 15 residentes en la Ciudad de Buenos Aires; 2 residente en la provincia de Chaco; 4 residentes en la provincia de C\u00f3rdoba; un residente en la provincia de Entre R\u00edos; un residente en la provincia de Tierra del Fuego; un residente en la provincia de La Rioja; 2 residentes en la provincia de R\u00edo Negro; 4 residentes en la provincia de Salta; y 2 residentes en la provincia de Santa Fe) y 69 mujeres (42 residentes en la provincia de Buenos Aires; 18 residentes en la Ciudad de Buenos Aires; una residente en la provincia de Chaco; una residente en la provincia de Salta; 5 residente en la provincia de R\u00edo Negro; y 2 residentes en la provincia de Santa Fe). Al momento la cantidad de personas fallecidas es 7.839.<\/p>\n","protected":false},"excerpt":{"rendered":"<p>En la ciudad de Mercedes se brind\u00f3 una nueva comunicaci\u00f3n con la informaci\u00f3n epidemiol\u00f3gica que destaca 22 nuevos casos positivos &#8230; <a title=\"Coronavirus en Mercedes: 22 pacientes se sumaron a los casos positivos de covid\" class=\"read-more\" href=\"https:\/\/www.hoymercedes.com.ar\/principal\/2020\/08\/26\/coronavirus-en-mercedes-22-pacientes-se-sumaron-a-los-casos-positivos-de-covid\/\" aria-label=\"Leer m\u00e1s sobre Coronavirus en Mercedes: 22 pacientes se sumaron a los casos positivos de covid\">Leer m\u00e1s<\/a><\/p>\n","protected":false},"author":1,"featured_media":115748,"comment_status":"closed","ping_status":"open","sticky":false,"template":"","format":"standard","meta":{"_monsterinsights_skip_tracking":false,"_monsterinsights_sitenote_active":false,"_monsterinsights_sitenote_note":"","_monsterinsights_sitenote_category":0,"jetpack_post_was_ever_published":false,"_jetpack_newsletter_access":"","_jetpack_dont_email_post_to_subs":false,"_jetpack_newsletter_tier_id":0,"_jetpack_memberships_contains_paywalled_content":false,"_jetpack_memberships_contains_paid_content":false,"footnotes":"","jetpack_publicize_message":"","jetpack_publicize_feature_enabled":true,"jetpack_social_post_already_shared":true,"jetpack_social_options":{"image_generator_settings":{"template":"highway","default_image_id":0,"font":"","enabled":false},"version":2},"_wpas_customize_per_network":false},"categories":[9791],"tags":[16561,16175,16313,134],"class_list":["post-115747","post","type-post","status-publish","format-standard","has-post-thumbnail","hentry","category-salud","tag-cierre-del-dia","tag-coronavirus","tag-covid-19","tag-salud","generate-columns","tablet-grid-50","mobile-grid-100","grid-parent","grid-50"],"jetpack_publicize_connections":[],"jetpack_featured_media_url":"https:\/\/www.hoymercedes.com.ar\/principal\/wp-content\/uploads\/2020\/08\/WhatsApp-Image-2020-08-26-at-22.34.04.jpeg","wps_subtitle":"Cierre del d\u00eda","jetpack_sharing_enabled":true,"_links":{"self":[{"href":"https:\/\/www.hoymercedes.com.ar\/principal\/wp-json\/wp\/v2\/posts\/115747","targetHints":{"allow":["GET"]}}],"collection":[{"href":"https:\/\/www.hoymercedes.com.ar\/principal\/wp-json\/wp\/v2\/posts"}],"about":[{"href":"https:\/\/www.hoymercedes.com.ar\/principal\/wp-json\/wp\/v2\/types\/post"}],"author":[{"embeddable":true,"href":"https:\/\/www.hoymercedes.com.ar\/principal\/wp-json\/wp\/v2\/users\/1"}],"replies":[{"embeddable":true,"href":"https:\/\/www.hoymercedes.com.ar\/principal\/wp-json\/wp\/v2\/comments?post=115747"}],"version-history":[{"count":0,"href":"https:\/\/www.hoymercedes.com.ar\/principal\/wp-json\/wp\/v2\/posts\/115747\/revisions"}],"wp:featuredmedia":[{"embeddable":true,"href":"https:\/\/www.hoymercedes.com.ar\/principal\/wp-json\/wp\/v2\/media\/115748"}],"wp:attachment":[{"href":"https:\/\/www.hoymercedes.com.ar\/principal\/wp-json\/wp\/v2\/media?parent=115747"}],"wp:term":[{"taxonomy":"category","embeddable":true,"href":"https:\/\/www.hoymercedes.com.ar\/principal\/wp-json\/wp\/v2\/categories?post=115747"},{"taxonomy":"post_tag","embeddable":true,"href":"https:\/\/www.hoymercedes.com.ar\/principal\/wp-json\/wp\/v2\/tags?post=115747"}],"curies":[{"name":"wp","href":"https:\/\/api.w.org\/{rel}","templated":true}]}}