{"id":115794,"date":"2020-08-28T13:30:26","date_gmt":"2020-08-28T16:30:26","guid":{"rendered":"http:\/\/www.hoymercedes.com.ar\/principal\/?p=115794"},"modified":"2020-08-28T13:31:21","modified_gmt":"2020-08-28T16:31:21","slug":"recuperan-aljibe-del-registro-civil","status":"publish","type":"post","link":"https:\/\/www.hoymercedes.com.ar\/principal\/2020\/08\/28\/recuperan-aljibe-del-registro-civil\/","title":{"rendered":"Recuperan aljibe del Registro Civil"},"content":{"rendered":"\n<p>Desde la Comisi\u00f3n de Patrimonio CUNA realizaron las gestiones para que la pieza hist\u00f3rica se trasladada a los jardines del Museo V\u00edctor Miguez. El aljibe es una pieza de un valor testimonial tallado en un solo bloque de m\u00e1rmol de Carrara. Fue trasladado por personal del Corral\u00f3n de la Municipalidad. <\/p>\n\n\n\n<div class=\"wp-block-image\"><figure class=\"aligncenter size-large\"><img loading=\"lazy\" decoding=\"async\" width=\"773\" height=\"642\" data-attachment-id=\"115796\" data-permalink=\"https:\/\/www.hoymercedes.com.ar\/principal\/2020\/08\/28\/recuperan-aljibe-del-registro-civil\/fue-trasladado-al-museo-con-ayuda-de-maquinaria\/#main\" data-orig-file=\"https:\/\/www.hoymercedes.com.ar\/principal\/wp-content\/uploads\/2020\/08\/Fue-trasladado-al-museo-con-ayuda-de-maquinaria.jpeg\" data-orig-size=\"773,642\" data-comments-opened=\"0\" data-image-meta=\"{&quot;aperture&quot;:&quot;0&quot;,&quot;credit&quot;:&quot;&quot;,&quot;camera&quot;:&quot;&quot;,&quot;caption&quot;:&quot;&quot;,&quot;created_timestamp&quot;:&quot;0&quot;,&quot;copyright&quot;:&quot;&quot;,&quot;focal_length&quot;:&quot;0&quot;,&quot;iso&quot;:&quot;0&quot;,&quot;shutter_speed&quot;:&quot;0&quot;,&quot;title&quot;:&quot;&quot;,&quot;orientation&quot;:&quot;0&quot;}\" data-image-title=\"Fue trasladado al museo con ayuda de maquinaria\" data-image-description=\"\" data-image-caption=\"\" data-large-file=\"https:\/\/www.hoymercedes.com.ar\/principal\/wp-content\/uploads\/2020\/08\/Fue-trasladado-al-museo-con-ayuda-de-maquinaria.jpeg\" src=\"https:\/\/www.hoymercedes.com.ar\/principal\/wp-content\/uploads\/2020\/08\/Fue-trasladado-al-museo-con-ayuda-de-maquinaria.jpeg\" alt=\"\" class=\"wp-image-115796\"\/><\/figure><\/div>\n\n\n\n<p>Luego de varias gestiones que datan de m\u00e1s de 20 a\u00f1os, la Comisi\u00f3n Municipal del Patrimonio CUNA (cultural y Natural) de Mercedes, logr\u00f3 mudar el aljibe que se encontraba en el Registro Civil de Mercedes, ubicado en la Avenida 29 entre 34 y 36. Las gestiones para el recupero datan del a\u00f1o 2000, fecha en la que el arquitecto Juan Carlos Doratti inici\u00f3 los tr\u00e1mites correspondientes para solicitar el traslado del mismo al Hist\u00f3rico Museo V\u00edctor Miguez.<\/p>\n\n\n\n<p>\u201cPara el traslado del aljibe, se requiri\u00f3 de una m\u00e1quina elevadora y el trabajo de varias personas, que con todas las precauciones posibles en cada movimiento, para su protecci\u00f3n, pueda ser llevado al Museo Miguez. Hoy ya se lo puede ver emplazado en el jard\u00edn del mismo\u201d, sostuvieron desde la comisi\u00f3n.<\/p>\n\n\n\n<p>Desde el Museo Miguez, indicaron que el traslado tambi\u00e9n pudo realizarse gracias a que \u201cse anoticiaron hace pocos meses, de la existencia de la autorizaci\u00f3n, a trav\u00e9s de Ezequiel Bisso, quien acerc\u00f3 el documento en el cual se ve que desde el a\u00f1o 2002 que la Provincia hab\u00eda cedido la pieza para el Museo Hist\u00f3rico de Mercedes\u201d.<\/p>\n\n\n\n<p>En un trabajo de investigaci\u00f3n realizado por el arquitecto Doratti, consider\u00f3 que \u201ceste aljibe no se pod\u00eda perder, y entrando en territorio de dominio provincial, corr\u00eda peligro. Por lo tanto, inicie gestiones ante la Municipalidad para lograr que pasara a su dominio. En seguida, la Directora del Museo Miguez, Muse\u00f3loga, Liliana Basualdo hizo suya la idea, y empez\u00f3 el largo camino para lograr la cesi\u00f3n. Despu\u00e9s de m\u00e1s de diez a\u00f1os, ha resultado exitosa. Hoy el Museo Miguez incorpora a su preciado patrimonio el esperado aljibe\u201d.<\/p>\n\n\n\n<p>Sobre este tipo de brocales, Juan Carlos manifiesta que corresponde a \u201clos m\u00e1s lujosos y costosos que se vieron en la \u00e9poca. Probablemente realizados en Italia, ya que el m\u00e1rmol en que son tallados es de Carrara, han de llegar al Rio de la Plata en la segunda mitad del siglo XIX. Los motivos que los decoran en relieve son o de origen marino, como medusas, o aldabones, o mascarones, o leones, los m\u00e1s ricos\u201d.<\/p>\n\n\n\n<p>El Presidente de la Comisi\u00f3n de Patrimonio, el Arq. Miguel F\u00e9lix Brady, manifest\u00f3 su agradecimiento a todos los que hicieron posible la log\u00edstica para tama\u00f1a recuperaci\u00f3n patrimonial, encabezado por Juan Mart\u00edn Andr\u00e9s, los trabajadores del Corral\u00f3n Municipal, los j\u00f3venes de la Cooperativa de pintura de Desarrollo Social que tambi\u00e9n ayudaron y al intendente Juan Ignacio Ustarroz que siempre se encuentra abierto, apoyando las acciones que tienden a proteger el valor patrimonial de la ciudad. Tambi\u00e9n al arquitecto Juan Carlos Doratti por su importante iniciativa, junto con su gran aporte hist\u00f3rico, y a Liliana Basuado, Directora del Museo Miguez, por su incansable esfuerzo para que se haga realidad el traslado del aljibe.\u201d<\/p>\n\n\n\n<p>Investigaci\u00f3n de Juan Carlos Doratti. <\/p>\n\n\n\n<div class=\"wp-block-file\"><a href=\"https:\/\/www.hoymercedes.com.ar\/principal\/wp-content\/uploads\/2020\/08\/Aljibe-trabajo-de-investigacion-del-Arq.-JC-Doratti.docx\">Aljibe-trabajo-de-investigacion-del-Arq.-JC-Doratti<\/a><a href=\"https:\/\/www.hoymercedes.com.ar\/principal\/wp-content\/uploads\/2020\/08\/Aljibe-trabajo-de-investigacion-del-Arq.-JC-Doratti.docx\" class=\"wp-block-file__button\" download>Descarga<\/a><\/div>\n","protected":false},"excerpt":{"rendered":"<p>Desde la Comisi\u00f3n de Patrimonio CUNA realizaron las gestiones para que la pieza hist\u00f3rica se trasladada a los jardines del &#8230; <a title=\"Recuperan aljibe del Registro Civil\" class=\"read-more\" href=\"https:\/\/www.hoymercedes.com.ar\/principal\/2020\/08\/28\/recuperan-aljibe-del-registro-civil\/\" aria-label=\"Leer m\u00e1s sobre Recuperan aljibe del Registro Civil\">Leer m\u00e1s<\/a><\/p>\n","protected":false},"author":1,"featured_media":115796,"comment_status":"closed","ping_status":"open","sticky":false,"template":"","format":"standard","meta":{"_monsterinsights_skip_tracking":false,"_monsterinsights_sitenote_active":false,"_monsterinsights_sitenote_note":"","_monsterinsights_sitenote_category":0,"jetpack_post_was_ever_published":false,"_jetpack_newsletter_access":"","_jetpack_dont_email_post_to_subs":false,"_jetpack_newsletter_tier_id":0,"_jetpack_memberships_contains_paywalled_content":false,"_jetpack_memberships_contains_paid_content":false,"footnotes":"","jetpack_publicize_message":"","jetpack_publicize_feature_enabled":true,"jetpack_social_post_already_shared":true,"jetpack_social_options":{"image_generator_settings":{"template":"highway","default_image_id":0,"font":"","enabled":false},"version":2},"_wpas_customize_per_network":false},"categories":[104],"tags":[17005,7805,3766],"class_list":["post-115794","post","type-post","status-publish","format-standard","has-post-thumbnail","hentry","category-cultura","tag-aljibe-registro-civil","tag-cultura","tag-museo-miguez","generate-columns","tablet-grid-50","mobile-grid-100","grid-parent","grid-50"],"jetpack_publicize_connections":[],"jetpack_featured_media_url":"https:\/\/www.hoymercedes.com.ar\/principal\/wp-content\/uploads\/2020\/08\/Fue-trasladado-al-museo-con-ayuda-de-maquinaria.jpeg","wps_subtitle":"Trasladado al M\u00edguez","jetpack_sharing_enabled":true,"_links":{"self":[{"href":"https:\/\/www.hoymercedes.com.ar\/principal\/wp-json\/wp\/v2\/posts\/115794","targetHints":{"allow":["GET"]}}],"collection":[{"href":"https:\/\/www.hoymercedes.com.ar\/principal\/wp-json\/wp\/v2\/posts"}],"about":[{"href":"https:\/\/www.hoymercedes.com.ar\/principal\/wp-json\/wp\/v2\/types\/post"}],"author":[{"embeddable":true,"href":"https:\/\/www.hoymercedes.com.ar\/principal\/wp-json\/wp\/v2\/users\/1"}],"replies":[{"embeddable":true,"href":"https:\/\/www.hoymercedes.com.ar\/principal\/wp-json\/wp\/v2\/comments?post=115794"}],"version-history":[{"count":0,"href":"https:\/\/www.hoymercedes.com.ar\/principal\/wp-json\/wp\/v2\/posts\/115794\/revisions"}],"wp:featuredmedia":[{"embeddable":true,"href":"https:\/\/www.hoymercedes.com.ar\/principal\/wp-json\/wp\/v2\/media\/115796"}],"wp:attachment":[{"href":"https:\/\/www.hoymercedes.com.ar\/principal\/wp-json\/wp\/v2\/media?parent=115794"}],"wp:term":[{"taxonomy":"category","embeddable":true,"href":"https:\/\/www.hoymercedes.com.ar\/principal\/wp-json\/wp\/v2\/categories?post=115794"},{"taxonomy":"post_tag","embeddable":true,"href":"https:\/\/www.hoymercedes.com.ar\/principal\/wp-json\/wp\/v2\/tags?post=115794"}],"curies":[{"name":"wp","href":"https:\/\/api.w.org\/{rel}","templated":true}]}}