{"id":115834,"date":"2020-08-29T09:33:33","date_gmt":"2020-08-29T12:33:33","guid":{"rendered":"http:\/\/www.hoymercedes.com.ar\/principal\/?p=115834"},"modified":"2020-08-30T13:05:09","modified_gmt":"2020-08-30T16:05:09","slug":"reunion-virtual-para-posicionar-la-ciudad-como-destino-turistico","status":"publish","type":"post","link":"https:\/\/www.hoymercedes.com.ar\/principal\/2020\/08\/29\/reunion-virtual-para-posicionar-la-ciudad-como-destino-turistico\/","title":{"rendered":"Reuni\u00f3n virtual para posicionar la ciudad como destino tur\u00edstico"},"content":{"rendered":"\n<p>Se llev\u00f3 adelante una nueva reuni\u00f3n de trabajo y gesti\u00f3n entre la subsecretar\u00eda de Turismo, integrantes del partido de la Costa, la localidad de Avellaneda y Mercedes. El objetivo de esta, de la cual particip\u00f3 el Director de Turismo Mart\u00edn Boragno, fue la b\u00fasqueda de la integraci\u00f3n de la ciudad a un portal y una app de difusi\u00f3n de actividades culturales que tiene como principal desarrollador al Partido de la Costa. Es un dispositivo m\u00e1s pensando en la post pandemia. \u00a0<\/p>\n\n\n\n<div class=\"wp-block-image\"><figure class=\"aligncenter size-large\"><img loading=\"lazy\" decoding=\"async\" width=\"834\" height=\"508\" data-attachment-id=\"115835\" data-permalink=\"https:\/\/www.hoymercedes.com.ar\/principal\/2020\/08\/29\/reunion-virtual-para-posicionar-la-ciudad-como-destino-turistico\/recreo\/#main\" data-orig-file=\"https:\/\/www.hoymercedes.com.ar\/principal\/wp-content\/uploads\/2020\/08\/Recreo.jpeg\" data-orig-size=\"834,508\" data-comments-opened=\"0\" data-image-meta=\"{&quot;aperture&quot;:&quot;0&quot;,&quot;credit&quot;:&quot;&quot;,&quot;camera&quot;:&quot;&quot;,&quot;caption&quot;:&quot;&quot;,&quot;created_timestamp&quot;:&quot;0&quot;,&quot;copyright&quot;:&quot;&quot;,&quot;focal_length&quot;:&quot;0&quot;,&quot;iso&quot;:&quot;0&quot;,&quot;shutter_speed&quot;:&quot;0&quot;,&quot;title&quot;:&quot;&quot;,&quot;orientation&quot;:&quot;0&quot;}\" data-image-title=\"Recreo\" data-image-description=\"\" data-image-caption=\"\" data-large-file=\"https:\/\/www.hoymercedes.com.ar\/principal\/wp-content\/uploads\/2020\/08\/Recreo.jpeg\" src=\"https:\/\/www.hoymercedes.com.ar\/principal\/wp-content\/uploads\/2020\/08\/Recreo.jpeg\" alt=\"\" class=\"wp-image-115835\"\/><\/figure><\/div>\n\n\n\n<p>Esta es una experiencia piloto a la cual se ir\u00e1n incorporando municipios de manera paulatina. Nuestra ciudad, tras la gesti\u00f3n del intendente Juan Ignacio Ustarroz, fue seleccionada para integrar la misma. Uno de los principales puntos destacados fue el gran trabajo y la experiencia adquirida en los \u00faltimos a\u00f1os a nivel cultural y tur\u00edstico, algo que encolumna a la ciudad como una de las mejores a nivel provincial en este sentido. &nbsp;<\/p>\n\n\n\n<p>La reuni\u00f3n se realiz\u00f3 v\u00eda teleconferencia en horas de la ma\u00f1ana de este viernes, donde se ajustaron los detalles para la incorporaci\u00f3n de las ofertas gastron\u00f3micas, tur\u00edsticas y culturales que tiene nuestra ciudad.&nbsp;&nbsp;&nbsp;&nbsp;&nbsp;&nbsp;<\/p>\n\n\n\n<p>Esta iniciativa lo que intenta hacer es crear un mapa donde se visualiza la composici\u00f3n y la distribuci\u00f3n del entramado Tur\u00edstico-cultural bonaerense, el cual potenciar\u00e1 y fortalecer\u00e1 a nuestra ciudad como un importante destino tur\u00edstico dentro de la provincia de Buenos Aires. \u00a0<\/p>\n\n\n\n<p>Por Prensa Municipal<\/p>\n","protected":false},"excerpt":{"rendered":"<p>Se llev\u00f3 adelante una nueva reuni\u00f3n de trabajo y gesti\u00f3n entre la subsecretar\u00eda de Turismo, integrantes del partido de la &#8230; <a title=\"Reuni\u00f3n virtual para posicionar la ciudad como destino tur\u00edstico\" class=\"read-more\" href=\"https:\/\/www.hoymercedes.com.ar\/principal\/2020\/08\/29\/reunion-virtual-para-posicionar-la-ciudad-como-destino-turistico\/\" aria-label=\"Leer m\u00e1s sobre Reuni\u00f3n virtual para posicionar la ciudad como destino tur\u00edstico\">Leer m\u00e1s<\/a><\/p>\n","protected":false},"author":1,"featured_media":115835,"comment_status":"closed","ping_status":"open","sticky":false,"template":"","format":"standard","meta":{"_monsterinsights_skip_tracking":false,"_monsterinsights_sitenote_active":false,"_monsterinsights_sitenote_note":"","_monsterinsights_sitenote_category":0,"jetpack_post_was_ever_published":false,"_jetpack_newsletter_access":"","_jetpack_dont_email_post_to_subs":false,"_jetpack_newsletter_tier_id":0,"_jetpack_memberships_contains_paywalled_content":false,"_jetpack_memberships_contains_paid_content":false,"footnotes":"","jetpack_publicize_message":"","jetpack_publicize_feature_enabled":true,"jetpack_social_post_already_shared":true,"jetpack_social_options":{"image_generator_settings":{"template":"highway","default_image_id":0,"font":"","enabled":false},"version":2},"_wpas_customize_per_network":false},"categories":[30],"tags":[244,17004],"class_list":["post-115834","post","type-post","status-publish","format-standard","has-post-thumbnail","hentry","category-municipio","tag-municipio-2","tag-reunion-virtual","generate-columns","tablet-grid-50","mobile-grid-100","grid-parent","grid-50"],"jetpack_publicize_connections":[],"jetpack_featured_media_url":"https:\/\/www.hoymercedes.com.ar\/principal\/wp-content\/uploads\/2020\/08\/Recreo.jpeg","wps_subtitle":"Aplicaci\u00f3n Recreo","jetpack_sharing_enabled":true,"_links":{"self":[{"href":"https:\/\/www.hoymercedes.com.ar\/principal\/wp-json\/wp\/v2\/posts\/115834","targetHints":{"allow":["GET"]}}],"collection":[{"href":"https:\/\/www.hoymercedes.com.ar\/principal\/wp-json\/wp\/v2\/posts"}],"about":[{"href":"https:\/\/www.hoymercedes.com.ar\/principal\/wp-json\/wp\/v2\/types\/post"}],"author":[{"embeddable":true,"href":"https:\/\/www.hoymercedes.com.ar\/principal\/wp-json\/wp\/v2\/users\/1"}],"replies":[{"embeddable":true,"href":"https:\/\/www.hoymercedes.com.ar\/principal\/wp-json\/wp\/v2\/comments?post=115834"}],"version-history":[{"count":0,"href":"https:\/\/www.hoymercedes.com.ar\/principal\/wp-json\/wp\/v2\/posts\/115834\/revisions"}],"wp:featuredmedia":[{"embeddable":true,"href":"https:\/\/www.hoymercedes.com.ar\/principal\/wp-json\/wp\/v2\/media\/115835"}],"wp:attachment":[{"href":"https:\/\/www.hoymercedes.com.ar\/principal\/wp-json\/wp\/v2\/media?parent=115834"}],"wp:term":[{"taxonomy":"category","embeddable":true,"href":"https:\/\/www.hoymercedes.com.ar\/principal\/wp-json\/wp\/v2\/categories?post=115834"},{"taxonomy":"post_tag","embeddable":true,"href":"https:\/\/www.hoymercedes.com.ar\/principal\/wp-json\/wp\/v2\/tags?post=115834"}],"curies":[{"name":"wp","href":"https:\/\/api.w.org\/{rel}","templated":true}]}}