{"id":115874,"date":"2020-08-29T18:12:29","date_gmt":"2020-08-29T21:12:29","guid":{"rendered":"http:\/\/www.hoymercedes.com.ar\/principal\/?p=115874"},"modified":"2020-08-30T13:00:57","modified_gmt":"2020-08-30T16:00:57","slug":"coronavirus-en-mercedes-las-reuniones-en-ambito-privado-como-focos-de-contagios","status":"publish","type":"post","link":"https:\/\/www.hoymercedes.com.ar\/principal\/2020\/08\/29\/coronavirus-en-mercedes-las-reuniones-en-ambito-privado-como-focos-de-contagios\/","title":{"rendered":"Coronavirus en Mercedes: Las reuniones en \u00e1mbito privado como focos de contagios"},"content":{"rendered":"\n<p>A trav\u00e9s de una transmisi\u00f3n en las redes sociales, en la tarde del s\u00e1bado el Intendente de Mercedes Juan Ignacio Ustarroz y el Director del Hospital Blas L. Dubarry, el m\u00e9dico Pablo Cassiani, expusieron la situaci\u00f3n epidemiol\u00f3gica actual en cuanto a la propagaci\u00f3n del covid-19. Pidieron responsabilidad y solidaridad, tras el crecimiento de la cantidad de casos en el mes de agosto. Asimismo, destacaron la importancia de respetar las normas socio sanitarias, no reunirse en el \u00e1mbito privado y ser conscientes \u00abque el virus est\u00e1 entre nosotros, afectando especialmente a los sectores de vulnerabilidad\u00bb, ya que \u00abla gran mayoria de los contagios se da en el encuentro desde el \u00e1mbito privado\u00bb.<\/p>\n\n\n\n<div class=\"wp-block-image\"><figure class=\"aligncenter size-large\"><img loading=\"lazy\" decoding=\"async\" width=\"800\" height=\"450\" data-attachment-id=\"115875\" data-permalink=\"https:\/\/www.hoymercedes.com.ar\/principal\/2020\/08\/29\/coronavirus-en-mercedes-las-reuniones-en-ambito-privado-como-focos-de-contagios\/29-muni-covid\/#main\" data-orig-file=\"https:\/\/www.hoymercedes.com.ar\/principal\/wp-content\/uploads\/2020\/08\/29-muni-covid.png\" data-orig-size=\"800,450\" data-comments-opened=\"0\" data-image-meta=\"{&quot;aperture&quot;:&quot;0&quot;,&quot;credit&quot;:&quot;&quot;,&quot;camera&quot;:&quot;&quot;,&quot;caption&quot;:&quot;&quot;,&quot;created_timestamp&quot;:&quot;0&quot;,&quot;copyright&quot;:&quot;&quot;,&quot;focal_length&quot;:&quot;0&quot;,&quot;iso&quot;:&quot;0&quot;,&quot;shutter_speed&quot;:&quot;0&quot;,&quot;title&quot;:&quot;&quot;,&quot;orientation&quot;:&quot;0&quot;}\" data-image-title=\"29 muni covid\" data-image-description=\"\" data-image-caption=\"\" data-large-file=\"https:\/\/www.hoymercedes.com.ar\/principal\/wp-content\/uploads\/2020\/08\/29-muni-covid.png\" src=\"https:\/\/www.hoymercedes.com.ar\/principal\/wp-content\/uploads\/2020\/08\/29-muni-covid.png\" alt=\"\" class=\"wp-image-115875\"\/><\/figure><\/div>\n\n\n\n<p>El responsable del \u00e1rea de salud del Municipio y del Hospital dio cuenta de los n\u00fameros estad\u00edsticos en el orden los. \u00abEn una semana la situaci\u00f3n epidemiol\u00f3gica se modific\u00f3 de la siguiente forma. Hace 14 d\u00edas ten\u00edamos 484 casos y hoy 626 lo que significa un incremento del 29%. El 15 de agosto anunci\u00e1bamos 1 y ayer anunciamos 17 y activos 37 para tener ahora 130, siendo un incremento del 300% con 9 fallecidos y hoy 11. El indicador que m\u00e1s preocupa es el activo, porque es le susceptible de generar contagio\u201d, expres\u00f3. <\/p>\n\n\n\n<p>\u201cEn la segunda semana de julio ve\u00edamos un pico, luego decrecieron y muchos se entusiasmaron, pero dec\u00edamos y sab\u00edamos que no era posible tener una curva baja por tres razones. La primera es la alt\u00edsima transmisibilidad del virus. El R expone la capacidad de medir el contagio. La segunda caracter\u00edstica es lo social y el alto nivel de reunionismo que hay en Mercedes y es causa de contagio, con el 90% de contagio de los casos, desde un almuerzo, un festejo, un almuerzo o cena porque ah\u00ed no se puede mantener distancia. El tercer punto es el contacto con AMBA. Somos frontera y m\u00e1s de 1500 mercedinos diariamente viajan, lo que genera sea un foco abierto constante\u201d agreg\u00f3 el m\u00e9dico.<\/p>\n\n\n\n<p>M\u00e1s adelante sostuvo que \u201chace m\u00e1s de 4 o 5 semanas se mantiene estable la cantidad de pacientes con nexo epidemiol\u00f3gico. El 91% los tiene, siendo el 9% al no se le detecta. Significa que cada 10 pacientes 9 sabemos de d\u00f3nde lo obtiene y ese 1 que no sabemos permite sospechar que eventualmente haya transmisi\u00f3n comunitaria y que el riesgo de contagio est\u00e9 en cualquier lugar por eso es fundamental cuidar los metidos de higiene en todos los lugares que estamos\u201d<\/p>\n\n\n\n<p>\u00abEl sistema de salud mejor\u00f3 notablemente, pero no es ilimitado, tenemos el 67% de las camas de terapia intensiva ocupadas. No todos son covid, algunos s\u00ed, otros de otras patolog\u00edas. El promedio de edad de los internados es de 60 a\u00f1os en nuestro hospital y s\u00f3lo 1 en respirador, pero no es por covid, es por un politraumatismo. En el \u00faltimo tiempo logramos un aumento del 360% de las camas y si la comunidad no hubiera dado ese aumento tendr\u00edamos ahora un d\u00e9ficit de 7 camas. Cada paciente positivo tiene un operador m\u00e9dico y otro no m\u00e9dico, con m\u00e1s de 90 tele operadores y dos centros de aislamiento con casi 190 camas y un centro de testeo que tiene un alt\u00edsimo nivel de respuesta. Esta es una oportunidad de trabajar con un sistema\u201d<\/p>\n\n\n\n<p>Es as\u00ed que el m\u00e9dico record\u00f3 las medidas para evitar los contagios: \u00abDebemos mantener el distanciamiento, usar cubre boca, lavarnos las manos, usar alcohol en gel y fundamentalmente evitar el reunionismo. La gran cantidad de contagio se da en las casas. Apelamos al compromiso de las familias para cuidar sobre todo a las poblaciones m\u00e1s vulnerables que son los adultos mayores que sufren las consecuencias de esta pandemia\u201d<\/p>\n\n\n\n<figure class=\"wp-block-gallery columns-2 is-cropped wp-block-gallery-1 is-layout-flex wp-block-gallery-is-layout-flex\"><ul class=\"blocks-gallery-grid\"><li class=\"blocks-gallery-item\"><figure><a href=\"https:\/\/www.hoymercedes.com.ar\/principal\/wp-content\/uploads\/2020\/08\/WhatsApp-Image-2020-08-29-at-17.33.23-1.jpeg\"><img loading=\"lazy\" decoding=\"async\" width=\"800\" height=\"450\" data-attachment-id=\"115880\" data-permalink=\"https:\/\/www.hoymercedes.com.ar\/principal\/2020\/08\/29\/coronavirus-en-mercedes-las-reuniones-en-ambito-privado-como-focos-de-contagios\/whatsapp-image-2020-08-29-at-17-33-23-1\/#main\" data-orig-file=\"https:\/\/www.hoymercedes.com.ar\/principal\/wp-content\/uploads\/2020\/08\/WhatsApp-Image-2020-08-29-at-17.33.23-1.jpeg\" data-orig-size=\"800,450\" data-comments-opened=\"0\" data-image-meta=\"{&quot;aperture&quot;:&quot;0&quot;,&quot;credit&quot;:&quot;&quot;,&quot;camera&quot;:&quot;&quot;,&quot;caption&quot;:&quot;&quot;,&quot;created_timestamp&quot;:&quot;0&quot;,&quot;copyright&quot;:&quot;&quot;,&quot;focal_length&quot;:&quot;0&quot;,&quot;iso&quot;:&quot;0&quot;,&quot;shutter_speed&quot;:&quot;0&quot;,&quot;title&quot;:&quot;&quot;,&quot;orientation&quot;:&quot;0&quot;}\" data-image-title=\"WhatsApp-Image-2020-08-29-at-17.33.23-1\" data-image-description=\"\" data-image-caption=\"\" data-large-file=\"https:\/\/www.hoymercedes.com.ar\/principal\/wp-content\/uploads\/2020\/08\/WhatsApp-Image-2020-08-29-at-17.33.23-1.jpeg\" src=\"https:\/\/www.hoymercedes.com.ar\/principal\/wp-content\/uploads\/2020\/08\/WhatsApp-Image-2020-08-29-at-17.33.23-1.jpeg\" alt=\"\" data-id=\"115880\" data-full-url=\"https:\/\/www.hoymercedes.com.ar\/principal\/wp-content\/uploads\/2020\/08\/WhatsApp-Image-2020-08-29-at-17.33.23-1.jpeg\" data-link=\"https:\/\/www.hoymercedes.com.ar\/principal\/?attachment_id=115880\" class=\"wp-image-115880\"\/><\/a><\/figure><\/li><li class=\"blocks-gallery-item\"><figure><a href=\"https:\/\/www.hoymercedes.com.ar\/principal\/wp-content\/uploads\/2020\/08\/WhatsApp-Image-2020-08-29-at-17.33.24.jpeg\"><img loading=\"lazy\" decoding=\"async\" width=\"800\" height=\"450\" data-attachment-id=\"115879\" data-permalink=\"https:\/\/www.hoymercedes.com.ar\/principal\/2020\/08\/29\/coronavirus-en-mercedes-las-reuniones-en-ambito-privado-como-focos-de-contagios\/whatsapp-image-2020-08-29-at-17-33-24\/#main\" data-orig-file=\"https:\/\/www.hoymercedes.com.ar\/principal\/wp-content\/uploads\/2020\/08\/WhatsApp-Image-2020-08-29-at-17.33.24.jpeg\" data-orig-size=\"800,450\" data-comments-opened=\"0\" data-image-meta=\"{&quot;aperture&quot;:&quot;0&quot;,&quot;credit&quot;:&quot;&quot;,&quot;camera&quot;:&quot;&quot;,&quot;caption&quot;:&quot;&quot;,&quot;created_timestamp&quot;:&quot;0&quot;,&quot;copyright&quot;:&quot;&quot;,&quot;focal_length&quot;:&quot;0&quot;,&quot;iso&quot;:&quot;0&quot;,&quot;shutter_speed&quot;:&quot;0&quot;,&quot;title&quot;:&quot;&quot;,&quot;orientation&quot;:&quot;0&quot;}\" data-image-title=\"WhatsApp-Image-2020-08-29-at-17.33.24\" data-image-description=\"\" data-image-caption=\"\" data-large-file=\"https:\/\/www.hoymercedes.com.ar\/principal\/wp-content\/uploads\/2020\/08\/WhatsApp-Image-2020-08-29-at-17.33.24.jpeg\" src=\"https:\/\/www.hoymercedes.com.ar\/principal\/wp-content\/uploads\/2020\/08\/WhatsApp-Image-2020-08-29-at-17.33.24.jpeg\" alt=\"\" data-id=\"115879\" data-full-url=\"https:\/\/www.hoymercedes.com.ar\/principal\/wp-content\/uploads\/2020\/08\/WhatsApp-Image-2020-08-29-at-17.33.24.jpeg\" data-link=\"https:\/\/www.hoymercedes.com.ar\/principal\/?attachment_id=115879\" class=\"wp-image-115879\"\/><\/a><\/figure><\/li><li class=\"blocks-gallery-item\"><figure><a href=\"https:\/\/www.hoymercedes.com.ar\/principal\/wp-content\/uploads\/2020\/08\/WhatsApp-Image-2020-08-29-at-17.33.23.jpeg\"><img loading=\"lazy\" decoding=\"async\" width=\"800\" height=\"450\" data-attachment-id=\"115878\" data-permalink=\"https:\/\/www.hoymercedes.com.ar\/principal\/2020\/08\/29\/coronavirus-en-mercedes-las-reuniones-en-ambito-privado-como-focos-de-contagios\/whatsapp-image-2020-08-29-at-17-33-23\/#main\" data-orig-file=\"https:\/\/www.hoymercedes.com.ar\/principal\/wp-content\/uploads\/2020\/08\/WhatsApp-Image-2020-08-29-at-17.33.23.jpeg\" data-orig-size=\"800,450\" data-comments-opened=\"0\" data-image-meta=\"{&quot;aperture&quot;:&quot;0&quot;,&quot;credit&quot;:&quot;&quot;,&quot;camera&quot;:&quot;&quot;,&quot;caption&quot;:&quot;&quot;,&quot;created_timestamp&quot;:&quot;0&quot;,&quot;copyright&quot;:&quot;&quot;,&quot;focal_length&quot;:&quot;0&quot;,&quot;iso&quot;:&quot;0&quot;,&quot;shutter_speed&quot;:&quot;0&quot;,&quot;title&quot;:&quot;&quot;,&quot;orientation&quot;:&quot;0&quot;}\" data-image-title=\"WhatsApp-Image-2020-08-29-at-17.33.23\" data-image-description=\"\" data-image-caption=\"\" data-large-file=\"https:\/\/www.hoymercedes.com.ar\/principal\/wp-content\/uploads\/2020\/08\/WhatsApp-Image-2020-08-29-at-17.33.23.jpeg\" src=\"https:\/\/www.hoymercedes.com.ar\/principal\/wp-content\/uploads\/2020\/08\/WhatsApp-Image-2020-08-29-at-17.33.23.jpeg\" alt=\"\" data-id=\"115878\" data-full-url=\"https:\/\/www.hoymercedes.com.ar\/principal\/wp-content\/uploads\/2020\/08\/WhatsApp-Image-2020-08-29-at-17.33.23.jpeg\" data-link=\"https:\/\/www.hoymercedes.com.ar\/principal\/?attachment_id=115878\" class=\"wp-image-115878\"\/><\/a><\/figure><\/li><li class=\"blocks-gallery-item\"><figure><a href=\"https:\/\/www.hoymercedes.com.ar\/principal\/wp-content\/uploads\/2020\/08\/WhatsApp-Image-2020-08-29-at-17.33.23-2.jpeg\"><img loading=\"lazy\" decoding=\"async\" width=\"800\" height=\"450\" data-attachment-id=\"115876\" data-permalink=\"https:\/\/www.hoymercedes.com.ar\/principal\/2020\/08\/29\/coronavirus-en-mercedes-las-reuniones-en-ambito-privado-como-focos-de-contagios\/whatsapp-image-2020-08-29-at-17-33-23-2\/#main\" data-orig-file=\"https:\/\/www.hoymercedes.com.ar\/principal\/wp-content\/uploads\/2020\/08\/WhatsApp-Image-2020-08-29-at-17.33.23-2.jpeg\" data-orig-size=\"800,450\" data-comments-opened=\"0\" data-image-meta=\"{&quot;aperture&quot;:&quot;0&quot;,&quot;credit&quot;:&quot;&quot;,&quot;camera&quot;:&quot;&quot;,&quot;caption&quot;:&quot;&quot;,&quot;created_timestamp&quot;:&quot;0&quot;,&quot;copyright&quot;:&quot;&quot;,&quot;focal_length&quot;:&quot;0&quot;,&quot;iso&quot;:&quot;0&quot;,&quot;shutter_speed&quot;:&quot;0&quot;,&quot;title&quot;:&quot;&quot;,&quot;orientation&quot;:&quot;0&quot;}\" data-image-title=\"WhatsApp-Image-2020-08-29-at-17.33.23-2\" data-image-description=\"\" data-image-caption=\"\" data-large-file=\"https:\/\/www.hoymercedes.com.ar\/principal\/wp-content\/uploads\/2020\/08\/WhatsApp-Image-2020-08-29-at-17.33.23-2.jpeg\" src=\"https:\/\/www.hoymercedes.com.ar\/principal\/wp-content\/uploads\/2020\/08\/WhatsApp-Image-2020-08-29-at-17.33.23-2.jpeg\" alt=\"\" data-id=\"115876\" data-full-url=\"https:\/\/www.hoymercedes.com.ar\/principal\/wp-content\/uploads\/2020\/08\/WhatsApp-Image-2020-08-29-at-17.33.23-2.jpeg\" data-link=\"https:\/\/www.hoymercedes.com.ar\/principal\/?attachment_id=115876\" class=\"wp-image-115876\"\/><\/a><\/figure><\/li><\/ul><\/figure>\n\n\n\n<p><strong>Caso particular<\/strong><\/p>\n\n\n\n<p>Por su parte, el intendente Ustarroz dio cuenta de  \u201cun caso real\u00bb de esta \u00faltima semana, \u00abNo para juzgar, sino para comprender, reflexionar y aprender, para seguir un camino y no perder el rumbo\u201d, explic\u00f3. A lo que cont\u00f3 la historia de un repartidor que ante los primers s\u00edntomas se hizo presente en el hospital, dio positivo y debieron analizar y prevenir a todos los vecinos comerciantes que hab\u00edan estado con \u00e9l los d\u00edas previos, as\u00ed como a su familia, de los cuales su madre dio positivo y esperan otros resultados. <\/p>\n\n\n\n<p>\u201cUn trabajador, que es repartidor de comercios en nuestra ciudad, fue a trabajar con total normalidad y al sentir s\u00edntomas por la tarde acude al hospital y lo hisopan. Luego le confirman que era portador del virus. Este persona con s\u00edntomas va al hospital, algo necesario y positivo y que habla de la responsabilidad de la gente a la hora de requerir los servicios de salud. Se hisop\u00f3 y a las 24 horas obtuvo el resultado positivo\u201d cont\u00f3 el Jefe Comunal<\/p>\n\n\n\n<p>\u00abLuego del resultado, se le hizo una entrevista, y como su funci\u00f3n es repartir mercader\u00eda con v\u00ednculos en comercio, da con total exactitud m\u00e1s de 30 comercios. Desde el municipio se fue a cada comercio, se cheque\u00f3 con los que ten\u00edan c\u00e1maras el v\u00ednculo, se analiz\u00f3, se observ\u00f3 el cumplimiento de los protocolos, para inmediatamente, a un grupo hisoparlos que dieron negativos y ahora siguen en situaci\u00f3n de aislamiento. El mismo d\u00eda de trabajo la persona almuerza con su madre. Quien da positivo al d\u00eda siguiente\u201d, agreg\u00f3 Ustarroz. <\/p>\n\n\n\n<p>Ante ello coment\u00f3 que \u201cEl Estado va por detr\u00e1s del COVID. Ya pasamos como ciudad la etapa prevenci\u00f3n y contenci\u00f3n del COVID, buscando el virus no ingrese a la ciudad. La barrera para que no ingrese. Ahora estamos en la Mitigaci\u00f3n para buscar reducir el da\u00f1o que el virus puede generar en nuestra gente\u201d y \u201cpara lo cual se testea, se rastrea, se a\u00edsla a las personas las personas con COVID y sus v\u00ednculos estrechos y en el caso que la persona requiera cuidados m\u00e9dicos se la interna en el Hospital o la cl\u00ednica o en el centro de aislamiento\u201d coment\u00f3 y destac\u00f3 que \u201choy tenemos un sistema que funciona\u201d sin embargo \u201ces fundamental extremar y seguir las pol\u00edticas de prevenci\u00f3n y cuidados. Justamente para no colapsar ese sistema de salud y poder evitar los contagios. Es totalmente necesario apelar permanentemente y constantemente a la responsabilidad de nuestros ciudadanos\u201d coment\u00f3.<\/p>\n\n\n\n<p>Antes de finalizar sostuvo que \u201calgo que venimos insistiendo y que lamentablemente corroboramos respecto al \u00e1mbito privado y es que las personas se juntan en lugares cerrados y este es un gran foco de contagios. Por eso el presidente sostuvo con muy buen tino que es fundamental y es remarcar que est\u00e1n prohibidas las reuniones privadas, como le est\u00e1 vedada la posibilidad a los chicos ir a la Escuela\u201d y \u201ctodos queremos avanzar hacia una nueva normalidad y debemos aprender, paso a paso, a convivir con el Virus. Sabemos que el cuadro de situaci\u00f3n es complejo, debemos ser conscientes de la situaci\u00f3n que vivimos, y actuar en consecuencia: con responsabilidad, solidaridad y mucha unidad. As\u00ed vamos a poder sobre llevar estos tiempos dif\u00edciles que nos toca atravesar\u201d<\/p>\n\n\n\n<figure class=\"wp-block-embed-facebook wp-block-embed is-type-video is-provider-facebook\"><div class=\"wp-block-embed__wrapper\">\n<div class=\"fb-video\" data-allowfullscreen=\"true\" data-href=\"https:\/\/www.facebook.com\/munimercedes\/videos\/344292786755330\/\" style=\"background-color: #fff; display: inline-block;\"><\/div>\n<\/div><\/figure>\n","protected":false},"excerpt":{"rendered":"<p>A trav\u00e9s de una transmisi\u00f3n en las redes sociales, en la tarde del s\u00e1bado el Intendente de Mercedes Juan Ignacio &#8230; <a title=\"Coronavirus en Mercedes: Las reuniones en \u00e1mbito privado como focos de contagios\" class=\"read-more\" href=\"https:\/\/www.hoymercedes.com.ar\/principal\/2020\/08\/29\/coronavirus-en-mercedes-las-reuniones-en-ambito-privado-como-focos-de-contagios\/\" aria-label=\"Leer m\u00e1s sobre Coronavirus en Mercedes: Las reuniones en \u00e1mbito privado como focos de contagios\">Leer m\u00e1s<\/a><\/p>\n","protected":false},"author":1,"featured_media":115875,"comment_status":"closed","ping_status":"open","sticky":false,"template":"","format":"standard","meta":{"_monsterinsights_skip_tracking":false,"_monsterinsights_sitenote_active":false,"_monsterinsights_sitenote_note":"","_monsterinsights_sitenote_category":0,"jetpack_post_was_ever_published":false,"_jetpack_newsletter_access":"","_jetpack_dont_email_post_to_subs":false,"_jetpack_newsletter_tier_id":0,"_jetpack_memberships_contains_paywalled_content":false,"_jetpack_memberships_contains_paid_content":false,"footnotes":"","jetpack_publicize_message":"","jetpack_publicize_feature_enabled":true,"jetpack_social_post_already_shared":true,"jetpack_social_options":{"image_generator_settings":{"template":"highway","default_image_id":0,"font":"","enabled":false},"version":2},"_wpas_customize_per_network":false},"categories":[30],"tags":[16175,16313,17010,244,134],"class_list":["post-115874","post","type-post","status-publish","format-standard","has-post-thumbnail","hentry","category-municipio","tag-coronavirus","tag-covid-19","tag-informe-epidemiologico","tag-municipio-2","tag-salud","generate-columns","tablet-grid-50","mobile-grid-100","grid-parent","grid-50"],"jetpack_publicize_connections":[],"jetpack_featured_media_url":"https:\/\/www.hoymercedes.com.ar\/principal\/wp-content\/uploads\/2020\/08\/29-muni-covid.png","wps_subtitle":"Autoridades informan situaci\u00f3n epidemiol\u00f3gica","jetpack_sharing_enabled":true,"_links":{"self":[{"href":"https:\/\/www.hoymercedes.com.ar\/principal\/wp-json\/wp\/v2\/posts\/115874","targetHints":{"allow":["GET"]}}],"collection":[{"href":"https:\/\/www.hoymercedes.com.ar\/principal\/wp-json\/wp\/v2\/posts"}],"about":[{"href":"https:\/\/www.hoymercedes.com.ar\/principal\/wp-json\/wp\/v2\/types\/post"}],"author":[{"embeddable":true,"href":"https:\/\/www.hoymercedes.com.ar\/principal\/wp-json\/wp\/v2\/users\/1"}],"replies":[{"embeddable":true,"href":"https:\/\/www.hoymercedes.com.ar\/principal\/wp-json\/wp\/v2\/comments?post=115874"}],"version-history":[{"count":0,"href":"https:\/\/www.hoymercedes.com.ar\/principal\/wp-json\/wp\/v2\/posts\/115874\/revisions"}],"wp:featuredmedia":[{"embeddable":true,"href":"https:\/\/www.hoymercedes.com.ar\/principal\/wp-json\/wp\/v2\/media\/115875"}],"wp:attachment":[{"href":"https:\/\/www.hoymercedes.com.ar\/principal\/wp-json\/wp\/v2\/media?parent=115874"}],"wp:term":[{"taxonomy":"category","embeddable":true,"href":"https:\/\/www.hoymercedes.com.ar\/principal\/wp-json\/wp\/v2\/categories?post=115874"},{"taxonomy":"post_tag","embeddable":true,"href":"https:\/\/www.hoymercedes.com.ar\/principal\/wp-json\/wp\/v2\/tags?post=115874"}],"curies":[{"name":"wp","href":"https:\/\/api.w.org\/{rel}","templated":true}]}}