{"id":115885,"date":"2020-08-29T23:05:24","date_gmt":"2020-08-30T02:05:24","guid":{"rendered":"http:\/\/www.hoymercedes.com.ar\/principal\/?p=115885"},"modified":"2020-08-30T13:00:01","modified_gmt":"2020-08-30T16:00:01","slug":"coronavirus-mujer-fallece-con-covid-19-y-confirman-17-nuevos-positivos","status":"publish","type":"post","link":"https:\/\/www.hoymercedes.com.ar\/principal\/2020\/08\/29\/coronavirus-mujer-fallece-con-covid-19-y-confirman-17-nuevos-positivos\/","title":{"rendered":"Coronavirus: Mujer fallece con covid-19 y confirman 17 nuevos positivos"},"content":{"rendered":"\n<p>En la noche del s\u00e1bado, las autoridades de la ciudad de Mercedes comunicaron el fallecimiento de una paciente de 78 a\u00f1os de edad portadora del virus SARS-cov2. Asimismo, confirmaron que 17 personas obtuvieron resultado positivo de covid-19 entre los 53 test realizados este d\u00eda. <\/p>\n\n\n\n<div class=\"wp-block-image\"><figure class=\"aligncenter size-large\"><img loading=\"lazy\" decoding=\"async\" width=\"900\" height=\"900\" data-attachment-id=\"115894\" data-permalink=\"https:\/\/www.hoymercedes.com.ar\/principal\/2020\/08\/29\/coronavirus-mujer-fallece-con-covid-19-y-confirman-17-nuevos-positivos\/whatsapp-image-2020-08-29-at-22-30-24\/#main\" data-orig-file=\"https:\/\/www.hoymercedes.com.ar\/principal\/wp-content\/uploads\/2020\/08\/WhatsApp-Image-2020-08-29-at-22.30.24.jpeg\" data-orig-size=\"900,900\" data-comments-opened=\"0\" data-image-meta=\"{&quot;aperture&quot;:&quot;0&quot;,&quot;credit&quot;:&quot;&quot;,&quot;camera&quot;:&quot;&quot;,&quot;caption&quot;:&quot;&quot;,&quot;created_timestamp&quot;:&quot;0&quot;,&quot;copyright&quot;:&quot;&quot;,&quot;focal_length&quot;:&quot;0&quot;,&quot;iso&quot;:&quot;0&quot;,&quot;shutter_speed&quot;:&quot;0&quot;,&quot;title&quot;:&quot;&quot;,&quot;orientation&quot;:&quot;0&quot;}\" data-image-title=\"WhatsApp Image 2020-08-29 at 22.30.24\" data-image-description=\"\" data-image-caption=\"\" data-large-file=\"https:\/\/www.hoymercedes.com.ar\/principal\/wp-content\/uploads\/2020\/08\/WhatsApp-Image-2020-08-29-at-22.30.24.jpeg\" src=\"https:\/\/www.hoymercedes.com.ar\/principal\/wp-content\/uploads\/2020\/08\/WhatsApp-Image-2020-08-29-at-22.30.24.jpeg\" alt=\"\" class=\"wp-image-115894\"\/><\/figure><\/div>\n\n\n\n<p>El informe del Municipio de Mercedes y el Hospital Blas L. Dubarry expresa: <\/p>\n\n\n\n<p>\u00abEn el d\u00eda de la fecha el Laboratorio de Virolog\u00eda Molecular Municipal por medio de los procesos cient\u00edficos que lleva adelante cotidianamente detect\u00f3 17 nuevos casos para covid-19.<br>Los casos tienen su ra\u00edz epidemiol\u00f3gica y correspondiente trabajo de rastreo y seguimiento.<br>Lamentamos informar el fallecimiento de una paciente de 78 a\u00f1os de edad portadora del virus.<br>Al d\u00eda de la fecha tenemos 144 casos activos y 643 desde iniciada la pandemia con 488 pacientes recuperados del virus.<br>En seguimiento por contacto estrecho contin\u00faan a instancias del Centro de Teleseguimiento con 93 operadores socio sanitarios 670 mercedinos.<br>En cuanto al Centro de Aislamiento Sanitario II con todas las normas socio sanitarias y un fuerte trabajo de Salud, Protecci\u00f3n Civil, SAME, Seguridad, Desarrollo Social y Servicios P\u00fablicos posee a 8 pacientes alojados, aislados y monitoreados\u00bb.<\/p>\n\n\n\n<p><strong>Informe nacional<\/strong><\/p>\n\n\n\n<p>En el \u00e1mbito nacional, este s\u00e1bado confirmaron 9.230 nuevos casos de COVID-19. Del total de la jornada, la provincia de Buenos Aires sum\u00f3 5.545; la Ciudad de Buenos Aires 1.195; Chaco 98; Chubut 43; C\u00f3rdoba 337; Corrientes 8; Entre R\u00edos 125; Jujuy 321; La Pampa 6; La Rioja 28; Mendoza 290; Misiones 1; Neuqu\u00e9n 77; R\u00edo Negro 188; Salta 182; San Juan 13; San Luis 25; Santa Cruz 32; Santa Fe 406; Santiago del Estero 52; Tierra del Fuego 35 y Tucum\u00e1n 223. Con estos registros, suman 401.239 positivos en el pa\u00eds.<\/p>\n\n\n\n<p>Este s\u00e1bado se sumaron 82 fallecimientos en todo el pa\u00eds. En el informe matutino confirmaron los primeros 34: 22 hombres, 14 residentes en la provincia de Buenos Aires; 7 residentes en la Ciudad de Buenos Aires; y un residente en la provincia de Santa F\u00e9) y 12 mujeres (6 residentes en la provincia de Buenos Aires; 5 residentes en la Ciudad de Buenos Aires; y una residente en la provincia de Chaco).<\/p>\n\n\n\n<p>En el informe vespertino, confirmaron las restantes: 34 hombres (14 residentes en la provincia de Buenos Aires; 10 residentes en la Ciudad de Buenos Aires; un residente en la provincia de Chaco; 4 residentes en la provincia de C\u00f3rdoba; 2 residentes en la provincia de R\u00edo Negro; un residente en la provincia de Santiago del Estero; y 2 residentes en la provincia de Tierra del Fuego) y 14 mujeres (7 residentes en la provincia de Buenos Aires; 3 residentes en la Ciudad de Buenos Aires; 2 residentes en la provincia de C\u00f3rdoba; y 2 residentes en la provincia de Santiago del Estero). Al momento la cantidad de personas fallecidas es 8.353.<\/p>\n","protected":false},"excerpt":{"rendered":"<p>En la noche del s\u00e1bado, las autoridades de la ciudad de Mercedes comunicaron el fallecimiento de una paciente de 78 &#8230; <a title=\"Coronavirus: Mujer fallece con covid-19 y confirman 17 nuevos positivos\" class=\"read-more\" href=\"https:\/\/www.hoymercedes.com.ar\/principal\/2020\/08\/29\/coronavirus-mujer-fallece-con-covid-19-y-confirman-17-nuevos-positivos\/\" aria-label=\"Leer m\u00e1s sobre Coronavirus: Mujer fallece con covid-19 y confirman 17 nuevos positivos\">Leer m\u00e1s<\/a><\/p>\n","protected":false},"author":1,"featured_media":115894,"comment_status":"closed","ping_status":"open","sticky":false,"template":"","format":"standard","meta":{"_monsterinsights_skip_tracking":false,"_monsterinsights_sitenote_active":false,"_monsterinsights_sitenote_note":"","_monsterinsights_sitenote_category":0,"jetpack_post_was_ever_published":false,"_jetpack_newsletter_access":"","_jetpack_dont_email_post_to_subs":false,"_jetpack_newsletter_tier_id":0,"_jetpack_memberships_contains_paywalled_content":false,"_jetpack_memberships_contains_paid_content":false,"footnotes":"","jetpack_publicize_message":"","jetpack_publicize_feature_enabled":true,"jetpack_social_post_already_shared":true,"jetpack_social_options":{"image_generator_settings":{"template":"highway","default_image_id":0,"font":"","enabled":false},"version":2},"_wpas_customize_per_network":false},"categories":[9791],"tags":[16939,16561,17009,16313,8777,134],"class_list":["post-115885","post","type-post","status-publish","format-standard","has-post-thumbnail","hentry","category-salud","tag-casos-nuevos","tag-cierre-del-dia","tag-coronavirua","tag-covid-19","tag-fallecimiento","tag-salud","generate-columns","tablet-grid-50","mobile-grid-100","grid-parent","grid-50"],"jetpack_publicize_connections":[],"jetpack_featured_media_url":"https:\/\/www.hoymercedes.com.ar\/principal\/wp-content\/uploads\/2020\/08\/WhatsApp-Image-2020-08-29-at-22.30.24.jpeg","wps_subtitle":"Cierre del d\u00eda","jetpack_sharing_enabled":true,"_links":{"self":[{"href":"https:\/\/www.hoymercedes.com.ar\/principal\/wp-json\/wp\/v2\/posts\/115885","targetHints":{"allow":["GET"]}}],"collection":[{"href":"https:\/\/www.hoymercedes.com.ar\/principal\/wp-json\/wp\/v2\/posts"}],"about":[{"href":"https:\/\/www.hoymercedes.com.ar\/principal\/wp-json\/wp\/v2\/types\/post"}],"author":[{"embeddable":true,"href":"https:\/\/www.hoymercedes.com.ar\/principal\/wp-json\/wp\/v2\/users\/1"}],"replies":[{"embeddable":true,"href":"https:\/\/www.hoymercedes.com.ar\/principal\/wp-json\/wp\/v2\/comments?post=115885"}],"version-history":[{"count":0,"href":"https:\/\/www.hoymercedes.com.ar\/principal\/wp-json\/wp\/v2\/posts\/115885\/revisions"}],"wp:featuredmedia":[{"embeddable":true,"href":"https:\/\/www.hoymercedes.com.ar\/principal\/wp-json\/wp\/v2\/media\/115894"}],"wp:attachment":[{"href":"https:\/\/www.hoymercedes.com.ar\/principal\/wp-json\/wp\/v2\/media?parent=115885"}],"wp:term":[{"taxonomy":"category","embeddable":true,"href":"https:\/\/www.hoymercedes.com.ar\/principal\/wp-json\/wp\/v2\/categories?post=115885"},{"taxonomy":"post_tag","embeddable":true,"href":"https:\/\/www.hoymercedes.com.ar\/principal\/wp-json\/wp\/v2\/tags?post=115885"}],"curies":[{"name":"wp","href":"https:\/\/api.w.org\/{rel}","templated":true}]}}