{"id":115887,"date":"2020-08-29T21:01:12","date_gmt":"2020-08-30T00:01:12","guid":{"rendered":"http:\/\/www.hoymercedes.com.ar\/principal\/?p=115887"},"modified":"2020-08-30T13:00:21","modified_gmt":"2020-08-30T16:00:21","slug":"pirotta-presente-en-la-reunion-nacional-del-partido-fe","status":"publish","type":"post","link":"https:\/\/www.hoymercedes.com.ar\/principal\/2020\/08\/29\/pirotta-presente-en-la-reunion-nacional-del-partido-fe\/","title":{"rendered":"Pirotta presente en la reuni\u00f3n nacional del Partido Fe"},"content":{"rendered":"\n<p>El referente del Partido Fe de Mercedes, Jorge Pirotta, particip\u00f3 de la reuni\u00f3n virtual del partido pol\u00edtico que tiene al Diputado Nacional Pablo Ansaloni como presidente. De la reuni\u00f3n tambi\u00e9n particip\u00f3 Ram\u00f3n Ayala secretario general de UATRE y de las 62 Organizaciones Gremiales Peronistas. <\/p>\n\n\n\n<div class=\"wp-block-image\"><figure class=\"aligncenter size-large\"><img loading=\"lazy\" decoding=\"async\" width=\"800\" height=\"456\" data-attachment-id=\"115888\" data-permalink=\"https:\/\/www.hoymercedes.com.ar\/principal\/2020\/08\/29\/pirotta-presente-en-la-reunion-nacional-del-partido-fe\/whatsapp-image-2020-08-29-at-17-25-55\/#main\" data-orig-file=\"https:\/\/www.hoymercedes.com.ar\/principal\/wp-content\/uploads\/2020\/08\/WhatsApp-Image-2020-08-29-at-17.25.55.jpeg\" data-orig-size=\"800,456\" data-comments-opened=\"0\" data-image-meta=\"{&quot;aperture&quot;:&quot;0&quot;,&quot;credit&quot;:&quot;&quot;,&quot;camera&quot;:&quot;&quot;,&quot;caption&quot;:&quot;&quot;,&quot;created_timestamp&quot;:&quot;0&quot;,&quot;copyright&quot;:&quot;&quot;,&quot;focal_length&quot;:&quot;0&quot;,&quot;iso&quot;:&quot;0&quot;,&quot;shutter_speed&quot;:&quot;0&quot;,&quot;title&quot;:&quot;&quot;,&quot;orientation&quot;:&quot;0&quot;}\" data-image-title=\"WhatsApp Image 2020-08-29 at 17.25.55\" data-image-description=\"\" data-image-caption=\"\" data-large-file=\"https:\/\/www.hoymercedes.com.ar\/principal\/wp-content\/uploads\/2020\/08\/WhatsApp-Image-2020-08-29-at-17.25.55.jpeg\" src=\"https:\/\/www.hoymercedes.com.ar\/principal\/wp-content\/uploads\/2020\/08\/WhatsApp-Image-2020-08-29-at-17.25.55.jpeg\" alt=\"\" class=\"wp-image-115888\"\/><\/figure><\/div>\n\n\n\n<p>En su intervenci\u00f3n, Pablo Ansaloni sostuvo: \u201cSabemos muy bien lo que representamos y defendemos todas las compa\u00f1eras y compa\u00f1eros de nuestro partido FE y de las 62 Organizaciones, representamos el legado del General Per\u00f3n y de la inmortal Evita y defendemos sin concesiones los intereses de los trabajadores\u201d y convoc\u00f3 a \u201creorganizar nuestras filas, sumar a quienes nos vean como una alternativa peronista y marcar a fuego nuestra l\u00ednea pol\u00edtica, siendo org\u00e1nicos y disciplinados\u201d.<\/p>\n\n\n\n<p>Por su parte, parafraseando a Juan Per\u00f3n, el l\u00edder pol\u00edtico sindical Ram\u00f3n Ayala sostuvo que \u201cel Peronismo es FE y Convicci\u00f3n, dos valores que forman parte indisoluble de nosotros\u201d y asegur\u00f3 que \u201cpor eso no tenemos dudas de en d\u00f3nde tenemos que estar y es acompa\u00f1ando a nuestro presidente y a nuestro gobernador, desde nuestra identidad peronista a la que nunca vamos a renunciar\u201d.<\/p>\n\n\n\n<p>En otro segmento de su discurso, Ayala destac\u00f3 que frente a la situaci\u00f3n de la pandemia, \u201cla \u00fanica verdad es la realidad, las cifras demuestran que, a pesar del incremento de los contagios, la pol\u00edtica llevada adelante por el gobierno nacional ha sido exitosa, ya que somos uno de los pa\u00edses con mejor porcentaje de muertos por la pandemia\u201d, y fue tajante al afirmar que \u201cahora tenemos el virus en todo el pa\u00eds, lleg\u00f3 al interior, por eso tenemos que cuidarnos y cuidar a nuestros compa\u00f1eros, a nuestros vecinos, a nuestras familias, tenemos que ser muy responsables frente a los que irresponsablemente pregonan el anti cuarentena ampar\u00e1ndose en un mal entendido sentido de la libertad, s\u00ed, la libertad de contagiarse y morir por coronavirus\u201d.<\/p>\n\n\n\n<p>Participaron de la reuni\u00f3n representantes de todos los distritos del pa\u00eds, destac\u00e1ndose la presencia de los Intendentes de San Pedro, Cecilio Salazar, y de Necochea, Arturo Rojas, de la provincia de Buenos Aires; Flavio Ju\u00e1rez de Sampacho, provincia de C\u00f3rdoba, y Javier Wuayar de La Merced, provincia de Salta. Asimismo, fueron de la partida el Senador Provincial de Salta y dirigente taxista Jos\u00e9 Ibarra; las diputadas provinciales Cesira Arcando de Santa Fe y Natalia S\u00e1nchez J\u00e1uregui de Buenos Aires, y los diputados provinciales Juan Carlos Castro de C\u00f3rdoba y Gonzalo Caro D\u00e1valos de Salta.<\/p>\n\n\n\n<p>Completaron el encuentro concejales de varias provincias, dirigentes sindicales y referentes partidarios. Como anfitri\u00f3n del encuentro oper\u00f3 Alberto Barra, Secretario de Prensa de la UATRE.<\/p>\n","protected":false},"excerpt":{"rendered":"<p>El referente del Partido Fe de Mercedes, Jorge Pirotta, particip\u00f3 de la reuni\u00f3n virtual del partido pol\u00edtico que tiene al &#8230; <a title=\"Pirotta presente en la reuni\u00f3n nacional del Partido Fe\" class=\"read-more\" href=\"https:\/\/www.hoymercedes.com.ar\/principal\/2020\/08\/29\/pirotta-presente-en-la-reunion-nacional-del-partido-fe\/\" aria-label=\"Leer m\u00e1s sobre Pirotta presente en la reuni\u00f3n nacional del Partido Fe\">Leer m\u00e1s<\/a><\/p>\n","protected":false},"author":1,"featured_media":115888,"comment_status":"closed","ping_status":"open","sticky":false,"template":"","format":"standard","meta":{"_monsterinsights_skip_tracking":false,"_monsterinsights_sitenote_active":false,"_monsterinsights_sitenote_note":"","_monsterinsights_sitenote_category":0,"jetpack_post_was_ever_published":false,"_jetpack_newsletter_access":"","_jetpack_dont_email_post_to_subs":false,"_jetpack_newsletter_tier_id":0,"_jetpack_memberships_contains_paywalled_content":false,"_jetpack_memberships_contains_paid_content":false,"footnotes":"","jetpack_publicize_message":"","jetpack_publicize_feature_enabled":true,"jetpack_social_post_already_shared":true,"jetpack_social_options":{"image_generator_settings":{"template":"highway","default_image_id":0,"font":"","enabled":false},"version":2},"_wpas_customize_per_network":false},"categories":[5],"tags":[5997,6497,5319],"class_list":["post-115887","post","type-post","status-publish","format-standard","has-post-thumbnail","hentry","category-politica","tag-jorge-pirotta","tag-partido-fe","tag-politica-2","generate-columns","tablet-grid-50","mobile-grid-100","grid-parent","grid-50"],"jetpack_publicize_connections":[],"jetpack_featured_media_url":"https:\/\/www.hoymercedes.com.ar\/principal\/wp-content\/uploads\/2020\/08\/WhatsApp-Image-2020-08-29-at-17.25.55.jpeg","wps_subtitle":"Definiciones de cara al presente y al futuro pol\u00edtico","jetpack_sharing_enabled":true,"_links":{"self":[{"href":"https:\/\/www.hoymercedes.com.ar\/principal\/wp-json\/wp\/v2\/posts\/115887","targetHints":{"allow":["GET"]}}],"collection":[{"href":"https:\/\/www.hoymercedes.com.ar\/principal\/wp-json\/wp\/v2\/posts"}],"about":[{"href":"https:\/\/www.hoymercedes.com.ar\/principal\/wp-json\/wp\/v2\/types\/post"}],"author":[{"embeddable":true,"href":"https:\/\/www.hoymercedes.com.ar\/principal\/wp-json\/wp\/v2\/users\/1"}],"replies":[{"embeddable":true,"href":"https:\/\/www.hoymercedes.com.ar\/principal\/wp-json\/wp\/v2\/comments?post=115887"}],"version-history":[{"count":0,"href":"https:\/\/www.hoymercedes.com.ar\/principal\/wp-json\/wp\/v2\/posts\/115887\/revisions"}],"wp:featuredmedia":[{"embeddable":true,"href":"https:\/\/www.hoymercedes.com.ar\/principal\/wp-json\/wp\/v2\/media\/115888"}],"wp:attachment":[{"href":"https:\/\/www.hoymercedes.com.ar\/principal\/wp-json\/wp\/v2\/media?parent=115887"}],"wp:term":[{"taxonomy":"category","embeddable":true,"href":"https:\/\/www.hoymercedes.com.ar\/principal\/wp-json\/wp\/v2\/categories?post=115887"},{"taxonomy":"post_tag","embeddable":true,"href":"https:\/\/www.hoymercedes.com.ar\/principal\/wp-json\/wp\/v2\/tags?post=115887"}],"curies":[{"name":"wp","href":"https:\/\/api.w.org\/{rel}","templated":true}]}}