{"id":115901,"date":"2020-08-30T09:53:48","date_gmt":"2020-08-30T12:53:48","guid":{"rendered":"http:\/\/www.hoymercedes.com.ar\/principal\/?p=115901"},"modified":"2020-08-30T12:57:46","modified_gmt":"2020-08-30T15:57:46","slug":"continua-la-campana-de-seguridad-vial-a-domicilio","status":"publish","type":"post","link":"https:\/\/www.hoymercedes.com.ar\/principal\/2020\/08\/30\/continua-la-campana-de-seguridad-vial-a-domicilio\/","title":{"rendered":"Contin\u00faa la campa\u00f1a de seguridad vial a domicilio"},"content":{"rendered":"\n<p>Desde la Secretar\u00eda de Seguridad realizaron un nuevo operativo barrial y campa\u00f1a de concientizaci\u00f3n de las normas viales y el uso del casco. Tiempo atr\u00e1s se hab\u00eda concretado el primero de los recorrido y en la \u00faltima semana se efectu\u00f3 un nuevo dispositivo que busca generar consciencia de la importancia del cuidado de la vida humana, la seguridad vial y el respeto de las normas de tr\u00e1nsito. \u00a0<\/p>\n\n\n\n<p>El subsecretario de seguridad, Gonzalo Anselmo, explic\u00f3 que desde la secretar\u00eda realizan la campa\u00f1a de concientizaci\u00f3n con respecto a las normas viales, puntualizando, fundamentalmente, en el uso del casco. \u201cHacemos hincapi\u00e9 en el uso del casco, ya que por medio del Observatorio de Seguridad que poseemos en nuestra cartera de gesti\u00f3n ciudadana hemos logrado identificar que la mayor cantidad de siniestros son protagonizados por moto veh\u00edculos, y principalmente por vecinos y vecinas que no usan cascos. Tratando de concientizar a la sociedad que los cascos salvan vida\u201d, destaca. &nbsp;<\/p>\n\n\n\n<p>El funcionario destac\u00f3 que hay tambi\u00e9n \u201cun gran trabajo del Grupo Estrellas Amarillas, que nos enorgullece a todos como comunidad\u201d\u00a0\u00a0y que adem\u00e1s \u201cesta tarea es algo que el intendente Ustarroz nos encomend\u00f3 desde el primer d\u00eda. Concientizar, lograr el objetivo de que todos usemos el casco, generar un cambio cultural al respecto porque es fundamental\u201d sostuvo. \u00a0<\/p>\n\n\n\n<p>Fuente: Prensa Municipal<\/p>\n\n\n\n<div class=\"wp-block-image\"><figure class=\"aligncenter size-large\"><img loading=\"lazy\" decoding=\"async\" width=\"800\" height=\"453\" data-attachment-id=\"115903\" data-permalink=\"https:\/\/www.hoymercedes.com.ar\/principal\/2020\/08\/30\/continua-la-campana-de-seguridad-vial-a-domicilio\/attachment\/233\/#main\" data-orig-file=\"https:\/\/www.hoymercedes.com.ar\/principal\/wp-content\/uploads\/2020\/08\/233.jpeg\" data-orig-size=\"800,453\" data-comments-opened=\"0\" data-image-meta=\"{&quot;aperture&quot;:&quot;0&quot;,&quot;credit&quot;:&quot;&quot;,&quot;camera&quot;:&quot;&quot;,&quot;caption&quot;:&quot;&quot;,&quot;created_timestamp&quot;:&quot;0&quot;,&quot;copyright&quot;:&quot;&quot;,&quot;focal_length&quot;:&quot;0&quot;,&quot;iso&quot;:&quot;0&quot;,&quot;shutter_speed&quot;:&quot;0&quot;,&quot;title&quot;:&quot;&quot;,&quot;orientation&quot;:&quot;0&quot;}\" data-image-title=\"233\" data-image-description=\"\" data-image-caption=\"\" data-large-file=\"https:\/\/www.hoymercedes.com.ar\/principal\/wp-content\/uploads\/2020\/08\/233.jpeg\" src=\"https:\/\/www.hoymercedes.com.ar\/principal\/wp-content\/uploads\/2020\/08\/233.jpeg\" alt=\"\" class=\"wp-image-115903\"\/><\/figure><\/div>\n","protected":false},"excerpt":{"rendered":"<p>Desde la Secretar\u00eda de Seguridad realizaron un nuevo operativo barrial y campa\u00f1a de concientizaci\u00f3n de las normas viales y el &#8230; <a title=\"Contin\u00faa la campa\u00f1a de seguridad vial a domicilio\" class=\"read-more\" href=\"https:\/\/www.hoymercedes.com.ar\/principal\/2020\/08\/30\/continua-la-campana-de-seguridad-vial-a-domicilio\/\" aria-label=\"Leer m\u00e1s sobre Contin\u00faa la campa\u00f1a de seguridad vial a domicilio\">Leer m\u00e1s<\/a><\/p>\n","protected":false},"author":1,"featured_media":115902,"comment_status":"closed","ping_status":"open","sticky":false,"template":"","format":"standard","meta":{"_monsterinsights_skip_tracking":false,"_monsterinsights_sitenote_active":false,"_monsterinsights_sitenote_note":"","_monsterinsights_sitenote_category":0,"jetpack_post_was_ever_published":false,"_jetpack_newsletter_access":"","_jetpack_dont_email_post_to_subs":false,"_jetpack_newsletter_tier_id":0,"_jetpack_memberships_contains_paywalled_content":false,"_jetpack_memberships_contains_paid_content":false,"footnotes":"","jetpack_publicize_message":"","jetpack_publicize_feature_enabled":true,"jetpack_social_post_already_shared":true,"jetpack_social_options":{"image_generator_settings":{"template":"highway","default_image_id":0,"font":"","enabled":false},"version":2},"_wpas_customize_per_network":false},"categories":[30],"tags":[244,626],"class_list":["post-115901","post","type-post","status-publish","format-standard","has-post-thumbnail","hentry","category-municipio","tag-municipio-2","tag-seguridad-vial","generate-columns","tablet-grid-50","mobile-grid-100","grid-parent","grid-50"],"jetpack_publicize_connections":[],"jetpack_featured_media_url":"https:\/\/www.hoymercedes.com.ar\/principal\/wp-content\/uploads\/2020\/08\/234.jpeg","wps_subtitle":"Por los barrios","jetpack_sharing_enabled":true,"_links":{"self":[{"href":"https:\/\/www.hoymercedes.com.ar\/principal\/wp-json\/wp\/v2\/posts\/115901","targetHints":{"allow":["GET"]}}],"collection":[{"href":"https:\/\/www.hoymercedes.com.ar\/principal\/wp-json\/wp\/v2\/posts"}],"about":[{"href":"https:\/\/www.hoymercedes.com.ar\/principal\/wp-json\/wp\/v2\/types\/post"}],"author":[{"embeddable":true,"href":"https:\/\/www.hoymercedes.com.ar\/principal\/wp-json\/wp\/v2\/users\/1"}],"replies":[{"embeddable":true,"href":"https:\/\/www.hoymercedes.com.ar\/principal\/wp-json\/wp\/v2\/comments?post=115901"}],"version-history":[{"count":0,"href":"https:\/\/www.hoymercedes.com.ar\/principal\/wp-json\/wp\/v2\/posts\/115901\/revisions"}],"wp:featuredmedia":[{"embeddable":true,"href":"https:\/\/www.hoymercedes.com.ar\/principal\/wp-json\/wp\/v2\/media\/115902"}],"wp:attachment":[{"href":"https:\/\/www.hoymercedes.com.ar\/principal\/wp-json\/wp\/v2\/media?parent=115901"}],"wp:term":[{"taxonomy":"category","embeddable":true,"href":"https:\/\/www.hoymercedes.com.ar\/principal\/wp-json\/wp\/v2\/categories?post=115901"},{"taxonomy":"post_tag","embeddable":true,"href":"https:\/\/www.hoymercedes.com.ar\/principal\/wp-json\/wp\/v2\/tags?post=115901"}],"curies":[{"name":"wp","href":"https:\/\/api.w.org\/{rel}","templated":true}]}}