{"id":115927,"date":"2020-08-31T10:26:24","date_gmt":"2020-08-31T13:26:24","guid":{"rendered":"http:\/\/www.hoymercedes.com.ar\/principal\/?p=115927"},"modified":"2020-08-31T10:30:35","modified_gmt":"2020-08-31T13:30:35","slug":"atletas-mercedinos-volvieron-a-los-entrenamientos","status":"publish","type":"post","link":"https:\/\/www.hoymercedes.com.ar\/principal\/2020\/08\/31\/atletas-mercedinos-volvieron-a-los-entrenamientos\/","title":{"rendered":"Atletas mercedinos volvieron a los entrenamientos"},"content":{"rendered":"\n<p>Una de las atletas federadas que tiene la ciudad es D\u00e9bora Martinelli, quien luego de tener el permiso de provincia y municipal para volver a entrenar, la semana pasada retom\u00f3 su actividad luego de cinco meses de espera. La Lanzadora de Martillo y Disco se encuentra entrenando en el Mart\u00edn Rodr\u00edguez los d\u00edas martes, de acuerdo a lo pactado junto a la Direcci\u00f3n de Deportes local.<\/p>\n\n\n\n<div class=\"wp-block-image\"><figure class=\"aligncenter size-large\"><img loading=\"lazy\" decoding=\"async\" width=\"720\" height=\"564\" data-attachment-id=\"115932\" data-permalink=\"https:\/\/www.hoymercedes.com.ar\/principal\/2020\/08\/31\/atletas-mercedinos-volvieron-a-los-entrenamientos\/debora-martinelli-cordoba-2\/#main\" data-orig-file=\"https:\/\/www.hoymercedes.com.ar\/principal\/wp-content\/uploads\/2020\/08\/Debora-Martinelli-Cordoba.jpg\" data-orig-size=\"720,564\" data-comments-opened=\"0\" data-image-meta=\"{&quot;aperture&quot;:&quot;0&quot;,&quot;credit&quot;:&quot;&quot;,&quot;camera&quot;:&quot;&quot;,&quot;caption&quot;:&quot;&quot;,&quot;created_timestamp&quot;:&quot;0&quot;,&quot;copyright&quot;:&quot;&quot;,&quot;focal_length&quot;:&quot;0&quot;,&quot;iso&quot;:&quot;0&quot;,&quot;shutter_speed&quot;:&quot;0&quot;,&quot;title&quot;:&quot;&quot;,&quot;orientation&quot;:&quot;0&quot;}\" data-image-title=\"Debora-Martinelli-Cordoba\" data-image-description=\"\" data-image-caption=\"\" data-large-file=\"https:\/\/www.hoymercedes.com.ar\/principal\/wp-content\/uploads\/2020\/08\/Debora-Martinelli-Cordoba.jpg\" src=\"https:\/\/www.hoymercedes.com.ar\/principal\/wp-content\/uploads\/2020\/08\/Debora-Martinelli-Cordoba.jpg\" alt=\"\" class=\"wp-image-115932\"\/><\/figure><\/div>\n\n\n\n<p>A pesar de no haber abandonado los ensayos en su casa, ahora la atleta puede realizar sus pr\u00e1cticas en la jaula correspondiente del predio deportivo de calles 6 y 9. Martinelli compiti\u00f3 por \u00faltima vez en Uruguay en diciembre pasado y luego el deporte se suspendi\u00f3. Proximamente tendr\u00e1 participaci\u00f3n en un certamen en Chile de forma virtual en 2021.<\/p>\n\n\n\n<p>D\u00e9bora Martinelli tuvo su \u00faltima competencia en el Uruguay en diciembre de 2019 y a partir de la pandemia todo lo que ten\u00eda por delante se suspendi\u00f3. Lo que viene es un compromiso en Chile que ser\u00eda de manera virtual el pr\u00f3ximo a\u00f1o.<\/p>\n\n\n\n<p>Otros que volvieron a la actividad son el velocista Agust\u00edn Chacar, el fondista Lorenzo Deluca, tambi\u00e9n lo hacen el \u00e1rbitro de f\u00fatbol Javier Mihura, el saltador en alto Solano Marenco y el tenista Augusto Rodr\u00edguez.<\/p>\n","protected":false},"excerpt":{"rendered":"<p>Una de las atletas federadas que tiene la ciudad es D\u00e9bora Martinelli, quien luego de tener el permiso de provincia &#8230; <a title=\"Atletas mercedinos volvieron a los entrenamientos\" class=\"read-more\" href=\"https:\/\/www.hoymercedes.com.ar\/principal\/2020\/08\/31\/atletas-mercedinos-volvieron-a-los-entrenamientos\/\" aria-label=\"Leer m\u00e1s sobre Atletas mercedinos volvieron a los entrenamientos\">Leer m\u00e1s<\/a><\/p>\n","protected":false},"author":1,"featured_media":115932,"comment_status":"closed","ping_status":"open","sticky":false,"template":"","format":"standard","meta":{"_monsterinsights_skip_tracking":false,"_monsterinsights_sitenote_active":false,"_monsterinsights_sitenote_note":"","_monsterinsights_sitenote_category":0,"jetpack_post_was_ever_published":false,"_jetpack_newsletter_access":"","_jetpack_dont_email_post_to_subs":false,"_jetpack_newsletter_tier_id":0,"_jetpack_memberships_contains_paywalled_content":false,"_jetpack_memberships_contains_paid_content":false,"footnotes":"","jetpack_publicize_message":"","jetpack_publicize_feature_enabled":true,"jetpack_social_post_already_shared":true,"jetpack_social_options":{"image_generator_settings":{"template":"highway","default_image_id":0,"font":"","enabled":false},"version":2},"_wpas_customize_per_network":false},"categories":[21],"tags":[14313],"class_list":["post-115927","post","type-post","status-publish","format-standard","has-post-thumbnail","hentry","category-deportes","tag-direccion-de-deportes-2","generate-columns","tablet-grid-50","mobile-grid-100","grid-parent","grid-50"],"jetpack_publicize_connections":[],"jetpack_featured_media_url":"https:\/\/www.hoymercedes.com.ar\/principal\/wp-content\/uploads\/2020\/08\/Debora-Martinelli-Cordoba.jpg","wps_subtitle":"Atletismo","jetpack_sharing_enabled":true,"_links":{"self":[{"href":"https:\/\/www.hoymercedes.com.ar\/principal\/wp-json\/wp\/v2\/posts\/115927","targetHints":{"allow":["GET"]}}],"collection":[{"href":"https:\/\/www.hoymercedes.com.ar\/principal\/wp-json\/wp\/v2\/posts"}],"about":[{"href":"https:\/\/www.hoymercedes.com.ar\/principal\/wp-json\/wp\/v2\/types\/post"}],"author":[{"embeddable":true,"href":"https:\/\/www.hoymercedes.com.ar\/principal\/wp-json\/wp\/v2\/users\/1"}],"replies":[{"embeddable":true,"href":"https:\/\/www.hoymercedes.com.ar\/principal\/wp-json\/wp\/v2\/comments?post=115927"}],"version-history":[{"count":0,"href":"https:\/\/www.hoymercedes.com.ar\/principal\/wp-json\/wp\/v2\/posts\/115927\/revisions"}],"wp:featuredmedia":[{"embeddable":true,"href":"https:\/\/www.hoymercedes.com.ar\/principal\/wp-json\/wp\/v2\/media\/115932"}],"wp:attachment":[{"href":"https:\/\/www.hoymercedes.com.ar\/principal\/wp-json\/wp\/v2\/media?parent=115927"}],"wp:term":[{"taxonomy":"category","embeddable":true,"href":"https:\/\/www.hoymercedes.com.ar\/principal\/wp-json\/wp\/v2\/categories?post=115927"},{"taxonomy":"post_tag","embeddable":true,"href":"https:\/\/www.hoymercedes.com.ar\/principal\/wp-json\/wp\/v2\/tags?post=115927"}],"curies":[{"name":"wp","href":"https:\/\/api.w.org\/{rel}","templated":true}]}}