{"id":115946,"date":"2020-08-31T11:23:30","date_gmt":"2020-08-31T14:23:30","guid":{"rendered":"http:\/\/www.hoymercedes.com.ar\/principal\/?p=115946"},"modified":"2020-08-31T11:52:28","modified_gmt":"2020-08-31T14:52:28","slug":"patin-de-club-mercedes-gimnasios-y-futbol-vuelven-a-transpirar-al-aire-libre","status":"publish","type":"post","link":"https:\/\/www.hoymercedes.com.ar\/principal\/2020\/08\/31\/patin-de-club-mercedes-gimnasios-y-futbol-vuelven-a-transpirar-al-aire-libre\/","title":{"rendered":"Pat\u00edn de Club Mercedes, gimnasios y f\u00fatbol, vuelven a transpirar al aire libre"},"content":{"rendered":"\n<p>A medida que van pasando los d\u00edas, diferentes deportes o instituciones van recibiendo el permiso municipal para volver a la actividad luego de la disposici\u00f3n provincial que permite que esto ocurra. En la semana pasada el atletismo volvi\u00f3 a entrenar y en el caso de los gimnasios, tambi\u00e9n lo podr\u00e1n hacer y es por eso que ya son dos los que en el Parque Municipal Independencia utilizan los sectores que propuso la Direcci\u00f3n de Deportes para poder ejercer el entrenamiento.<\/p>\n\n\n\n<div class=\"wp-block-image\"><figure class=\"aligncenter size-large\"><img loading=\"lazy\" decoding=\"async\" width=\"531\" height=\"523\" data-attachment-id=\"115947\" data-permalink=\"https:\/\/www.hoymercedes.com.ar\/principal\/2020\/08\/31\/patin-de-club-mercedes-gimnasios-y-futbol-vuelven-a-transpirar-al-aire-libre\/patin-club-mercedes-4\/#main\" data-orig-file=\"https:\/\/www.hoymercedes.com.ar\/principal\/wp-content\/uploads\/2020\/08\/Patin-Club-Mercedes.png\" data-orig-size=\"531,523\" data-comments-opened=\"0\" data-image-meta=\"{&quot;aperture&quot;:&quot;0&quot;,&quot;credit&quot;:&quot;&quot;,&quot;camera&quot;:&quot;&quot;,&quot;caption&quot;:&quot;&quot;,&quot;created_timestamp&quot;:&quot;0&quot;,&quot;copyright&quot;:&quot;&quot;,&quot;focal_length&quot;:&quot;0&quot;,&quot;iso&quot;:&quot;0&quot;,&quot;shutter_speed&quot;:&quot;0&quot;,&quot;title&quot;:&quot;&quot;,&quot;orientation&quot;:&quot;0&quot;}\" data-image-title=\"Patin-Club-Mercedes\" data-image-description=\"\" data-image-caption=\"\" data-large-file=\"https:\/\/www.hoymercedes.com.ar\/principal\/wp-content\/uploads\/2020\/08\/Patin-Club-Mercedes.png\" src=\"https:\/\/www.hoymercedes.com.ar\/principal\/wp-content\/uploads\/2020\/08\/Patin-Club-Mercedes.png\" alt=\"\" class=\"wp-image-115947\"\/><\/figure><\/div>\n\n\n\n<p>Sin embargo, luego que la Liga Mercedina determin\u00f3 la finalizaci\u00f3n de la temporada, el jueves pasado tras la reuni\u00f3n con los clubes, se determin\u00f3 que puede volver el f\u00fatbol pero en forma de entrenamiento. \u00a0El permiso es para que lo hagan en grupos de cinco, por turnos y con un distanciamiento de 10 metros en los casos de s\u00f3lo deportistas federados.<\/p>\n\n\n\n<p>S\u00f3lo podr\u00e1n realizar ejercicios f\u00edsicos, sin elementos de gimnasio y en el horario de 6 a 19 horas en un predio al aire libre que pertenezca a un club. Adem\u00e1s, por el momento lo podr\u00e1n hacer los mayores de edad, por lo que esto no estar\u00e1 permitido para el Infanto Juvenil. En el caso que haya menores jugando en Primera o Reserva, deber\u00e1n tener una autorizaci\u00f3n para poder ser parte.<\/p>\n\n\n\n<p>Si bien algunos todav\u00eda se est\u00e1n organizando, a partir de hoy, los jugadores podr\u00e1n volver a verse las caras pero en forma personal y ya no detr\u00e1s de un monitor.<\/p>\n\n\n\n<p>En cuanto al Pat\u00edn, Club Mercedes tiene su pista al aire libre, por lo que desde este lunes tambi\u00e9n puede volver a tener entrenamiento de forma presencial en el campo de deportes de H\u00e9roes de Malvinas y 60. Ser\u00e1 en grupos de hasta 5 personas y por el espacio de una hora. Ser\u00e1 de lunes a viernes de 14 a 18 y el entrenamiento est\u00e1 conformado por once grupos de patinadoras, quedando a la espera otras 30 nenas para entrenar ya que el protocolo no les permite poder hacerlo.<\/p>\n","protected":false},"excerpt":{"rendered":"<p>A medida que van pasando los d\u00edas, diferentes deportes o instituciones van recibiendo el permiso municipal para volver a la &#8230; <a title=\"Pat\u00edn de Club Mercedes, gimnasios y f\u00fatbol, vuelven a transpirar al aire libre\" class=\"read-more\" href=\"https:\/\/www.hoymercedes.com.ar\/principal\/2020\/08\/31\/patin-de-club-mercedes-gimnasios-y-futbol-vuelven-a-transpirar-al-aire-libre\/\" aria-label=\"Leer m\u00e1s sobre Pat\u00edn de Club Mercedes, gimnasios y f\u00fatbol, vuelven a transpirar al aire libre\">Leer m\u00e1s<\/a><\/p>\n","protected":false},"author":1,"featured_media":115947,"comment_status":"closed","ping_status":"open","sticky":false,"template":"","format":"standard","meta":{"_monsterinsights_skip_tracking":false,"_monsterinsights_sitenote_active":false,"_monsterinsights_sitenote_note":"","_monsterinsights_sitenote_category":0,"jetpack_post_was_ever_published":false,"_jetpack_newsletter_access":"","_jetpack_dont_email_post_to_subs":false,"_jetpack_newsletter_tier_id":0,"_jetpack_memberships_contains_paywalled_content":false,"_jetpack_memberships_contains_paid_content":false,"footnotes":"","jetpack_publicize_message":"","jetpack_publicize_feature_enabled":true,"jetpack_social_post_already_shared":true,"jetpack_social_options":{"image_generator_settings":{"template":"highway","default_image_id":0,"font":"","enabled":false},"version":2},"_wpas_customize_per_network":false},"categories":[21],"tags":[16175,14802,7732],"class_list":["post-115946","post","type-post","status-publish","format-standard","has-post-thumbnail","hentry","category-deportes","tag-coronavirus","tag-liga-mercedina-de-futbol-2","tag-patin-club-mercedes","generate-columns","tablet-grid-50","mobile-grid-100","grid-parent","grid-50"],"jetpack_publicize_connections":[],"jetpack_featured_media_url":"https:\/\/www.hoymercedes.com.ar\/principal\/wp-content\/uploads\/2020\/08\/Patin-Club-Mercedes.png","wps_subtitle":"Coronavirus","jetpack_sharing_enabled":true,"_links":{"self":[{"href":"https:\/\/www.hoymercedes.com.ar\/principal\/wp-json\/wp\/v2\/posts\/115946","targetHints":{"allow":["GET"]}}],"collection":[{"href":"https:\/\/www.hoymercedes.com.ar\/principal\/wp-json\/wp\/v2\/posts"}],"about":[{"href":"https:\/\/www.hoymercedes.com.ar\/principal\/wp-json\/wp\/v2\/types\/post"}],"author":[{"embeddable":true,"href":"https:\/\/www.hoymercedes.com.ar\/principal\/wp-json\/wp\/v2\/users\/1"}],"replies":[{"embeddable":true,"href":"https:\/\/www.hoymercedes.com.ar\/principal\/wp-json\/wp\/v2\/comments?post=115946"}],"version-history":[{"count":0,"href":"https:\/\/www.hoymercedes.com.ar\/principal\/wp-json\/wp\/v2\/posts\/115946\/revisions"}],"wp:featuredmedia":[{"embeddable":true,"href":"https:\/\/www.hoymercedes.com.ar\/principal\/wp-json\/wp\/v2\/media\/115947"}],"wp:attachment":[{"href":"https:\/\/www.hoymercedes.com.ar\/principal\/wp-json\/wp\/v2\/media?parent=115946"}],"wp:term":[{"taxonomy":"category","embeddable":true,"href":"https:\/\/www.hoymercedes.com.ar\/principal\/wp-json\/wp\/v2\/categories?post=115946"},{"taxonomy":"post_tag","embeddable":true,"href":"https:\/\/www.hoymercedes.com.ar\/principal\/wp-json\/wp\/v2\/tags?post=115946"}],"curies":[{"name":"wp","href":"https:\/\/api.w.org\/{rel}","templated":true}]}}