{"id":115961,"date":"2020-09-01T10:26:33","date_gmt":"2020-09-01T13:26:33","guid":{"rendered":"http:\/\/www.hoymercedes.com.ar\/principal\/?p=115961"},"modified":"2020-09-02T10:34:11","modified_gmt":"2020-09-02T13:34:11","slug":"juan-guinot-mis-historias-parten-de-una-anecdota-o-una-idea-que-agita-emociones-y-dispara-imagenes","status":"publish","type":"post","link":"https:\/\/www.hoymercedes.com.ar\/principal\/2020\/09\/01\/juan-guinot-mis-historias-parten-de-una-anecdota-o-una-idea-que-agita-emociones-y-dispara-imagenes\/","title":{"rendered":"Juan Guinot: \u201cMis historias parten de una an\u00e9cdota o una idea que agita emociones y dispara im\u00e1genes\u201d"},"content":{"rendered":"\n<p><strong>Por Andrea Viveca Sanz (<a rel=\"noreferrer noopener\" href=\"http:\/\/www.instagram.com\/andreaviveca\" target=\"_blank\">@andreaviveca<\/a>) \/ Edici\u00f3n: Walter Omar Buffarini \/\/ <\/strong><br>Un libro se abre, sus p\u00e1ginas exhalan el aire que respiran los personajes, vientos de im\u00e1genes recorren la historia. Las letras, como si fueran una c\u00e1mara dispuesta a contar, hacen foco en la realidad y la transforman. Luces sobre sombras, pliegues que retienen los grises del camino, personajes que avanzan en un mundo oscuro, voces que recorren los contornos de lo fant\u00e1stico y se arriesgan, la vida convertida en palabras, como si fuera un cuento.<\/p>\n\n\n\n<p>Cada uno de los universos imaginados y habitados por las letras del escritor mercedino&nbsp;<strong>Juan Guinot&nbsp;<\/strong>est\u00e1n atravesados por una trama de emociones en movimiento. Hay en sus obras una exploraci\u00f3n de los territorios conocidos, una b\u00fasqueda de respuestas y un compromiso con la palabra que anima al lector a cruzar la delgada l\u00ednea de la realidad para sumergirse en sus mundos ficcionados.<\/p>\n\n\n\n<p>Sobre eso y mucho m\u00e1s, el autor se anim\u00f3 a dialogar en una charla virtual con&nbsp;<strong><em>ContArte Cultura<\/em><\/strong>.<\/p>\n\n\n\n<div class=\"wp-block-image\"><figure class=\"alignright is-resized\"><img loading=\"lazy\" decoding=\"async\" src=\"http:\/\/contarte.com.ar\/wp-content\/uploads\/2020\/08\/Juan-Guinot-417x1024.jpg\" alt=\"\" class=\"wp-image-23119\" width=\"191\" height=\"469\"\/><\/figure><\/div>\n\n\n\n<p><strong>\u2014Si pudieras regresar a alg\u00fan rinc\u00f3n de tu infancia donde sent\u00eds que se gest\u00f3 el gusto por contar historias, \u00bfcu\u00e1l ser\u00eda y con qu\u00e9 cuento te gustar\u00eda volver desde este futuro que habit\u00e1s?<\/strong><br>\u2014Volver\u00eda al patio del fondo de casa, en Mercedes. Hab\u00eda plantas y espacio para desplegar soldaditos y aviones, e imaginar que estaba en la selva o en otro planeta. Adem\u00e1s, conectaba con la cocina a trav\u00e9s de una ventana y pod\u00eda escuchar las charlas de sobremesa, en las que nunca faltaban ovnis y fantasmas. Volver\u00eda ah\u00ed con el cuento de la aparici\u00f3n de un extraterrestre, vestido con escafandra naranja y fosforescente, a una vecina que viv\u00eda en la zona de San Jacinto, en las afueras de Mercedes.<\/p>\n\n\n\n<p><strong>\u2014\u00bfDe qu\u00e9 manera percib\u00eds el comienzo de algo que merece ser narrado?<\/strong><br>\u2014Mis historias parten de una an\u00e9cdota o una idea que se me ocurre, que agita emociones y dispara im\u00e1genes. Para que no se me escapen, tomo apuntes en un cuaderno y hago dibujos, que cuelgo de un hilo y los miro varios d\u00edas, imagino las voces y c\u00f3mo se mueven. Cuando logro alejarme del campo de atracci\u00f3n de esas emociones que hicieron el big bang creativo, me siento a escribir. En el caso de las novelas, armo una especie de escaleta con los personajes y cap\u00edtulos. Cuando termino el primer arco de escritura, repaso la frecuencia de cada personaje para ver si tiene el peso y la ubicaci\u00f3n que me interesa para esa historia, como si fuesen notas dentro de una composici\u00f3n musical, para lograr el balance que busco para ese texto.<\/p>\n\n\n\n<p><strong>\u2014\u00bfC\u00f3mo logr\u00e1s hacer foco con tu \u201cc\u00e1mara de letras\u201d en las luces y las sombras que forman parte de tus escenarios?<\/strong><br>\u2014Decidir qui\u00e9n cuenta la historia tiene mucho que ver con esa operaci\u00f3n que mencion\u00e1s. Por ejemplo, si escribo en la voz de un ni\u00f1o, puedo imaginar qu\u00e9 mundo capta desde su estatura. Entonces, si est\u00e1 de pie frente a una mesa y habla con su padre, lo que le llega del mundo es aquello que hay debajo de la mesa, que el adulto (que lo dobla en altura) no ve. Las decisiones sobre c\u00f3mo contar gravitan de manera potente sobre las luces y las sombras de ese escenario que mencion\u00e1s. Para esa construcci\u00f3n, me ayuda definir el espacio. Puedo retenerlo en mi cabeza, para bocetarlo o armarlo en cartulina, y hacer los personajes en papel y moverlos por la escena. Eso me ayuda much\u00edsimo. Es algo que adopt\u00e9 en la narrativa de mi experiencia en dramaturgia y ficci\u00f3n audiovisual. En ese procedimiento, conecto con las formas y estrategias de juego de la ni\u00f1ez, en el patio del fondo de casa.<\/p>\n\n\n\n<p><strong>\u2014\u00bfCu\u00e1l es el proceso que llev\u00e1s adelante para \u201cesculpir\u201d la psicolog\u00eda de tus personajes?<\/strong><br>\u2014Hay algo interesante para considerar y es el flujo de la imaginaci\u00f3n. Lo vivo como una explosi\u00f3n de energ\u00eda a la que hay que darle forma, en mi caso, con la escritura. Si eso que imagino y quiero contar no se ve en lo que escrib\u00ed, hay que volver a meter mano. De ese flujo de energ\u00eda salen mis personajes. Los describo, conozco de d\u00f3nde vienen, sus miedos, ambiciones. Adquieren colores y una voz que crece a medida que la historia avanza. Me ayuda mucho vincularlos a personas reconocibles. Digo \u201cesta se parece a Julepina\u201d, una supervisora que tuve cuando trabaj\u00e9 en la DGI y que le ten\u00eda miedo a todo, te hac\u00eda revisar veinte veces las cosas y te hablaba en diminutivo con la err\u00f3nea idea de alivianar el impacto de sus instrucciones. Observo mucho a la gente y es algo que tra\u00eda antes de estudiar Psicolog\u00eda Social, aunque reconozco que me agreg\u00f3 algunas facturas de calibraci\u00f3n para observar el comportamiento humano.<\/p>\n\n\n\n<div class=\"wp-block-image\"><figure class=\"alignleft is-resized\"><img loading=\"lazy\" decoding=\"async\" src=\"http:\/\/contarte.com.ar\/wp-content\/uploads\/2020\/08\/2022-La-guerra-del-gallo-653x1024.jpg\" alt=\"\" class=\"wp-image-23123\" width=\"172\" height=\"270\"\/><\/figure><\/div>\n\n\n\n<p><strong>\u2014Hablando de los personajes, \u00bfc\u00f3mo lleg\u00e1s al protagonista de tu novela \u201c2022, La guerra del gallo\u201d, finalista del Premio Celsius de la Semana Negra de Gij\u00f3n en 2012, en Espa\u00f1a?<\/strong><br>\u2014<em>La guerra del gallo&nbsp;<\/em>parte de una an\u00e9cdota personal: a los 13 a\u00f1os me inscrib\u00ed para pelear en la Guerra de Malvinas y nunca me llamaron. Despu\u00e9s del conflicto, entend\u00ed que fue una locura y sobre ella se me ocurri\u00f3 escribir la historia de un chico que se queda con las ganas de pelear su Segunda Guerra de Malvinas. De ah\u00ed sale una especie de \u201cRambo\u201d solitario que est\u00e1 d\u00e9cadas entren\u00e1ndose para combatir a los \u201ccolonialistas piratas\u201d. Encerrado en un hospicio (donde lo metieron los piratas) espera tres d\u00e9cadas (de auto formaci\u00f3n militar) hasta que llega el llamado a la batalla tan anhelada. Descubrir\u00e1 que esa prueba de fuego no ser\u00e1 en las Islas, sino en el Pe\u00f1\u00f3n de Gibraltar.<\/p>\n\n\n\n<p><strong>\u2014Una frase que resuma el mundo de \u201cMisi\u00f3n Kenobi\u201d.<\/strong><br>\u2014El que contamina nuestro Planeta y el Universo est\u00e1 del Lado Oscuro de la Fuerza, que no es mi Lado, que es, sin lugar a dudas, el de los Jedis.<\/p>\n\n\n\n<p><strong>\u2014\u00bfC\u00f3mo nace la idea de \u201cDescenso brusco\u201d y de qu\u00e9 manera construiste esa trama casi cinematogr\u00e1fica?<\/strong><br>\u2014La empec\u00e9 a escribir en un viaje de Roma a Madrid en el que una nena no par\u00f3 de llorar y me imagin\u00e9 que alguien, con poderes, le tocaba la cabeza y la dorm\u00eda. Que, despu\u00e9s, esa persona se va y nadie, excepto \u00e9l, puede volver a despertarla. Lo que sigue es c\u00f3mo el narrador (un argentino radicado en Madrid) toma un rol protag\u00f3nico, les dice que se queden en Barajas mientras \u00e9l se hace cargo de encontrar a esa persona que puede despertar a la nena. Sale por los bares de Madrid y, a partir de esa b\u00fasqueda, cada puerta que abre lo mete en una trama m\u00e1s compleja, que lo incluye y le muestra una Espa\u00f1a que tiene menos de ese Primer Mundo idealizado y m\u00e1s de uno corrupto que, cre\u00eda, era para pa\u00edses como del que emigr\u00f3. La trama corre por lugares de Madrid que conozco. Es una ciudad que quiero much\u00edsimo y me encant\u00f3 recrear las escenas, con caras, olores y sabores de las que guardo un recuerdo v\u00edvido.<\/p>\n\n\n\n<div class=\"wp-block-image\"><figure class=\"alignleft is-resized\"><img loading=\"lazy\" decoding=\"async\" src=\"https:\/\/i2.wp.com\/contarte.com.ar\/wp-content\/uploads\/2020\/08\/Mision-Kenobi.jpg?ssl=1\" alt=\"\" width=\"181\" height=\"282\"\/><\/figure><\/div>\n\n\n\n<div class=\"wp-block-image\"><figure class=\"alignleft is-resized\"><img loading=\"lazy\" decoding=\"async\" src=\"https:\/\/i0.wp.com\/contarte.com.ar\/wp-content\/uploads\/2020\/08\/Descenso-brusco.jpg?ssl=1\" alt=\"\" width=\"179\" height=\"275\"\/><\/figure><\/div>\n\n\n\n<div class=\"wp-block-image\"><figure class=\"alignleft is-resized\"><img loading=\"lazy\" decoding=\"async\" src=\"https:\/\/i1.wp.com\/contarte.com.ar\/wp-content\/uploads\/2020\/08\/Chacharramendi.jpg?ssl=1\" alt=\"\" width=\"185\" height=\"271\"\/><\/figure><\/div>\n\n\n\n<p><strong>\u2014\u00bfCu\u00e1l fue el punto de partida de \u201cChacharramendi\u201d, novela juvenil ganadora del premio Sigmar 2015, y c\u00f3mo result\u00f3 \u201cel viaje\u201d de su escritura?<\/strong><br>\u2014Estaba transitando el primer a\u00f1o de divorcio, metido en el duelo del proyecto de familia y con un hijo de casi cinco a\u00f1os. Mi intrigaba saber qu\u00e9 le pasaba por la cabeza&nbsp; a mi hijo. Empec\u00e9 a escribir en su voz una historia que junt\u00f3 dos duelos: el fin de la familia y la muerte de un primo en Neuqu\u00e9n. La novela se monta en una road movie con un giro fant\u00e1stico en medio del desierto de La Pampa (Chacharramendi).<\/p>\n\n\n\n<div class=\"wp-block-image\"><figure class=\"alignleft is-resized\"><img loading=\"lazy\" decoding=\"async\" src=\"http:\/\/contarte.com.ar\/wp-content\/uploads\/2020\/08\/33-rpm-658x1024.jpg\" alt=\"\" class=\"wp-image-23120\" width=\"163\" height=\"254\"\/><\/figure><\/div>\n\n\n\n<p><strong>\u2014La editorial&nbsp;<em>Tambi\u00e9n el Caracol<\/em>&nbsp;acaba de publicar tu primera novela para adultos en Argentina, \u00bfqu\u00e9 nos pod\u00e9s adelantar acerca de las historias que ruedan por estas p\u00e1ginas?<\/strong><br>\u2014<em>33 rpm<\/em>&nbsp;es una novela que escrib\u00ed en el 2006. Sucede en el Parque Centenario, post diciembre del 2001, y la cuenta un flaco que se vino del interior a ganarse el mango, porque en su pueblo no ten\u00eda ni para comer. En medio del derrumbe socioecon\u00f3mico, se conecta con personajes que est\u00e1n como \u00e9l, fuera del sistema. Son seres muy locos como Jack, un flaco criado en las calles de Warnes que desarma fititos para sacar las mejores partes de cada uno y armar el mejor Fiat 600 de todos los tiempos, o el Mel\u00f3mano, que vende discos usados y te hace el hor\u00f3scopo poniendo vinilos en su Winco. La circularidad est\u00e1 en la forma de contar las historias, que corren como las canciones cuando la p\u00faa del Winco entra en el surco del vinilo.<\/p>\n\n\n\n<p><strong>\u2014\u00bfHay alg\u00fan otro proyecto en camino?<\/strong><br>\u2014En breve, en Espa\u00f1a, saldr\u00e1 publicada mi primera novela infantil que se llama\u00a0<em>Perico Carpio<\/em>. Adem\u00e1s, saldr\u00e1 en Argentina una novela infantil. Te puedo adelantar que vuelvo a contar la infancia en el pueblo, a finales de los \u201870, vinculada al negocio de fotograf\u00eda familiar y a apariciones extra\u00f1as. En cuanto a escritura, estoy metido con una novela para adultos. Llevo dos a\u00f1os trabajando y en este estar\u00e1 terminada.<\/p>\n\n\n\n<p>Nota publicada en  Contarte Cultura (<a href=\"https:\/\/contarte.com.ar\/\" target=\"_blank\" rel=\"noopener\">https:\/\/contarte.com.ar\/<\/a>)<\/p>\n","protected":false},"excerpt":{"rendered":"<p>Por Andrea Viveca Sanz (@andreaviveca) \/ Edici\u00f3n: Walter Omar Buffarini \/\/ Un libro se abre, sus p\u00e1ginas exhalan el aire &#8230; <a title=\"Juan Guinot: \u201cMis historias parten de una an\u00e9cdota o una idea que agita emociones y dispara im\u00e1genes\u201d\" class=\"read-more\" href=\"https:\/\/www.hoymercedes.com.ar\/principal\/2020\/09\/01\/juan-guinot-mis-historias-parten-de-una-anecdota-o-una-idea-que-agita-emociones-y-dispara-imagenes\/\" aria-label=\"Leer m\u00e1s sobre Juan Guinot: \u201cMis historias parten de una an\u00e9cdota o una idea que agita emociones y dispara im\u00e1genes\u201d\">Leer m\u00e1s<\/a><\/p>\n","protected":false},"author":1,"featured_media":115962,"comment_status":"closed","ping_status":"open","sticky":false,"template":"","format":"standard","meta":{"_monsterinsights_skip_tracking":false,"_monsterinsights_sitenote_active":false,"_monsterinsights_sitenote_note":"","_monsterinsights_sitenote_category":0,"jetpack_post_was_ever_published":false,"_jetpack_newsletter_access":"","_jetpack_dont_email_post_to_subs":false,"_jetpack_newsletter_tier_id":0,"_jetpack_memberships_contains_paywalled_content":false,"_jetpack_memberships_contains_paid_content":false,"footnotes":"","jetpack_publicize_message":"","jetpack_publicize_feature_enabled":true,"jetpack_social_post_already_shared":true,"jetpack_social_options":{"image_generator_settings":{"template":"highway","default_image_id":0,"font":"","enabled":false},"version":2},"_wpas_customize_per_network":false},"categories":[104],"tags":[7805,2279,869,73],"class_list":["post-115961","post","type-post","status-publish","format-standard","has-post-thumbnail","hentry","category-cultura","tag-cultura","tag-juan-guinot","tag-libro","tag-literatura","generate-columns","tablet-grid-50","mobile-grid-100","grid-parent","grid-50"],"jetpack_publicize_connections":[],"jetpack_featured_media_url":"https:\/\/www.hoymercedes.com.ar\/principal\/wp-content\/uploads\/2020\/09\/1-juan-guinot.jpg","wps_subtitle":"Literatura local","jetpack_sharing_enabled":true,"_links":{"self":[{"href":"https:\/\/www.hoymercedes.com.ar\/principal\/wp-json\/wp\/v2\/posts\/115961","targetHints":{"allow":["GET"]}}],"collection":[{"href":"https:\/\/www.hoymercedes.com.ar\/principal\/wp-json\/wp\/v2\/posts"}],"about":[{"href":"https:\/\/www.hoymercedes.com.ar\/principal\/wp-json\/wp\/v2\/types\/post"}],"author":[{"embeddable":true,"href":"https:\/\/www.hoymercedes.com.ar\/principal\/wp-json\/wp\/v2\/users\/1"}],"replies":[{"embeddable":true,"href":"https:\/\/www.hoymercedes.com.ar\/principal\/wp-json\/wp\/v2\/comments?post=115961"}],"version-history":[{"count":0,"href":"https:\/\/www.hoymercedes.com.ar\/principal\/wp-json\/wp\/v2\/posts\/115961\/revisions"}],"wp:featuredmedia":[{"embeddable":true,"href":"https:\/\/www.hoymercedes.com.ar\/principal\/wp-json\/wp\/v2\/media\/115962"}],"wp:attachment":[{"href":"https:\/\/www.hoymercedes.com.ar\/principal\/wp-json\/wp\/v2\/media?parent=115961"}],"wp:term":[{"taxonomy":"category","embeddable":true,"href":"https:\/\/www.hoymercedes.com.ar\/principal\/wp-json\/wp\/v2\/categories?post=115961"},{"taxonomy":"post_tag","embeddable":true,"href":"https:\/\/www.hoymercedes.com.ar\/principal\/wp-json\/wp\/v2\/tags?post=115961"}],"curies":[{"name":"wp","href":"https:\/\/api.w.org\/{rel}","templated":true}]}}