{"id":115986,"date":"2020-09-01T08:07:05","date_gmt":"2020-09-01T11:07:05","guid":{"rendered":"http:\/\/www.hoymercedes.com.ar\/principal\/?p=115986"},"modified":"2020-09-02T10:40:51","modified_gmt":"2020-09-02T13:40:51","slug":"colocan-nuevas-rampas-para-discapacitados","status":"publish","type":"post","link":"https:\/\/www.hoymercedes.com.ar\/principal\/2020\/09\/01\/colocan-nuevas-rampas-para-discapacitados\/","title":{"rendered":"Colocan nuevas rampas para discapacitados"},"content":{"rendered":"\n<p>El Municipio de Mercedes inform\u00f3 que trabajadores municipales y cooperativistas est\u00e1n cambiando rampas para personas con discapacidad y movilidad reducida en los diferentes espacios p\u00fablicos de la ciudad. La comuna adquiri\u00f3 alrededor de 400 rampas nuevas que ser\u00e1n colocadas en distintos puntos de la ciudad. <\/p>\n\n\n\n<div class=\"wp-block-image\"><figure class=\"aligncenter size-large\"><img loading=\"lazy\" decoding=\"async\" width=\"800\" height=\"450\" data-attachment-id=\"115987\" data-permalink=\"https:\/\/www.hoymercedes.com.ar\/principal\/2020\/09\/01\/colocan-nuevas-rampas-para-discapacitados\/photo_2020-08-31_18-48-22-2\/#main\" data-orig-file=\"https:\/\/www.hoymercedes.com.ar\/principal\/wp-content\/uploads\/2020\/09\/photo_2020-08-31_18-48-22-2.jpg\" data-orig-size=\"800,450\" data-comments-opened=\"0\" data-image-meta=\"{&quot;aperture&quot;:&quot;0&quot;,&quot;credit&quot;:&quot;&quot;,&quot;camera&quot;:&quot;&quot;,&quot;caption&quot;:&quot;&quot;,&quot;created_timestamp&quot;:&quot;0&quot;,&quot;copyright&quot;:&quot;&quot;,&quot;focal_length&quot;:&quot;0&quot;,&quot;iso&quot;:&quot;0&quot;,&quot;shutter_speed&quot;:&quot;0&quot;,&quot;title&quot;:&quot;&quot;,&quot;orientation&quot;:&quot;0&quot;}\" data-image-title=\"01 muni rampa\" data-image-description=\"\" data-image-caption=\"\" data-large-file=\"https:\/\/www.hoymercedes.com.ar\/principal\/wp-content\/uploads\/2020\/09\/photo_2020-08-31_18-48-22-2.jpg\" src=\"https:\/\/www.hoymercedes.com.ar\/principal\/wp-content\/uploads\/2020\/09\/photo_2020-08-31_18-48-22-2.jpg\" alt=\"\" class=\"wp-image-115987\"\/><\/figure><\/div>\n\n\n\n<p>El intendente Juan Ignacio Ustarroz qui\u00e9n se hizo presente en el lugar se\u00f1al\u00f3 \u201cestamos acompa\u00f1ando a nuestros trabajadores municipales que est\u00e1n haciendo un trabajo de puesta en valor de la plaza San Lu\u00eds\u201d. &nbsp;<\/p>\n\n\n\n<p>Asimismo, Ustarroz expres\u00f3 \u201cen estos momentos est\u00e1n incorporando las rampas de discapacidad que hemos ido implementado, y seguiremos haciendo, en toda la ciudad\u201d y agreg\u00f3 \u201chemos incorporado m\u00e1s rampas para poder mejorar la accesibilidad y generar una ciudad m\u00e1s inclusiva e igualitaria\u201d. \u00a0<\/p>\n\n\n\n<p>\u201cEstamos muy contentos con todo el compromiso y el trabajo de nuestros trabajadores municipales que a pesar de la pandemia y las dificultades siempre est\u00e1n poniendo el hombro para que la ciudad crezca y se desarrolle\u201d destac\u00f3 el intendente Ustarroz y apunt\u00f3 \u201cpara nosotros en particular es muy importante la puesta en valor del espacio p\u00fablico para que cuando los vecinos vuelvan a utilizarlos los encuentren en las mejores condiciones posibles\u201d. &nbsp;<\/p>\n\n\n\n<p>Carlos Romero, quien encabeza las cuadrillas de trabajo manifest\u00f3 \u201cestamos reparando las rampas que se encuentran en las ochavas de las diferentes calles como as\u00ed tambi\u00e9n reparaci\u00f3n de cordones, con la idea de unificar todo lo que refiere a trabajos de hormig\u00f3n y bacheo en la ciudad\u201d y agreg\u00f3 \u201ceste fue un pedido del intendente Ustarroz, comenzamos ac\u00e1 y seguiremos por toda la ciudad, tenemos alrededor de 400 rampas, este es el primer paso entre los trabajadores municipales y cooperativistas sobre la colocaci\u00f3n de m\u00e1s y nuevas rampas\u201d.\u00a0\u00a0\u00a0<\/p>\n\n\n\n<p>Por Prensa Municipal &#8211;<\/p>\n","protected":false},"excerpt":{"rendered":"<p>El Municipio de Mercedes inform\u00f3 que trabajadores municipales y cooperativistas est\u00e1n cambiando rampas para personas con discapacidad y movilidad reducida &#8230; <a title=\"Colocan nuevas rampas para discapacitados\" class=\"read-more\" href=\"https:\/\/www.hoymercedes.com.ar\/principal\/2020\/09\/01\/colocan-nuevas-rampas-para-discapacitados\/\" aria-label=\"Leer m\u00e1s sobre Colocan nuevas rampas para discapacitados\">Leer m\u00e1s<\/a><\/p>\n","protected":false},"author":1,"featured_media":115988,"comment_status":"closed","ping_status":"open","sticky":false,"template":"","format":"standard","meta":{"_monsterinsights_skip_tracking":false,"_monsterinsights_sitenote_active":false,"_monsterinsights_sitenote_note":"","_monsterinsights_sitenote_category":0,"jetpack_post_was_ever_published":false,"_jetpack_newsletter_access":"","_jetpack_dont_email_post_to_subs":false,"_jetpack_newsletter_tier_id":0,"_jetpack_memberships_contains_paywalled_content":false,"_jetpack_memberships_contains_paid_content":false,"footnotes":"","jetpack_publicize_message":"","jetpack_publicize_feature_enabled":true,"jetpack_social_post_already_shared":true,"jetpack_social_options":{"image_generator_settings":{"template":"highway","default_image_id":0,"font":"","enabled":false},"version":2},"_wpas_customize_per_network":false},"categories":[30],"tags":[244,8665,8628],"class_list":["post-115986","post","type-post","status-publish","format-standard","has-post-thumbnail","hentry","category-municipio","tag-municipio-2","tag-rampas","tag-servicios-publicos","generate-columns","tablet-grid-50","mobile-grid-100","grid-parent","grid-50"],"jetpack_publicize_connections":[],"jetpack_featured_media_url":"https:\/\/www.hoymercedes.com.ar\/principal\/wp-content\/uploads\/2020\/09\/photo_2020-08-31_18-48-21.jpg","wps_subtitle":"En plaza San Luis","jetpack_sharing_enabled":true,"_links":{"self":[{"href":"https:\/\/www.hoymercedes.com.ar\/principal\/wp-json\/wp\/v2\/posts\/115986","targetHints":{"allow":["GET"]}}],"collection":[{"href":"https:\/\/www.hoymercedes.com.ar\/principal\/wp-json\/wp\/v2\/posts"}],"about":[{"href":"https:\/\/www.hoymercedes.com.ar\/principal\/wp-json\/wp\/v2\/types\/post"}],"author":[{"embeddable":true,"href":"https:\/\/www.hoymercedes.com.ar\/principal\/wp-json\/wp\/v2\/users\/1"}],"replies":[{"embeddable":true,"href":"https:\/\/www.hoymercedes.com.ar\/principal\/wp-json\/wp\/v2\/comments?post=115986"}],"version-history":[{"count":0,"href":"https:\/\/www.hoymercedes.com.ar\/principal\/wp-json\/wp\/v2\/posts\/115986\/revisions"}],"wp:featuredmedia":[{"embeddable":true,"href":"https:\/\/www.hoymercedes.com.ar\/principal\/wp-json\/wp\/v2\/media\/115988"}],"wp:attachment":[{"href":"https:\/\/www.hoymercedes.com.ar\/principal\/wp-json\/wp\/v2\/media?parent=115986"}],"wp:term":[{"taxonomy":"category","embeddable":true,"href":"https:\/\/www.hoymercedes.com.ar\/principal\/wp-json\/wp\/v2\/categories?post=115986"},{"taxonomy":"post_tag","embeddable":true,"href":"https:\/\/www.hoymercedes.com.ar\/principal\/wp-json\/wp\/v2\/tags?post=115986"}],"curies":[{"name":"wp","href":"https:\/\/api.w.org\/{rel}","templated":true}]}}