{"id":116035,"date":"2020-09-02T09:19:20","date_gmt":"2020-09-02T12:19:20","guid":{"rendered":"http:\/\/www.hoymercedes.com.ar\/principal\/?p=116035"},"modified":"2020-09-02T10:30:31","modified_gmt":"2020-09-02T13:30:31","slug":"fallecio-el-arzobispo-emerito-agustin-radrizzani","status":"publish","type":"post","link":"https:\/\/www.hoymercedes.com.ar\/principal\/2020\/09\/02\/fallecio-el-arzobispo-emerito-agustin-radrizzani\/","title":{"rendered":"Falleci\u00f3 el Arzobispo Em\u00e9rito Agust\u00edn Radrizzani"},"content":{"rendered":"\n<p>Por Redacci\u00f3n Grupo La Verdad &#8211; En horas de la madrugada de este mi\u00e9rcoles <strong>falleci\u00f3 en Jun\u00edn, Monse\u00f1or Agust\u00edn Radrizzani.<\/strong> El presb\u00edtero, de 75 a\u00f1os, se encontraba internado en el Hospital Interzonal General de Agudos de Jun\u00edn.<\/p>\n\n\n\n<p>El presb\u00edtero, de 75 a\u00f1os, se encontraba internado en el&nbsp;Hospital Interzonal General de Agudos de Jun\u00edn, aislado, y aguardaba el resultado del hisopado que le hab\u00edan practicado ayer.<\/p>\n\n\n\n<p>El Arzobispo Mercedes-Luj\u00e1n,&nbsp;<strong>Jorge Eduardo Scheinig<\/strong>, hab\u00eda indicado en las \u00faltimas horas que Monse\u00f1or Radrizzani viv\u00eda con la mam\u00e1 en el&nbsp;Hogar San Jos\u00e9 de Jun\u00edn, atendido por las hermanas de los&nbsp;Ancianos Desamparados de Santa Teresa de Jes\u00fas Jornet.<\/p>\n\n\n\n<p>Tras presentar un cuadro de fiebre lo internaron, lo trasladaron a una habitaci\u00f3n de aislamiento y le realizaron el hisopado por posible Covid.&nbsp;Pasada la 1.30 de este mi\u00e9rcoles falleci\u00f3. Se esperan los resultados de su hisopado para organizar las ceremonias f\u00fanebres. <\/p>\n\n\n\n<p>Monse\u00f1or Jorge Eduardo celebrar\u00e1 la misa a las 19:00 hs . en la Catedral de Mercedes por el eterno descanso de Mons. Agustin Radrizzani.<\/p>\n","protected":false},"excerpt":{"rendered":"<p>Por Redacci\u00f3n Grupo La Verdad &#8211; En horas de la madrugada de este mi\u00e9rcoles falleci\u00f3 en Jun\u00edn, Monse\u00f1or Agust\u00edn Radrizzani. &#8230; <a title=\"Falleci\u00f3 el Arzobispo Em\u00e9rito Agust\u00edn Radrizzani\" class=\"read-more\" href=\"https:\/\/www.hoymercedes.com.ar\/principal\/2020\/09\/02\/fallecio-el-arzobispo-emerito-agustin-radrizzani\/\" aria-label=\"Leer m\u00e1s sobre Falleci\u00f3 el Arzobispo Em\u00e9rito Agust\u00edn Radrizzani\">Leer m\u00e1s<\/a><\/p>\n","protected":false},"author":1,"featured_media":1234,"comment_status":"closed","ping_status":"open","sticky":false,"template":"","format":"standard","meta":{"_monsterinsights_skip_tracking":false,"_monsterinsights_sitenote_active":false,"_monsterinsights_sitenote_note":"","_monsterinsights_sitenote_category":0,"jetpack_post_was_ever_published":false,"_jetpack_newsletter_access":"","_jetpack_dont_email_post_to_subs":false,"_jetpack_newsletter_tier_id":0,"_jetpack_memberships_contains_paywalled_content":false,"_jetpack_memberships_contains_paid_content":false,"footnotes":"","jetpack_publicize_message":"","jetpack_publicize_feature_enabled":true,"jetpack_social_post_already_shared":true,"jetpack_social_options":{"image_generator_settings":{"template":"highway","default_image_id":0,"font":"","enabled":false},"version":2},"_wpas_customize_per_network":false},"categories":[8],"tags":[17027,8777,9637,290],"class_list":["post-116035","post","type-post","status-publish","format-standard","has-post-thumbnail","hentry","category-sociedad","tag-arzobipo","tag-fallecimiento","tag-iglesia","tag-radrizzani","generate-columns","tablet-grid-50","mobile-grid-100","grid-parent","grid-50"],"jetpack_publicize_connections":[],"jetpack_featured_media_url":"https:\/\/www.hoymercedes.com.ar\/principal\/wp-content\/uploads\/2010\/12\/radrizzani.jpg","wps_subtitle":"El domingo hab\u00eda comenzado con fiebre","jetpack_sharing_enabled":true,"_links":{"self":[{"href":"https:\/\/www.hoymercedes.com.ar\/principal\/wp-json\/wp\/v2\/posts\/116035","targetHints":{"allow":["GET"]}}],"collection":[{"href":"https:\/\/www.hoymercedes.com.ar\/principal\/wp-json\/wp\/v2\/posts"}],"about":[{"href":"https:\/\/www.hoymercedes.com.ar\/principal\/wp-json\/wp\/v2\/types\/post"}],"author":[{"embeddable":true,"href":"https:\/\/www.hoymercedes.com.ar\/principal\/wp-json\/wp\/v2\/users\/1"}],"replies":[{"embeddable":true,"href":"https:\/\/www.hoymercedes.com.ar\/principal\/wp-json\/wp\/v2\/comments?post=116035"}],"version-history":[{"count":0,"href":"https:\/\/www.hoymercedes.com.ar\/principal\/wp-json\/wp\/v2\/posts\/116035\/revisions"}],"wp:featuredmedia":[{"embeddable":true,"href":"https:\/\/www.hoymercedes.com.ar\/principal\/wp-json\/wp\/v2\/media\/1234"}],"wp:attachment":[{"href":"https:\/\/www.hoymercedes.com.ar\/principal\/wp-json\/wp\/v2\/media?parent=116035"}],"wp:term":[{"taxonomy":"category","embeddable":true,"href":"https:\/\/www.hoymercedes.com.ar\/principal\/wp-json\/wp\/v2\/categories?post=116035"},{"taxonomy":"post_tag","embeddable":true,"href":"https:\/\/www.hoymercedes.com.ar\/principal\/wp-json\/wp\/v2\/tags?post=116035"}],"curies":[{"name":"wp","href":"https:\/\/api.w.org\/{rel}","templated":true}]}}