{"id":116048,"date":"2020-09-02T10:15:00","date_gmt":"2020-09-02T13:15:00","guid":{"rendered":"http:\/\/www.hoymercedes.com.ar\/principal\/?p=116048"},"modified":"2020-09-02T10:21:14","modified_gmt":"2020-09-02T13:21:14","slug":"con-preocupacion-en-las-reuniones-privadas-se-realizo-un-nuevo-comite-de-crisis","status":"publish","type":"post","link":"https:\/\/www.hoymercedes.com.ar\/principal\/2020\/09\/02\/con-preocupacion-en-las-reuniones-privadas-se-realizo-un-nuevo-comite-de-crisis\/","title":{"rendered":"Con preocupaci\u00f3n en las reuniones privadas se realiz\u00f3 un nuevo Comit\u00e9 de Crisis"},"content":{"rendered":"\n<figure class=\"wp-block-image size-large\"><img loading=\"lazy\" decoding=\"async\" width=\"1280\" height=\"720\" data-attachment-id=\"116049\" data-permalink=\"https:\/\/www.hoymercedes.com.ar\/principal\/2020\/09\/02\/con-preocupacion-en-las-reuniones-privadas-se-realizo-un-nuevo-comite-de-crisis\/photo_2020-09-02_10-05-03\/#main\" data-orig-file=\"https:\/\/www.hoymercedes.com.ar\/principal\/wp-content\/uploads\/2020\/09\/photo_2020-09-02_10-05-03.jpg\" data-orig-size=\"1280,720\" data-comments-opened=\"0\" data-image-meta=\"{&quot;aperture&quot;:&quot;0&quot;,&quot;credit&quot;:&quot;&quot;,&quot;camera&quot;:&quot;&quot;,&quot;caption&quot;:&quot;&quot;,&quot;created_timestamp&quot;:&quot;0&quot;,&quot;copyright&quot;:&quot;&quot;,&quot;focal_length&quot;:&quot;0&quot;,&quot;iso&quot;:&quot;0&quot;,&quot;shutter_speed&quot;:&quot;0&quot;,&quot;title&quot;:&quot;&quot;,&quot;orientation&quot;:&quot;0&quot;}\" data-image-title=\"photo_2020-09-02_10-05-03\" data-image-description=\"\" data-image-caption=\"\" data-large-file=\"https:\/\/www.hoymercedes.com.ar\/principal\/wp-content\/uploads\/2020\/09\/photo_2020-09-02_10-05-03.jpg\" src=\"https:\/\/www.hoymercedes.com.ar\/principal\/wp-content\/uploads\/2020\/09\/photo_2020-09-02_10-05-03.jpg\" alt=\"\" class=\"wp-image-116049\"\/><\/figure>\n\n\n\n<p>Con un fluido intercambio se llev\u00f3 a cabo una nueva reuni\u00f3n del Comit\u00e9 de Crisis convocada por el intendente Juan I. Ustarroz. Se debati\u00f3 e intercambiaron informaciones sobre las posibles aperturas gastron\u00f3micas, las necesidades de reforzar la consciencia del cuidado, el nivel de ocupaci\u00f3n del sistema de salud y la realidad epidemiol\u00f3gica de la comunidad.<\/p>\n\n\n\n<p><strong>Salud<\/strong><\/p>\n\n\n\n<p>Se inform\u00f3 que el promedio de casos se mantiene en una media constante, con r\u00e1pido hallazgo de las ra\u00edces epidemiol\u00f3gicas. Que los focos abiertos son mayormente familias y que eso marca un cambio, al principio era por rubros o lazos econ\u00f3micos productivos, hoy es el \u201creunionismo\u201d<\/p>\n\n\n\n<p>\u201cAhora es claramente la reuni\u00f3n del \u00e1mbito privado donde se da el 95% de los casos, dentro de las casas. No ha habido un s\u00f3lo caso referido al fin de semana de la ni\u00f1ez. Ni uno s\u00f3lo. Si de cumplea\u00f1os, asados, encuentros familiares\u201d afirm\u00f3 el director del Hospital, Pablo Cassiani y coment\u00f3 que \u201cestamos viendo en las \u00faltimas semanas pacientes j\u00f3venes. Actualmente hay 6 pacientes covid internados en el Dubarry menores de 60 a\u00f1os. El promedio de estad\u00eda de un paciente covid en una cama internado son 25 d\u00edas, es un promedio de internaci\u00f3n alto\u201d<\/p>\n\n\n\n<p><strong>Intercambio<\/strong><\/p>\n\n\n\n<p>Asociaci\u00f3n M\u00e9dica remarc\u00f3 que \u201csabemos los recursos m\u00e9dicos no son ilimitados. Nos preocupa la realidad de las ciudades de la regi\u00f3n\u201d y comentaron detalles de c\u00f3mo sistemas de salud de muchas localidades y provincias est\u00e1n saturados.<\/p>\n\n\n\n<p>Se consult\u00f3 sobre el proyecto del \u201c\u00faltimo adi\u00f3s\u201d y se expusieron diversas opiniones con posiciones encontradas en un amplio debate. Desde Cl\u00ednica tambi\u00e9n afirmaron que \u201chay que ver cada situaci\u00f3n\u201d y destac\u00f3 que es algo que debe trabajarse.<\/p>\n\n\n\n<p>Tomaron la palabra en este caso el director del hospital, de la cl\u00ednica, el Padre Hern\u00e1n desde Iglesias cat\u00f3licas, desde todos los representantes de bloques del concejo deliberante, el intendente Ustarroz, entre otros.<\/p>\n\n\n\n<figure class=\"wp-block-image size-large\"><img loading=\"lazy\" decoding=\"async\" width=\"1280\" height=\"720\" data-attachment-id=\"116050\" data-permalink=\"https:\/\/www.hoymercedes.com.ar\/principal\/2020\/09\/02\/con-preocupacion-en-las-reuniones-privadas-se-realizo-un-nuevo-comite-de-crisis\/photo_2020-09-02_09-57-41\/#main\" data-orig-file=\"https:\/\/www.hoymercedes.com.ar\/principal\/wp-content\/uploads\/2020\/09\/photo_2020-09-02_09-57-41.jpg\" data-orig-size=\"1280,720\" data-comments-opened=\"0\" data-image-meta=\"{&quot;aperture&quot;:&quot;0&quot;,&quot;credit&quot;:&quot;&quot;,&quot;camera&quot;:&quot;&quot;,&quot;caption&quot;:&quot;&quot;,&quot;created_timestamp&quot;:&quot;0&quot;,&quot;copyright&quot;:&quot;&quot;,&quot;focal_length&quot;:&quot;0&quot;,&quot;iso&quot;:&quot;0&quot;,&quot;shutter_speed&quot;:&quot;0&quot;,&quot;title&quot;:&quot;&quot;,&quot;orientation&quot;:&quot;0&quot;}\" data-image-title=\"photo_2020-09-02_09-57-41\" data-image-description=\"\" data-image-caption=\"\" data-large-file=\"https:\/\/www.hoymercedes.com.ar\/principal\/wp-content\/uploads\/2020\/09\/photo_2020-09-02_09-57-41.jpg\" src=\"https:\/\/www.hoymercedes.com.ar\/principal\/wp-content\/uploads\/2020\/09\/photo_2020-09-02_09-57-41.jpg\" alt=\"\" class=\"wp-image-116050\"\/><\/figure>\n\n\n\n<p><strong>Salidas<\/strong><\/p>\n\n\n\n<p>Los j\u00f3venes de Centros de Estudiantes consultaron sobre las posibles salidas recreativas. Se inform\u00f3 que la reuni\u00f3n hasta 10 personas al aire libre en Mercedes a\u00fan no est\u00e1 regulada dado que desde la Provincia a\u00fan no se defini\u00f3 qu\u00e9 fase est\u00e1 habilitada.<\/p>\n\n\n\n<p>Sobre gastron\u00f3micos se narr\u00f3 la reuni\u00f3n del d\u00eda anterior. Que al estar en fase 4 hace 40 d\u00edas que podr\u00edan hacerlo, pero se demor\u00f3 porque se estudi\u00f3 el tema, se realizaron capacitaciones, se generaron los protocolos. Va a ser s\u00f3lo al aire libre y con reserva previa exclusivamente.<\/p>\n\n\n\n<p>\u201cSeguramente se genera un mensaje confuso entre las aperturas y la crisis de salud. Nada tiene 100% de unanimidad. Cuando se empez\u00f3 a trabajar est\u00e1bamos en una situaci\u00f3n mejor, pero tambi\u00e9n sabemos que el sector est\u00e1 enormemente golpeado\u201d especificaron en la reuni\u00f3n remarcando que es mejor reunirse en el \u201c\u00e1mbito p\u00fablico, con todos los protocolos, que en reuniones cerradas en domicilios sin medidas de seguridad socio sanitarias que, como se dijo, genera el 95% de contagios\u201d<\/p>\n\n\n\n<p>Es una posibilidad de reuni\u00f3n y que no sea en un lugar cerrado, sin protocolos, a escondidas. En las salidas gastron\u00f3micas estar\u00e1 regulado, controlado, con las medidas socio sanitarias y sin duda no tendr\u00e1 los peligros del reunionismo privado sin medidas.<\/p>\n\n\n\n<p>Si es necesario con los gastron\u00f3micos volver atr\u00e1s se har\u00e1. Es una experiencia que requiere mucho compromiso y responsabilidad.<\/p>\n\n\n\n<p>D\u00e9benos insistir en la pol\u00edtica de prevenci\u00f3n y contagio. Hay tambi\u00e9n que descomprimir un poco la sociedad.<\/p>\n","protected":false},"excerpt":{"rendered":"<p>Con un fluido intercambio se llev\u00f3 a cabo una nueva reuni\u00f3n del Comit\u00e9 de Crisis convocada por el intendente Juan &#8230; <a title=\"Con preocupaci\u00f3n en las reuniones privadas se realiz\u00f3 un nuevo Comit\u00e9 de Crisis\" class=\"read-more\" href=\"https:\/\/www.hoymercedes.com.ar\/principal\/2020\/09\/02\/con-preocupacion-en-las-reuniones-privadas-se-realizo-un-nuevo-comite-de-crisis\/\" aria-label=\"Leer m\u00e1s sobre Con preocupaci\u00f3n en las reuniones privadas se realiz\u00f3 un nuevo Comit\u00e9 de Crisis\">Leer m\u00e1s<\/a><\/p>\n","protected":false},"author":1,"featured_media":116049,"comment_status":"closed","ping_status":"open","sticky":false,"template":"","format":"standard","meta":{"_monsterinsights_skip_tracking":false,"_monsterinsights_sitenote_active":false,"_monsterinsights_sitenote_note":"","_monsterinsights_sitenote_category":0,"jetpack_post_was_ever_published":false,"_jetpack_newsletter_access":"","_jetpack_dont_email_post_to_subs":false,"_jetpack_newsletter_tier_id":0,"_jetpack_memberships_contains_paywalled_content":false,"_jetpack_memberships_contains_paid_content":false,"footnotes":"","jetpack_publicize_message":"","jetpack_publicize_feature_enabled":true,"jetpack_social_post_already_shared":false,"jetpack_social_options":{"image_generator_settings":{"template":"highway","default_image_id":0,"font":"","enabled":false},"version":2},"_wpas_customize_per_network":false},"categories":[30],"tags":[16345],"class_list":["post-116048","post","type-post","status-publish","format-standard","has-post-thumbnail","hentry","category-municipio","tag-comite-de-crisis","generate-columns","tablet-grid-50","mobile-grid-100","grid-parent","grid-50"],"jetpack_publicize_connections":[],"jetpack_featured_media_url":"https:\/\/www.hoymercedes.com.ar\/principal\/wp-content\/uploads\/2020\/09\/photo_2020-09-02_10-05-03.jpg","wps_subtitle":"Covid-19","jetpack_sharing_enabled":true,"_links":{"self":[{"href":"https:\/\/www.hoymercedes.com.ar\/principal\/wp-json\/wp\/v2\/posts\/116048","targetHints":{"allow":["GET"]}}],"collection":[{"href":"https:\/\/www.hoymercedes.com.ar\/principal\/wp-json\/wp\/v2\/posts"}],"about":[{"href":"https:\/\/www.hoymercedes.com.ar\/principal\/wp-json\/wp\/v2\/types\/post"}],"author":[{"embeddable":true,"href":"https:\/\/www.hoymercedes.com.ar\/principal\/wp-json\/wp\/v2\/users\/1"}],"replies":[{"embeddable":true,"href":"https:\/\/www.hoymercedes.com.ar\/principal\/wp-json\/wp\/v2\/comments?post=116048"}],"version-history":[{"count":0,"href":"https:\/\/www.hoymercedes.com.ar\/principal\/wp-json\/wp\/v2\/posts\/116048\/revisions"}],"wp:featuredmedia":[{"embeddable":true,"href":"https:\/\/www.hoymercedes.com.ar\/principal\/wp-json\/wp\/v2\/media\/116049"}],"wp:attachment":[{"href":"https:\/\/www.hoymercedes.com.ar\/principal\/wp-json\/wp\/v2\/media?parent=116048"}],"wp:term":[{"taxonomy":"category","embeddable":true,"href":"https:\/\/www.hoymercedes.com.ar\/principal\/wp-json\/wp\/v2\/categories?post=116048"},{"taxonomy":"post_tag","embeddable":true,"href":"https:\/\/www.hoymercedes.com.ar\/principal\/wp-json\/wp\/v2\/tags?post=116048"}],"curies":[{"name":"wp","href":"https:\/\/api.w.org\/{rel}","templated":true}]}}