{"id":11607,"date":"2012-03-19T02:14:31","date_gmt":"2012-03-19T02:14:31","guid":{"rendered":"http:\/\/www.hoymercedes.com.ar\/principal\/?p=11607"},"modified":"2012-03-19T02:14:31","modified_gmt":"2012-03-19T02:14:31","slug":"el-centro-socialista-de-mercedes-participo-del-congreso-nacional-del-partido-socialista","status":"publish","type":"post","link":"https:\/\/www.hoymercedes.com.ar\/principal\/2012\/03\/19\/el-centro-socialista-de-mercedes-participo-del-congreso-nacional-del-partido-socialista\/","title":{"rendered":"El Centro Socialista de Mercedes particip\u00f3 del  Congreso Nacional del Partido Socialista"},"content":{"rendered":"<p><a href=\"https:\/\/www.hoymercedes.com.ar\/principal\/wp-content\/uploads\/2012\/03\/Socialistas-Binner-Encuentro.jpg\"><img loading=\"lazy\" decoding=\"async\" data-attachment-id=\"11609\" data-permalink=\"https:\/\/www.hoymercedes.com.ar\/principal\/2012\/03\/19\/el-centro-socialista-de-mercedes-participo-del-congreso-nacional-del-partido-socialista\/socialistas-binner-encuentro\/#main\" data-orig-file=\"https:\/\/www.hoymercedes.com.ar\/principal\/wp-content\/uploads\/2012\/03\/Socialistas-Binner-Encuentro.jpg\" data-orig-size=\"612,408\" data-comments-opened=\"1\" data-image-meta=\"{&quot;aperture&quot;:&quot;2.8&quot;,&quot;credit&quot;:&quot;&quot;,&quot;camera&quot;:&quot;DSC-HX1&quot;,&quot;caption&quot;:&quot;&quot;,&quot;created_timestamp&quot;:&quot;1332007015&quot;,&quot;copyright&quot;:&quot;&quot;,&quot;focal_length&quot;:&quot;5&quot;,&quot;iso&quot;:&quot;200&quot;,&quot;shutter_speed&quot;:&quot;0.033333333333333&quot;,&quot;title&quot;:&quot;&quot;}\" data-image-title=\"Socialistas-Binner-Encuentro\" data-image-description=\"\" data-image-caption=\"\" data-large-file=\"https:\/\/www.hoymercedes.com.ar\/principal\/wp-content\/uploads\/2012\/03\/Socialistas-Binner-Encuentro.jpg\" class=\"aligncenter size-full wp-image-11609\" title=\"Socialistas-Binner-Encuentro\" src=\"https:\/\/www.hoymercedes.com.ar\/principal\/wp-content\/uploads\/2012\/03\/Socialistas-Binner-Encuentro.jpg\" alt=\"\" width=\"612\" height=\"408\" \/><\/a><\/p>\n<p>Este s\u00e1bado 17 de marzo se llev\u00f3 adelante el IV Congreso Nacional del Partido Socialista, que se realiz\u00f3 en la Ciudad Aut\u00f3noma de Buenos Aires y del cual particip\u00f3 su congresal local Jose Luis Pisano. Del encuentro participaron el principal referente del PS y ex gobernador de Santa Fe, Hermes Binner, Antonio Bonfatti, Rub\u00e9n Giustiniani, M\u00f3nica Fein, Miguel Lifschitz, los diputados nacionales Juan Carlos Zabalza, Roy Cortina, Elida Rasino, Alicia Ciciliani y Ricardo Cuccovillo, legisladores provinciales y municipales, funcionarios y autoridades socialistas de todo el pa\u00eds junto a m\u00e1s de 1000 representantes de las 24 federaciones.<\/p>\n<p>\u201cEl Socialismo est\u00e1 dispuesto a escribir una nueva p\u00e1gina junto a otras fuerzas pol\u00edticas y sociales que tengan como objetivo el bienestar de los argentinos\u201d, sostuvo el ex candidato a presidente por el Frente Amplio Progresista, Hermes Binner, al cerrar el congreso.<\/p>\n<p>\u201cVenimos a renovar las ideas. Las viejas recetas se agotaron junto al crecimiento de los problemas que no supieron resolver y por ello nuestra defensa de las instituciones p\u00fablicas y privadas\u201d, se\u00f1al\u00f3 Binner y agreg\u00f3: \u201cCreemos que hay otra econom\u00eda que no tenga como meta resolver los problemas del capital financiero. Buscamos una econom\u00eda de la prosperidad, donde la solidaridad con los que menos tienen se exprese en salarios dignos e impuestos justos. Donde la preocupaci\u00f3n del Estado se manifieste en promover la industrializaci\u00f3n de los productos primarios lo m\u00e1s cerca posible de su producci\u00f3n para generar mayor distribuci\u00f3n territorial de los argentinos a trav\u00e9s del trabajo y la creaci\u00f3n de valor\u201d.<\/p>\n<p>El ex gobernador de Santa Fe remarc\u00f3 que \u201clas y los socialistas creemos que es necesaria una nueva agenda social y medioambiental que defienda el progreso humano en beneficio de toda la sociedad. No queremos ser s\u00f3lo habitantes de un pa\u00eds insolidario, queremos ser ciudadanos de una Argentina en la que se respetan los derechos constitucionales\u201d.<\/p>\n<p>Por otra parte, destac\u00f3 la importancia del rol de los j\u00f3venes al se\u00f1alar que son \u201cesp\u00edritu y motor del cambio positivo que debe lograr nuestra sociedad\u201d. \u201cLa juventud no puede estar condenada a esperar, debe ser protagonista junto a toda la sociedad de construir ese sue\u00f1o colectivo de un mundo mejor\u201d, desatac\u00f3 y agreg\u00f3: \u201cLas y los socialistas propiciamos un di\u00e1logo federal intergeneracional, que respete g\u00e9nero y diversidad\u201d.<\/p>\n<p>Binner explic\u00f3 que la realidad es compleja, y no se cambia con propuestas simples, sino que \u201crequiere de cambios necesariamente complejos\u201d; y propuso: \u201cEs necesario constituir el Consejo Econ\u00f3mico y Social para sentar en la misma mesa a los actores econ\u00f3micos, sociales y pol\u00edticos para acordar qu\u00e9 pa\u00eds queremos y dise\u00f1ar un plan estrat\u00e9gico que lleve certidumbre a la sociedad\u201d.<\/p>\n<p>\u201cEl socialismo est\u00e1 dispuesto a escribir una nueva p\u00e1gina junto a otras fuerzas pol\u00edticas y sociales que tengan como objetivo el bienestar de los argentinos \u2013 prosigui\u00f3 Binner \u2013. No buscamos liderazgos individuales, buscamos liderazgos colectivos, en celeste y blanco. Por eso reivindicamos el papel de la pol\u00edtica por sobre la econom\u00eda\u201d.<\/p>\n<p>\u201cEn la vida nos podremos arrepentir de muchas cosas pero nunca de luchar por construir un mundo m\u00e1s justo\u201d, finaliz\u00f3.<\/p>\n","protected":false},"excerpt":{"rendered":"<p>Este s\u00e1bado 17 de marzo se llev\u00f3 adelante el IV Congreso Nacional del Partido Socialista, que se realiz\u00f3 en la &#8230; <a title=\"El Centro Socialista de Mercedes particip\u00f3 del  Congreso Nacional del Partido Socialista\" class=\"read-more\" href=\"https:\/\/www.hoymercedes.com.ar\/principal\/2012\/03\/19\/el-centro-socialista-de-mercedes-participo-del-congreso-nacional-del-partido-socialista\/\" aria-label=\"Leer m\u00e1s sobre El Centro Socialista de Mercedes particip\u00f3 del  Congreso Nacional del Partido Socialista\">Leer m\u00e1s<\/a><\/p>\n","protected":false},"author":1,"featured_media":0,"comment_status":"open","ping_status":"open","sticky":false,"template":"","format":"standard","meta":{"_monsterinsights_skip_tracking":false,"_monsterinsights_sitenote_active":false,"_monsterinsights_sitenote_note":"","_monsterinsights_sitenote_category":0,"jetpack_post_was_ever_published":false,"_jetpack_newsletter_access":"","_jetpack_dont_email_post_to_subs":false,"_jetpack_newsletter_tier_id":0,"_jetpack_memberships_contains_paywalled_content":false,"_jetpack_memberships_contains_paid_content":false,"footnotes":"","jetpack_publicize_message":"","jetpack_publicize_feature_enabled":true,"jetpack_social_post_already_shared":false,"jetpack_social_options":{"image_generator_settings":{"template":"highway","default_image_id":0,"font":"","enabled":false},"version":2},"_wpas_customize_per_network":false},"categories":[5],"tags":[1969],"class_list":["post-11607","post","type-post","status-publish","format-standard","hentry","category-politica","tag-socialistas-mercedes","generate-columns","tablet-grid-50","mobile-grid-100","grid-parent","grid-50"],"jetpack_publicize_connections":[],"jetpack_featured_media_url":"","wps_subtitle":"","jetpack_sharing_enabled":true,"_links":{"self":[{"href":"https:\/\/www.hoymercedes.com.ar\/principal\/wp-json\/wp\/v2\/posts\/11607","targetHints":{"allow":["GET"]}}],"collection":[{"href":"https:\/\/www.hoymercedes.com.ar\/principal\/wp-json\/wp\/v2\/posts"}],"about":[{"href":"https:\/\/www.hoymercedes.com.ar\/principal\/wp-json\/wp\/v2\/types\/post"}],"author":[{"embeddable":true,"href":"https:\/\/www.hoymercedes.com.ar\/principal\/wp-json\/wp\/v2\/users\/1"}],"replies":[{"embeddable":true,"href":"https:\/\/www.hoymercedes.com.ar\/principal\/wp-json\/wp\/v2\/comments?post=11607"}],"version-history":[{"count":0,"href":"https:\/\/www.hoymercedes.com.ar\/principal\/wp-json\/wp\/v2\/posts\/11607\/revisions"}],"wp:attachment":[{"href":"https:\/\/www.hoymercedes.com.ar\/principal\/wp-json\/wp\/v2\/media?parent=11607"}],"wp:term":[{"taxonomy":"category","embeddable":true,"href":"https:\/\/www.hoymercedes.com.ar\/principal\/wp-json\/wp\/v2\/categories?post=11607"},{"taxonomy":"post_tag","embeddable":true,"href":"https:\/\/www.hoymercedes.com.ar\/principal\/wp-json\/wp\/v2\/tags?post=11607"}],"curies":[{"name":"wp","href":"https:\/\/api.w.org\/{rel}","templated":true}]}}