{"id":116084,"date":"2020-09-02T23:11:06","date_gmt":"2020-09-03T02:11:06","guid":{"rendered":"http:\/\/www.hoymercedes.com.ar\/principal\/?p=116084"},"modified":"2020-09-02T23:27:16","modified_gmt":"2020-09-03T02:27:16","slug":"confirman-que-monsenor-radrizzani-dio-positivo-de-covid-19","status":"publish","type":"post","link":"https:\/\/www.hoymercedes.com.ar\/principal\/2020\/09\/02\/confirman-que-monsenor-radrizzani-dio-positivo-de-covid-19\/","title":{"rendered":"Confirman que Monse\u00f1or Radrizzani dio positivo de covid-19"},"content":{"rendered":"\n<p>El Arzobispo de Mercedes Luj\u00e1n, Monse\u00f1or Jorge Eduardo Scheinig, fue el responsable de confirmar a la comunidad religiosa que el Arzobispo Em\u00e9rito Agust\u00edn Radrizzani que falleci\u00f3 en la madrugada de este mi\u00e9rcoles dio positivo de covid-19. Durante la tarde, el Arzobispo hab\u00eda celebrado una misa en la Catedral de Mercedes por el eterno descanso de Radrizzani. <\/p>\n\n\n\n<p>Compartimos la comunicaci\u00f3n: <\/p>\n\n\n\n<div class=\"wp-block-image\"><figure class=\"aligncenter size-large\"><img loading=\"lazy\" decoding=\"async\" width=\"750\" height=\"652\" data-attachment-id=\"116080\" data-permalink=\"https:\/\/www.hoymercedes.com.ar\/principal\/2020\/09\/02\/coronavirus-un-fallecimiento-y-21-nuevos-casos-positivos\/whatsapp-image-2020-09-02-at-22-50-01\/#main\" data-orig-file=\"https:\/\/www.hoymercedes.com.ar\/principal\/wp-content\/uploads\/2020\/09\/WhatsApp-Image-2020-09-02-at-22.50.01.jpeg\" data-orig-size=\"750,652\" data-comments-opened=\"0\" data-image-meta=\"{&quot;aperture&quot;:&quot;0&quot;,&quot;credit&quot;:&quot;&quot;,&quot;camera&quot;:&quot;&quot;,&quot;caption&quot;:&quot;&quot;,&quot;created_timestamp&quot;:&quot;0&quot;,&quot;copyright&quot;:&quot;&quot;,&quot;focal_length&quot;:&quot;0&quot;,&quot;iso&quot;:&quot;0&quot;,&quot;shutter_speed&quot;:&quot;0&quot;,&quot;title&quot;:&quot;&quot;,&quot;orientation&quot;:&quot;0&quot;}\" data-image-title=\"WhatsApp Image 2020-09-02 at 22.50.01\" data-image-description=\"\" data-image-caption=\"\" data-large-file=\"https:\/\/www.hoymercedes.com.ar\/principal\/wp-content\/uploads\/2020\/09\/WhatsApp-Image-2020-09-02-at-22.50.01.jpeg\" src=\"https:\/\/www.hoymercedes.com.ar\/principal\/wp-content\/uploads\/2020\/09\/WhatsApp-Image-2020-09-02-at-22.50.01.jpeg\" alt=\"\" class=\"wp-image-116080\"\/><\/figure><\/div>\n\n\n\n<p><\/p>\n\n\n\n<p>Compartimos la misa celebrada en la tarde del mi\u00e9rcoles en la Catedral de Mercedes:<\/p>\n\n\n\n<figure class=\"wp-block-embed-facebook wp-block-embed is-type-video is-provider-facebook\"><div class=\"wp-block-embed__wrapper\">\n<div class=\"fb-video\" data-allowfullscreen=\"true\" data-href=\"https:\/\/www.facebook.com\/1675022276075005\/videos\/312834289785024\/\" style=\"background-color: #fff; display: inline-block;\"><\/div>\n<\/div><\/figure>\n","protected":false},"excerpt":{"rendered":"<p>El Arzobispo de Mercedes Luj\u00e1n, Monse\u00f1or Jorge Eduardo Scheinig, fue el responsable de confirmar a la comunidad religiosa que el &#8230; <a title=\"Confirman que Monse\u00f1or Radrizzani dio positivo de covid-19\" class=\"read-more\" href=\"https:\/\/www.hoymercedes.com.ar\/principal\/2020\/09\/02\/confirman-que-monsenor-radrizzani-dio-positivo-de-covid-19\/\" aria-label=\"Leer m\u00e1s sobre Confirman que Monse\u00f1or Radrizzani dio positivo de covid-19\">Leer m\u00e1s<\/a><\/p>\n","protected":false},"author":1,"featured_media":100885,"comment_status":"closed","ping_status":"open","sticky":false,"template":"","format":"standard","meta":{"_monsterinsights_skip_tracking":false,"_monsterinsights_sitenote_active":false,"_monsterinsights_sitenote_note":"","_monsterinsights_sitenote_category":0,"jetpack_post_was_ever_published":false,"_jetpack_newsletter_access":"","_jetpack_dont_email_post_to_subs":false,"_jetpack_newsletter_tier_id":0,"_jetpack_memberships_contains_paywalled_content":false,"_jetpack_memberships_contains_paid_content":false,"footnotes":"","jetpack_publicize_message":"","jetpack_publicize_feature_enabled":true,"jetpack_social_post_already_shared":true,"jetpack_social_options":{"image_generator_settings":{"template":"highway","default_image_id":0,"font":"","enabled":false},"version":2},"_wpas_customize_per_network":false},"categories":[8],"tags":[3014,16175,16313,9083,839],"class_list":["post-116084","post","type-post","status-publish","format-standard","has-post-thumbnail","hentry","category-sociedad","tag-arzobispado-mercedes-lujan","tag-coronavirus","tag-covid-19","tag-junin","tag-monsenor-radrizzani","generate-columns","tablet-grid-50","mobile-grid-100","grid-parent","grid-50"],"jetpack_publicize_connections":[],"jetpack_featured_media_url":"https:\/\/www.hoymercedes.com.ar\/principal\/wp-content\/uploads\/2019\/10\/4-monse\u00f1or-sheining.jpg","wps_subtitle":"Confirmado por el Arzobispado","jetpack_sharing_enabled":true,"_links":{"self":[{"href":"https:\/\/www.hoymercedes.com.ar\/principal\/wp-json\/wp\/v2\/posts\/116084","targetHints":{"allow":["GET"]}}],"collection":[{"href":"https:\/\/www.hoymercedes.com.ar\/principal\/wp-json\/wp\/v2\/posts"}],"about":[{"href":"https:\/\/www.hoymercedes.com.ar\/principal\/wp-json\/wp\/v2\/types\/post"}],"author":[{"embeddable":true,"href":"https:\/\/www.hoymercedes.com.ar\/principal\/wp-json\/wp\/v2\/users\/1"}],"replies":[{"embeddable":true,"href":"https:\/\/www.hoymercedes.com.ar\/principal\/wp-json\/wp\/v2\/comments?post=116084"}],"version-history":[{"count":0,"href":"https:\/\/www.hoymercedes.com.ar\/principal\/wp-json\/wp\/v2\/posts\/116084\/revisions"}],"wp:featuredmedia":[{"embeddable":true,"href":"https:\/\/www.hoymercedes.com.ar\/principal\/wp-json\/wp\/v2\/media\/100885"}],"wp:attachment":[{"href":"https:\/\/www.hoymercedes.com.ar\/principal\/wp-json\/wp\/v2\/media?parent=116084"}],"wp:term":[{"taxonomy":"category","embeddable":true,"href":"https:\/\/www.hoymercedes.com.ar\/principal\/wp-json\/wp\/v2\/categories?post=116084"},{"taxonomy":"post_tag","embeddable":true,"href":"https:\/\/www.hoymercedes.com.ar\/principal\/wp-json\/wp\/v2\/tags?post=116084"}],"curies":[{"name":"wp","href":"https:\/\/api.w.org\/{rel}","templated":true}]}}