{"id":116089,"date":"2020-09-03T07:24:40","date_gmt":"2020-09-03T10:24:40","guid":{"rendered":"http:\/\/www.hoymercedes.com.ar\/principal\/?p=116089"},"modified":"2020-09-02T23:26:40","modified_gmt":"2020-09-03T02:26:40","slug":"procrear-44-mercedinos-sorteados-para-los-creditos","status":"publish","type":"post","link":"https:\/\/www.hoymercedes.com.ar\/principal\/2020\/09\/03\/procrear-44-mercedinos-sorteados-para-los-creditos\/","title":{"rendered":"PROCREAR: 44 mercedinos sorteados para los cr\u00e9ditos"},"content":{"rendered":"\n<p>Este pasado 28 de agosto se realiz\u00f3 el primer sorteo de las diferentes l\u00edneas de cr\u00e9dito del programa nacional Procrear y varios mercedinos salieron beneficiados con la posibilidad de sacar el pr\u00e9stamo. &nbsp;En esta oportunidad, 44 vecinos salieron sorteados para los cr\u00e9ditos de refacci\u00f3n y mejoramiento. <\/p>\n\n\n\n<p>La Provincia de Buenos Aires tuvo un total de 15.329 ganadores donde un 11% gan\u00f3 para la l\u00ednea Mejoramiento y Refacciones 3, un 11% para la l\u00ednea Mejoramiento Refacciones 2, un 37% para la l\u00ednea Mejoramiento Refacciones 1 y el restante 41% para la l\u00ednea Microcr\u00e9dito para Mejoramiento Materiales. &nbsp;<\/p>\n\n\n\n<p>Para el partido de Mercedes hubo 44 vecinos que salieron sorteados y que van a poder acceder a esta importante herramienta para hacer cumplir su sue\u00f1o de la casa propia o lograr una ampliaci\u00f3n. &nbsp;<\/p>\n","protected":false},"excerpt":{"rendered":"<p>Este pasado 28 de agosto se realiz\u00f3 el primer sorteo de las diferentes l\u00edneas de cr\u00e9dito del programa nacional Procrear &#8230; <a title=\"PROCREAR: 44 mercedinos sorteados para los cr\u00e9ditos\" class=\"read-more\" href=\"https:\/\/www.hoymercedes.com.ar\/principal\/2020\/09\/03\/procrear-44-mercedinos-sorteados-para-los-creditos\/\" aria-label=\"Leer m\u00e1s sobre PROCREAR: 44 mercedinos sorteados para los cr\u00e9ditos\">Leer m\u00e1s<\/a><\/p>\n","protected":false},"author":1,"featured_media":116088,"comment_status":"closed","ping_status":"open","sticky":false,"template":"","format":"standard","meta":{"_monsterinsights_skip_tracking":false,"_monsterinsights_sitenote_active":false,"_monsterinsights_sitenote_note":"","_monsterinsights_sitenote_category":0,"jetpack_post_was_ever_published":false,"_jetpack_newsletter_access":"","_jetpack_dont_email_post_to_subs":false,"_jetpack_newsletter_tier_id":0,"_jetpack_memberships_contains_paywalled_content":false,"_jetpack_memberships_contains_paid_content":false,"footnotes":"","jetpack_publicize_message":"","jetpack_publicize_feature_enabled":true,"jetpack_social_post_already_shared":true,"jetpack_social_options":{"image_generator_settings":{"template":"highway","default_image_id":0,"font":"","enabled":false},"version":2},"_wpas_customize_per_network":false},"categories":[5210],"tags":[8142,244,3435,8623],"class_list":["post-116089","post","type-post","status-publish","format-standard","has-post-thumbnail","hentry","category-politica-nacional","tag-creditos","tag-municipio-2","tag-procrear","tag-sorteos","generate-columns","tablet-grid-50","mobile-grid-100","grid-parent","grid-50"],"jetpack_publicize_connections":[],"jetpack_featured_media_url":"https:\/\/www.hoymercedes.com.ar\/principal\/wp-content\/uploads\/2020\/09\/plan-procrear-2020-anses.jpg","wps_subtitle":"Beneficiados para iniciar los tr\u00e1mites","jetpack_sharing_enabled":true,"_links":{"self":[{"href":"https:\/\/www.hoymercedes.com.ar\/principal\/wp-json\/wp\/v2\/posts\/116089","targetHints":{"allow":["GET"]}}],"collection":[{"href":"https:\/\/www.hoymercedes.com.ar\/principal\/wp-json\/wp\/v2\/posts"}],"about":[{"href":"https:\/\/www.hoymercedes.com.ar\/principal\/wp-json\/wp\/v2\/types\/post"}],"author":[{"embeddable":true,"href":"https:\/\/www.hoymercedes.com.ar\/principal\/wp-json\/wp\/v2\/users\/1"}],"replies":[{"embeddable":true,"href":"https:\/\/www.hoymercedes.com.ar\/principal\/wp-json\/wp\/v2\/comments?post=116089"}],"version-history":[{"count":0,"href":"https:\/\/www.hoymercedes.com.ar\/principal\/wp-json\/wp\/v2\/posts\/116089\/revisions"}],"wp:featuredmedia":[{"embeddable":true,"href":"https:\/\/www.hoymercedes.com.ar\/principal\/wp-json\/wp\/v2\/media\/116088"}],"wp:attachment":[{"href":"https:\/\/www.hoymercedes.com.ar\/principal\/wp-json\/wp\/v2\/media?parent=116089"}],"wp:term":[{"taxonomy":"category","embeddable":true,"href":"https:\/\/www.hoymercedes.com.ar\/principal\/wp-json\/wp\/v2\/categories?post=116089"},{"taxonomy":"post_tag","embeddable":true,"href":"https:\/\/www.hoymercedes.com.ar\/principal\/wp-json\/wp\/v2\/tags?post=116089"}],"curies":[{"name":"wp","href":"https:\/\/api.w.org\/{rel}","templated":true}]}}