{"id":116101,"date":"2020-09-03T17:10:51","date_gmt":"2020-09-03T20:10:51","guid":{"rendered":"http:\/\/www.hoymercedes.com.ar\/principal\/?p=116101"},"modified":"2020-09-03T17:10:57","modified_gmt":"2020-09-03T20:10:57","slug":"facundo-lescano-jugara-en-sambenedettese-junto-a-maxi-lopez-ruben-botta-y-dirigido-por-paolo-montero","status":"publish","type":"post","link":"https:\/\/www.hoymercedes.com.ar\/principal\/2020\/09\/03\/facundo-lescano-jugara-en-sambenedettese-junto-a-maxi-lopez-ruben-botta-y-dirigido-por-paolo-montero\/","title":{"rendered":"Facundo Lescano jugar\u00e1 en Sambenedettese junto a Maxi L\u00f3pez, Ruben Botta y dirigido por Paolo Montero"},"content":{"rendered":"\n<p>Luego de haber mantenido la categor\u00eda en la Serie C con el Sicula Leonzio, Facundo Lescano jugar\u00e1 en US Sambenedettese de la misma categor\u00eda italiana. El delantero mercedino firm\u00f3 contrato por tres a\u00f1os con un equipo que tendr\u00e1 la particularidad de tener nueve argentinos en el plantel, uno de ellos Maxi L\u00f3pez, y ser\u00e1 dirigido por el uruguayo Paolo Montero.<\/p>\n\n\n\n<figure class=\"wp-block-image size-large\"><img loading=\"lazy\" decoding=\"async\" width=\"1080\" height=\"903\" data-attachment-id=\"116102\" data-permalink=\"https:\/\/www.hoymercedes.com.ar\/principal\/2020\/09\/03\/facundo-lescano-jugara-en-sambenedettese-junto-a-maxi-lopez-ruben-botta-y-dirigido-por-paolo-montero\/facundo-lescano-sambedenettese\/#main\" data-orig-file=\"https:\/\/www.hoymercedes.com.ar\/principal\/wp-content\/uploads\/2020\/09\/Facundo-Lescano-Sambedenettese.png\" data-orig-size=\"1080,903\" data-comments-opened=\"0\" data-image-meta=\"{&quot;aperture&quot;:&quot;0&quot;,&quot;credit&quot;:&quot;&quot;,&quot;camera&quot;:&quot;&quot;,&quot;caption&quot;:&quot;&quot;,&quot;created_timestamp&quot;:&quot;0&quot;,&quot;copyright&quot;:&quot;&quot;,&quot;focal_length&quot;:&quot;0&quot;,&quot;iso&quot;:&quot;0&quot;,&quot;shutter_speed&quot;:&quot;0&quot;,&quot;title&quot;:&quot;&quot;,&quot;orientation&quot;:&quot;0&quot;}\" data-image-title=\"Facundo-Lescano-Sambedenettese\" data-image-description=\"\" data-image-caption=\"\" data-large-file=\"https:\/\/www.hoymercedes.com.ar\/principal\/wp-content\/uploads\/2020\/09\/Facundo-Lescano-Sambedenettese.png\" src=\"https:\/\/www.hoymercedes.com.ar\/principal\/wp-content\/uploads\/2020\/09\/Facundo-Lescano-Sambedenettese.png\" alt=\"\" class=\"wp-image-116102\"\/><\/figure>\n\n\n\n<p>\u00ab\u00a0Estoy muy feliz de haber llegado a Samb y quiero agradecer de coraz\u00f3n al presidente Domenico Serafino.\u00a0\u00a1Vamos Samba!\u00a0\u00bb Fueron las primeras palabras de Lescano en el Rossoblu, recogidas por la oficina de prensa del club.<\/p>\n\n\n\n<p>El joven delantero de 24 a\u00f1os tiene ya una prol\u00edfica trayectoria en el ascenso italiano, luego de debutar en la Serie A con Torino, jug\u00f3 en Igea, Siena, Melfi, Monopoli, dos pasos por Sicula Leonzio, Potenza y Telstar de la Segunda Divisi\u00f3n de Holanda. Viene de marcar 11 goles en 29 partidos, adem\u00e1s de realizar dos asistencias en la temporada que finaliz\u00f3 en julio.<\/p>\n\n\n\n<p>Como ocurri\u00f3 hace algunos a\u00f1os con Catania, que estaba poblado de argentinos, ahora ocurre lo mismo con Sambenedettese, ya que adem\u00e1s de Maxi L\u00f3pez y Ruben Botta, est\u00e1n el arquero Gonzalo Laborda, el defensor Esteban Goicoechea, el volante Santiago Chac\u00f3n, y el delantero Francesco Serafino. A todo esto se suma que su presidente, Dom\u00e9nico Serafino, tiene doble nacionalidad: italiana y argentina.<\/p>\n\n\n\n<p>El club fue fundado en 1923 con refundaciones en 1994, 2006, 2009 y 2013 y su m\u00e1ximo logro fue haber jugado en la Serie B, algo que no ocurre desde 1989. Su estadio es \u00a0el Riviera delle Palme\u00a0de\u00a0San Benedetto del Tronto, con capacidad para 13.708 espectadores y su cl\u00e1sico es Ascoli, quien actualmente est\u00e1 en la Serie B.<\/p>\n","protected":false},"excerpt":{"rendered":"<p>Luego de haber mantenido la categor\u00eda en la Serie C con el Sicula Leonzio, Facundo Lescano jugar\u00e1 en US Sambenedettese &#8230; <a title=\"Facundo Lescano jugar\u00e1 en Sambenedettese junto a Maxi L\u00f3pez, Ruben Botta y dirigido por Paolo Montero\" class=\"read-more\" href=\"https:\/\/www.hoymercedes.com.ar\/principal\/2020\/09\/03\/facundo-lescano-jugara-en-sambenedettese-junto-a-maxi-lopez-ruben-botta-y-dirigido-por-paolo-montero\/\" aria-label=\"Leer m\u00e1s sobre Facundo Lescano jugar\u00e1 en Sambenedettese junto a Maxi L\u00f3pez, Ruben Botta y dirigido por Paolo Montero\">Leer m\u00e1s<\/a><\/p>\n","protected":false},"author":1,"featured_media":116102,"comment_status":"closed","ping_status":"open","sticky":false,"template":"","format":"standard","meta":{"_monsterinsights_skip_tracking":false,"_monsterinsights_sitenote_active":false,"_monsterinsights_sitenote_note":"","_monsterinsights_sitenote_category":0,"jetpack_post_was_ever_published":false,"_jetpack_newsletter_access":"","_jetpack_dont_email_post_to_subs":false,"_jetpack_newsletter_tier_id":0,"_jetpack_memberships_contains_paywalled_content":false,"_jetpack_memberships_contains_paid_content":false,"footnotes":"","jetpack_publicize_message":"","jetpack_publicize_feature_enabled":true,"jetpack_social_post_already_shared":true,"jetpack_social_options":{"image_generator_settings":{"template":"highway","default_image_id":0,"font":"","enabled":false},"version":2},"_wpas_customize_per_network":false},"categories":[21],"tags":[6809,17036,15596],"class_list":["post-116101","post","type-post","status-publish","format-standard","has-post-thumbnail","hentry","category-deportes","tag-facundo-lescano","tag-ruben-botta","tag-serie-c","generate-columns","tablet-grid-50","mobile-grid-100","grid-parent","grid-50"],"jetpack_publicize_connections":[],"jetpack_featured_media_url":"https:\/\/www.hoymercedes.com.ar\/principal\/wp-content\/uploads\/2020\/09\/Facundo-Lescano-Sambedenettese.png","wps_subtitle":"La Legi\u00f3n","jetpack_sharing_enabled":true,"_links":{"self":[{"href":"https:\/\/www.hoymercedes.com.ar\/principal\/wp-json\/wp\/v2\/posts\/116101","targetHints":{"allow":["GET"]}}],"collection":[{"href":"https:\/\/www.hoymercedes.com.ar\/principal\/wp-json\/wp\/v2\/posts"}],"about":[{"href":"https:\/\/www.hoymercedes.com.ar\/principal\/wp-json\/wp\/v2\/types\/post"}],"author":[{"embeddable":true,"href":"https:\/\/www.hoymercedes.com.ar\/principal\/wp-json\/wp\/v2\/users\/1"}],"replies":[{"embeddable":true,"href":"https:\/\/www.hoymercedes.com.ar\/principal\/wp-json\/wp\/v2\/comments?post=116101"}],"version-history":[{"count":0,"href":"https:\/\/www.hoymercedes.com.ar\/principal\/wp-json\/wp\/v2\/posts\/116101\/revisions"}],"wp:featuredmedia":[{"embeddable":true,"href":"https:\/\/www.hoymercedes.com.ar\/principal\/wp-json\/wp\/v2\/media\/116102"}],"wp:attachment":[{"href":"https:\/\/www.hoymercedes.com.ar\/principal\/wp-json\/wp\/v2\/media?parent=116101"}],"wp:term":[{"taxonomy":"category","embeddable":true,"href":"https:\/\/www.hoymercedes.com.ar\/principal\/wp-json\/wp\/v2\/categories?post=116101"},{"taxonomy":"post_tag","embeddable":true,"href":"https:\/\/www.hoymercedes.com.ar\/principal\/wp-json\/wp\/v2\/tags?post=116101"}],"curies":[{"name":"wp","href":"https:\/\/api.w.org\/{rel}","templated":true}]}}