{"id":116106,"date":"2020-09-03T19:42:49","date_gmt":"2020-09-03T22:42:49","guid":{"rendered":"http:\/\/www.hoymercedes.com.ar\/principal\/?p=116106"},"modified":"2020-09-04T13:30:19","modified_gmt":"2020-09-04T16:30:19","slug":"nueva-capacitacion-para-los-operadores-de-telesegimiento-a-pacientes-con-covid","status":"publish","type":"post","link":"https:\/\/www.hoymercedes.com.ar\/principal\/2020\/09\/03\/nueva-capacitacion-para-los-operadores-de-telesegimiento-a-pacientes-con-covid\/","title":{"rendered":"Nueva capacitaci\u00f3n para los operadores de telesegimiento a pacientes con covid"},"content":{"rendered":"\n<p>El Municipio de Mercedes, a trav\u00e9s de la Secretar\u00eda de Salud, est\u00e1 realizando una nueva capacitaci\u00f3n para operadores de tele seguimiento y rastreo de pacientes COVID-19. De esta manera, el Estado Comunal junto a instituciones y vecinos contin\u00faa dando lucha a este flagelo sanitario que nos afecta a todos. \u00a0<\/p>\n\n\n\n<div class=\"wp-block-image\"><figure class=\"aligncenter size-large is-resized\"><img loading=\"lazy\" decoding=\"async\" data-attachment-id=\"116107\" data-permalink=\"https:\/\/www.hoymercedes.com.ar\/principal\/2020\/09\/03\/nueva-capacitacion-para-los-operadores-de-telesegimiento-a-pacientes-con-covid\/capacitacion-operadores\/#main\" data-orig-file=\"https:\/\/www.hoymercedes.com.ar\/principal\/wp-content\/uploads\/2020\/09\/Capacitacion-Operadores.jpg\" data-orig-size=\"615,410\" data-comments-opened=\"0\" data-image-meta=\"{&quot;aperture&quot;:&quot;0&quot;,&quot;credit&quot;:&quot;&quot;,&quot;camera&quot;:&quot;&quot;,&quot;caption&quot;:&quot;&quot;,&quot;created_timestamp&quot;:&quot;0&quot;,&quot;copyright&quot;:&quot;&quot;,&quot;focal_length&quot;:&quot;0&quot;,&quot;iso&quot;:&quot;0&quot;,&quot;shutter_speed&quot;:&quot;0&quot;,&quot;title&quot;:&quot;&quot;,&quot;orientation&quot;:&quot;0&quot;}\" data-image-title=\"Capacitacion-Operadores\" data-image-description=\"\" data-image-caption=\"\" data-large-file=\"https:\/\/www.hoymercedes.com.ar\/principal\/wp-content\/uploads\/2020\/09\/Capacitacion-Operadores.jpg\" src=\"https:\/\/www.hoymercedes.com.ar\/principal\/wp-content\/uploads\/2020\/09\/Capacitacion-Operadores.jpg\" alt=\"\" class=\"wp-image-116107\" width=\"761\" height=\"507\"\/><\/figure><\/div>\n\n\n\n<p>El intendente Ustarroz sostuvo que \u201cestamos muy orgullosos de la calidad humana, el compromiso y la solidaridad de todos los que son operadores del centro de teleseguimiento. Es una tarea muy dif\u00edcil, porque involucra nada m\u00e1s y nada menos que a la salud de nuestros vecinos. Desde el primer d\u00eda de aparici\u00f3n de esta pandemia planetaria montamos un sistema que sigue funcionando con el objetivo de cuidar a nuestro pueblo\u201d, sostuvo. &nbsp;<\/p>\n\n\n\n<p>La Lic. Marianella Arenilla, qui\u00e9n est\u00e1 a cargo del Centro Integrador Comunitario (CIC) manifest\u00f3 \u00abesta es la cuarta capacitaci\u00f3n que hacemos, donde a partir del pedido del intendente Ustarroz, estamos desarrollando una pol\u00edtica fuerte en todo lo concerniente al rastreo y seguimiento de los pacientes COVID\u201d y agreg\u00f3 \u201clas capacitaciones se van efectuando porque se van produciendo cambios en los criterios de los protocolos a medida que las investigaciones sobre dicha enfermedad avanzan\u201d. &nbsp;<\/p>\n\n\n\n<p>Asimismo, Arenilla expres\u00f3 \u201choy todo se hace de manera digital -rastreo y seguimiento- ya que en esos catorce (14) o veinte (20) d\u00edas que tienen de aislamiento los pacientes positivos y los contactos estrechos, no pueden tener contacto con el exterior, por eso se hace de esta forma\u201d y apunt\u00f3 \u201ctambi\u00e9n nos acompa\u00f1an en este sentido alumnos de la U.N.Lu que est\u00e1n realizando este seguimiento dentro de sus pr\u00e1cticas preprofesionales y lo hacen desde sus hogares, sumado a los voluntarios y al personal municipal\u201d. &nbsp;<\/p>\n\n\n\n<p>\u201cLa idea principal es poder contener a los pacientes y crear un v\u00ednculo para poder acompa\u00f1arlos durante este proceso sumamente dif\u00edcil que les toca vivir\u201d destac\u00f3 la Lic. Marianella Arenilla y agreg\u00f3 \u201ccontamos adem\u00e1s con personal de salud con quienes llevamos un control para evitar cualquier tipo de complicaci\u00f3n que se pudiera presentar\u201d. &nbsp;<\/p>\n\n\n\n<p>Por otro lado, Arenilla explic\u00f3 cu\u00e1l es el procedimiento que siguen en este proceso \u201cen primera instancia a los pacientes positivos de Covid se les realiza una entrevista\/encuesta donde existen varias aristas del Estado, que intentan profundizar en las diferentes problem\u00e1ticas que puede presentar la persona\u201d y apunt\u00f3 \u201cpor eso siempre se trata de dar un acompa\u00f1amiento integral donde todas las \u00e1reas del Municipio est\u00e1n comprometidas con este esquema\u201d.\u00a0<\/p>\n\n\n\n<p>Por Prensa Municipal<br><\/p>\n","protected":false},"excerpt":{"rendered":"<p>El Municipio de Mercedes, a trav\u00e9s de la Secretar\u00eda de Salud, est\u00e1 realizando una nueva capacitaci\u00f3n para operadores de tele &#8230; <a title=\"Nueva capacitaci\u00f3n para los operadores de telesegimiento a pacientes con covid\" class=\"read-more\" href=\"https:\/\/www.hoymercedes.com.ar\/principal\/2020\/09\/03\/nueva-capacitacion-para-los-operadores-de-telesegimiento-a-pacientes-con-covid\/\" aria-label=\"Leer m\u00e1s sobre Nueva capacitaci\u00f3n para los operadores de telesegimiento a pacientes con covid\">Leer m\u00e1s<\/a><\/p>\n","protected":false},"author":1,"featured_media":116107,"comment_status":"closed","ping_status":"open","sticky":false,"template":"","format":"standard","meta":{"_monsterinsights_skip_tracking":false,"_monsterinsights_sitenote_active":false,"_monsterinsights_sitenote_note":"","_monsterinsights_sitenote_category":0,"jetpack_post_was_ever_published":false,"_jetpack_newsletter_access":"","_jetpack_dont_email_post_to_subs":false,"_jetpack_newsletter_tier_id":0,"_jetpack_memberships_contains_paywalled_content":false,"_jetpack_memberships_contains_paid_content":false,"footnotes":"","jetpack_publicize_message":"","jetpack_publicize_feature_enabled":true,"jetpack_social_post_already_shared":true,"jetpack_social_options":{"image_generator_settings":{"template":"highway","default_image_id":0,"font":"","enabled":false},"version":2},"_wpas_customize_per_network":false},"categories":[30],"tags":[8656,244,134],"class_list":["post-116106","post","type-post","status-publish","format-standard","has-post-thumbnail","hentry","category-municipio","tag-capacitacion","tag-municipio-2","tag-salud","generate-columns","tablet-grid-50","mobile-grid-100","grid-parent","grid-50"],"jetpack_publicize_connections":[],"jetpack_featured_media_url":"https:\/\/www.hoymercedes.com.ar\/principal\/wp-content\/uploads\/2020\/09\/Capacitacion-Operadores.jpg","wps_subtitle":"Atenci\u00f3n sanitaria","jetpack_sharing_enabled":true,"_links":{"self":[{"href":"https:\/\/www.hoymercedes.com.ar\/principal\/wp-json\/wp\/v2\/posts\/116106","targetHints":{"allow":["GET"]}}],"collection":[{"href":"https:\/\/www.hoymercedes.com.ar\/principal\/wp-json\/wp\/v2\/posts"}],"about":[{"href":"https:\/\/www.hoymercedes.com.ar\/principal\/wp-json\/wp\/v2\/types\/post"}],"author":[{"embeddable":true,"href":"https:\/\/www.hoymercedes.com.ar\/principal\/wp-json\/wp\/v2\/users\/1"}],"replies":[{"embeddable":true,"href":"https:\/\/www.hoymercedes.com.ar\/principal\/wp-json\/wp\/v2\/comments?post=116106"}],"version-history":[{"count":0,"href":"https:\/\/www.hoymercedes.com.ar\/principal\/wp-json\/wp\/v2\/posts\/116106\/revisions"}],"wp:featuredmedia":[{"embeddable":true,"href":"https:\/\/www.hoymercedes.com.ar\/principal\/wp-json\/wp\/v2\/media\/116107"}],"wp:attachment":[{"href":"https:\/\/www.hoymercedes.com.ar\/principal\/wp-json\/wp\/v2\/media?parent=116106"}],"wp:term":[{"taxonomy":"category","embeddable":true,"href":"https:\/\/www.hoymercedes.com.ar\/principal\/wp-json\/wp\/v2\/categories?post=116106"},{"taxonomy":"post_tag","embeddable":true,"href":"https:\/\/www.hoymercedes.com.ar\/principal\/wp-json\/wp\/v2\/tags?post=116106"}],"curies":[{"name":"wp","href":"https:\/\/api.w.org\/{rel}","templated":true}]}}