{"id":116110,"date":"2020-09-03T15:45:42","date_gmt":"2020-09-03T18:45:42","guid":{"rendered":"http:\/\/www.hoymercedes.com.ar\/principal\/?p=116110"},"modified":"2020-09-04T13:30:50","modified_gmt":"2020-09-04T16:30:50","slug":"jubilados-y-pensionados-no-tendras-que-realizar-tramite-de-fe-de-vida","status":"publish","type":"post","link":"https:\/\/www.hoymercedes.com.ar\/principal\/2020\/09\/03\/jubilados-y-pensionados-no-tendras-que-realizar-tramite-de-fe-de-vida\/","title":{"rendered":"Jubilados y Pensionados no tendr\u00e1s que realizar tr\u00e1mite de fe de vida"},"content":{"rendered":"\n<p>El Gobierno Nacional puso en marcha la plataforma federal del\u00a0<em>Certificado Digital de Hechos Vitales (CDHV)<\/em>\u00a0que permitir\u00e1, entre otros beneficios, que\u00a0<strong>7 millones de jubiladas y jubilados no deban movilizarse m\u00e1s para obtener la Fe de Vida<\/strong>, y que\u00a0<strong>los reci\u00e9n nacidos obtengan sus certificados de nacimiento de manera simplificada<\/strong>.<\/p>\n\n\n\n<div class=\"wp-block-image\"><figure class=\"aligncenter size-large\"><img loading=\"lazy\" decoding=\"async\" width=\"3680\" height=\"2453\" data-attachment-id=\"116111\" data-permalink=\"https:\/\/www.hoymercedes.com.ar\/principal\/2020\/09\/03\/jubilados-y-pensionados-no-tendras-que-realizar-tramite-de-fe-de-vida\/firma-convenio_certificado-digital\/#main\" data-orig-file=\"https:\/\/www.hoymercedes.com.ar\/principal\/wp-content\/uploads\/2020\/09\/Firma-Convenio_Certificado-Digital.jpg\" data-orig-size=\"3680,2453\" data-comments-opened=\"0\" data-image-meta=\"{&quot;aperture&quot;:&quot;0&quot;,&quot;credit&quot;:&quot;LeandroGarcia&quot;,&quot;camera&quot;:&quot;&quot;,&quot;caption&quot;:&quot;&quot;,&quot;created_timestamp&quot;:&quot;1599148538&quot;,&quot;copyright&quot;:&quot;ANSES&quot;,&quot;focal_length&quot;:&quot;0&quot;,&quot;iso&quot;:&quot;0&quot;,&quot;shutter_speed&quot;:&quot;0&quot;,&quot;title&quot;:&quot;&quot;,&quot;orientation&quot;:&quot;0&quot;}\" data-image-title=\"Firma Convenio_Certificado Digital\" data-image-description=\"\" data-image-caption=\"\" data-large-file=\"https:\/\/www.hoymercedes.com.ar\/principal\/wp-content\/uploads\/2020\/09\/Firma-Convenio_Certificado-Digital.jpg\" src=\"https:\/\/www.hoymercedes.com.ar\/principal\/wp-content\/uploads\/2020\/09\/Firma-Convenio_Certificado-Digital.jpg\" alt=\"\" class=\"wp-image-116111\"\/><\/figure><\/div>\n\n\n\n<p>En este marco, la directora ejecutiva de la ANSES,&nbsp;<strong>Fernanda Raverta<\/strong>; el ministro del Interior,<strong>&nbsp;Wado de Pedro<\/strong>, y el ministro de Salud,&nbsp;<strong>Gin\u00e9s Gonz\u00e1lez Garc\u00eda<\/strong>, firmaron un convenio para la creaci\u00f3n de esta plataforma digital del Registro Nacional de las Personas (RENAPER).<\/p>\n\n\n\n<p>A pesar de que en el marco de la pandemia de&nbsp;<em>Covid-19<\/em>&nbsp;el tr\u00e1mite est\u00e1 suspendido provisoriamente, con esta nueva herramienta, que estar\u00e1 vigente desde ma\u00f1ana como una prueba piloto de 90 d\u00edas, 7 millones de beneficiarios y beneficiarias del Sistema Integrado Previsional Argentino (SIPA) no tendr\u00e1n que volver a realizar el tr\u00e1mite de Fe de Vida.<\/p>\n\n\n\n<p>La plataforma contar\u00e1 con una articulaci\u00f3n federal con los registros civiles de las 24 jurisdicciones del pa\u00eds, quienes ser\u00e1n beneficiarios, junto a los Ministerios de Salud Provinciales, PAMI, Instituciones Financieras y otros organismos p\u00fablicos y privados.<\/p>\n\n\n\n<p>Esta herramienta cuenta con un desarrollo 100 por ciento nacional y est\u00e1 a cargo del RENAPER, dependiente del Ministerio del Interior, en una iniciativa conjunta con el Ministerio de Salud y la ANSES. La misma, permitir\u00e1 que&nbsp;<strong>organismos p\u00fablicos y entidades privadas cuenten con informaci\u00f3n digital en tiempo real para el proceso de pol\u00edticas sanitarias, previsi\u00f3n social, identidad e inclusi\u00f3n financiera<\/strong>.<\/p>\n\n\n\n<p>La titular de la ANSES,&nbsp;<strong>Fernanda Raverta<\/strong>, resalt\u00f3 que \u00ab<em>este convenio permite cuidar en materia de salud a nuestros jubilados y jubiladas, y resolver de manera inteligente el tr\u00e1mite de Fe de Vida. Se trata de facilitar el intercambio de informaci\u00f3n entre organismos nacionales y provinciales que impactar\u00e1 directamente en nuestra base de datos<\/em>\u201d.<\/p>\n\n\n\n<p>Durante la presentaci\u00f3n, el ministro&nbsp;<strong>de Pedro<\/strong>&nbsp;resalt\u00f3 que se trata de \u00ab<em>una plataforma federal que ya est\u00e1 a disposici\u00f3n de todas las provincias<\/em>\u00ab, y tras resaltar la articulaci\u00f3n pol\u00edtica tanto con Jefatura de Gabinete como as\u00ed tambi\u00e9n con el Ministerio de Salud \u00ab<em>de manera inteligente el Estado va a simplificar la vida a millones de argentinos y argentinas, que adem\u00e1s de no tener que dar m\u00e1s Fe de Vida para cobrar sus jubilaciones, podr\u00e1n obtener partidas de nacimiento y defunci\u00f3n de forma digital<\/em>\u00ab.<\/p>\n\n\n\n<p>A su turno el ministro&nbsp;<strong>Gin\u00e9s Gonz\u00e1lez Garc\u00eda<\/strong>&nbsp;indic\u00f3 que \u00ab<em>desde el punto de vista de Salud estoy convencido de que esto va a significar contar con informaci\u00f3n en tiempo real y seremos una de las \u00e1reas m\u00e1s beneficiadas<\/em>.&nbsp;<em>Es una herramienta que favorece a todo nuestro pa\u00eds y va a eliminar a la gente tener que hacer muchos tr\u00e1mites. Era una asignatura pendiente que tenemos y ahora el Estado va a ser el usuario del sistema<\/em>\u201d.<\/p>\n\n\n\n<p>Adem\u00e1s, en la reuni\u00f3n estuvieron presentes el presidente del Banco Central,\u00a0<strong>Miguel Pesce<\/strong>; el secretario de Interior,\u00a0<strong>Jos\u00e9 Lepere<\/strong>; la secretaria de Innovaci\u00f3n P\u00fablica,\u00a0<strong>Micaela S\u00e1nchez Malcom<\/strong>\u00a0y el director del RENAPER,\u00a0<strong>Santiago Rodr\u00edguez<\/strong>.<\/p>\n\n\n\n<p>Fuente: Prensa ANSES<\/p>\n","protected":false},"excerpt":{"rendered":"<p>El Gobierno Nacional puso en marcha la plataforma federal del\u00a0Certificado Digital de Hechos Vitales (CDHV)\u00a0que permitir\u00e1, entre otros beneficios, que\u00a07 &#8230; <a title=\"Jubilados y Pensionados no tendr\u00e1s que realizar tr\u00e1mite de fe de vida\" class=\"read-more\" href=\"https:\/\/www.hoymercedes.com.ar\/principal\/2020\/09\/03\/jubilados-y-pensionados-no-tendras-que-realizar-tramite-de-fe-de-vida\/\" aria-label=\"Leer m\u00e1s sobre Jubilados y Pensionados no tendr\u00e1s que realizar tr\u00e1mite de fe de vida\">Leer m\u00e1s<\/a><\/p>\n","protected":false},"author":1,"featured_media":116111,"comment_status":"closed","ping_status":"open","sticky":false,"template":"","format":"standard","meta":{"_monsterinsights_skip_tracking":false,"_monsterinsights_sitenote_active":false,"_monsterinsights_sitenote_note":"","_monsterinsights_sitenote_category":0,"jetpack_post_was_ever_published":false,"_jetpack_newsletter_access":"","_jetpack_dont_email_post_to_subs":false,"_jetpack_newsletter_tier_id":0,"_jetpack_memberships_contains_paywalled_content":false,"_jetpack_memberships_contains_paid_content":false,"footnotes":"","jetpack_publicize_message":"","jetpack_publicize_feature_enabled":true,"jetpack_social_post_already_shared":true,"jetpack_social_options":{"image_generator_settings":{"template":"highway","default_image_id":0,"font":"","enabled":false},"version":2},"_wpas_customize_per_network":false},"categories":[5210],"tags":[4,17038,7944],"class_list":["post-116110","post","type-post","status-publish","format-standard","has-post-thumbnail","hentry","category-politica-nacional","tag-anses","tag-fe-de-vida","tag-jubilados","generate-columns","tablet-grid-50","mobile-grid-100","grid-parent","grid-50"],"jetpack_publicize_connections":[],"jetpack_featured_media_url":"https:\/\/www.hoymercedes.com.ar\/principal\/wp-content\/uploads\/2020\/09\/Firma-Convenio_Certificado-Digital.jpg","wps_subtitle":"Certificado Digital de Hechos Vitales","jetpack_sharing_enabled":true,"_links":{"self":[{"href":"https:\/\/www.hoymercedes.com.ar\/principal\/wp-json\/wp\/v2\/posts\/116110","targetHints":{"allow":["GET"]}}],"collection":[{"href":"https:\/\/www.hoymercedes.com.ar\/principal\/wp-json\/wp\/v2\/posts"}],"about":[{"href":"https:\/\/www.hoymercedes.com.ar\/principal\/wp-json\/wp\/v2\/types\/post"}],"author":[{"embeddable":true,"href":"https:\/\/www.hoymercedes.com.ar\/principal\/wp-json\/wp\/v2\/users\/1"}],"replies":[{"embeddable":true,"href":"https:\/\/www.hoymercedes.com.ar\/principal\/wp-json\/wp\/v2\/comments?post=116110"}],"version-history":[{"count":0,"href":"https:\/\/www.hoymercedes.com.ar\/principal\/wp-json\/wp\/v2\/posts\/116110\/revisions"}],"wp:featuredmedia":[{"embeddable":true,"href":"https:\/\/www.hoymercedes.com.ar\/principal\/wp-json\/wp\/v2\/media\/116111"}],"wp:attachment":[{"href":"https:\/\/www.hoymercedes.com.ar\/principal\/wp-json\/wp\/v2\/media?parent=116110"}],"wp:term":[{"taxonomy":"category","embeddable":true,"href":"https:\/\/www.hoymercedes.com.ar\/principal\/wp-json\/wp\/v2\/categories?post=116110"},{"taxonomy":"post_tag","embeddable":true,"href":"https:\/\/www.hoymercedes.com.ar\/principal\/wp-json\/wp\/v2\/tags?post=116110"}],"curies":[{"name":"wp","href":"https:\/\/api.w.org\/{rel}","templated":true}]}}