{"id":116138,"date":"2020-09-04T07:40:09","date_gmt":"2020-09-04T10:40:09","guid":{"rendered":"http:\/\/www.hoymercedes.com.ar\/principal\/?p=116138"},"modified":"2020-09-04T13:27:00","modified_gmt":"2020-09-04T16:27:00","slug":"seguridad-vial-nacional-envio-complemento-para-el-acarreo-de-vehiculos","status":"publish","type":"post","link":"https:\/\/www.hoymercedes.com.ar\/principal\/2020\/09\/04\/seguridad-vial-nacional-envio-complemento-para-el-acarreo-de-vehiculos\/","title":{"rendered":"Seguridad Vial nacional envi\u00f3 complemento para el acarreo de veh\u00edculos"},"content":{"rendered":"\n<p>La Secretar\u00eda de Seguridad Municipal recibi\u00f3, provenientes de la Agencia Nacional de Seguridad Vial, dos veh\u00edculos de acarreo que ser\u00e1n utilizados en los operativos viales de la ciudad. Desde el gobierno nacional estuvieron presentes Claudio Berger, responsable automotor y coordinador general y Francisco Cullu, Jefe de Departamento Taller. \u00a0<\/p>\n\n\n\n<figure class=\"wp-block-image size-large\"><img loading=\"lazy\" decoding=\"async\" width=\"800\" height=\"450\" data-attachment-id=\"116139\" data-permalink=\"https:\/\/www.hoymercedes.com.ar\/principal\/2020\/09\/04\/seguridad-vial-nacional-envio-complemento-para-el-acarreo-de-vehiculos\/photo_2020-09-03_19-52-04\/#main\" data-orig-file=\"https:\/\/www.hoymercedes.com.ar\/principal\/wp-content\/uploads\/2020\/09\/photo_2020-09-03_19-52-04.jpg\" data-orig-size=\"800,450\" data-comments-opened=\"0\" data-image-meta=\"{&quot;aperture&quot;:&quot;0&quot;,&quot;credit&quot;:&quot;&quot;,&quot;camera&quot;:&quot;&quot;,&quot;caption&quot;:&quot;&quot;,&quot;created_timestamp&quot;:&quot;0&quot;,&quot;copyright&quot;:&quot;&quot;,&quot;focal_length&quot;:&quot;0&quot;,&quot;iso&quot;:&quot;0&quot;,&quot;shutter_speed&quot;:&quot;0&quot;,&quot;title&quot;:&quot;&quot;,&quot;orientation&quot;:&quot;0&quot;}\" data-image-title=\"photo_2020-09-03_19-52-04\" data-image-description=\"\" data-image-caption=\"\" data-large-file=\"https:\/\/www.hoymercedes.com.ar\/principal\/wp-content\/uploads\/2020\/09\/photo_2020-09-03_19-52-04.jpg\" src=\"https:\/\/www.hoymercedes.com.ar\/principal\/wp-content\/uploads\/2020\/09\/photo_2020-09-03_19-52-04.jpg\" alt=\"\" class=\"wp-image-116139\"\/><\/figure>\n\n\n\n<p>El intendente Juan Ignacio Ustarroz, presente durante la entrega, agradeci\u00f3 al Estado Nacional y al Ministerio de Transporte, as\u00ed como al \u00e1rea municipal por la incorporaci\u00f3n de los veh\u00edculos que \u00abmejorar\u00e1n\u00bb los operativos en materia de seguridad vial. \u201cCreo que es muy significativo poder contar con las herramientas necesarias, sabiendo que lo m\u00e1s importante es la educaci\u00f3n y acatamiento de las leyes. Tenemos que trabajar para que se puedan generar niveles m\u00e1s altos de conciencia y respeto de todas las normas de tr\u00e1nsito\u201d destac\u00f3 Ustarroz.\u00a0\u00a0\u00a0\u00a0\u00a0<\/p>\n\n\n\n<p>Por su parte, el subsecretario de seguridad, Gonzalo Anselmo, expres\u00f3 \u201cseguimos coordinando acciones con la Agencia Nacional de Seguridad Vial, con su director ejecutivo Pablo Mart\u00ednez Carignano, En esta oportunidad estamos presentando dos tr\u00e1ileres que se van a usufructuar en los operativos viales, que nos permitir\u00e1 mayor dinamismo, y nos representar\u00e1 un ahorro econ\u00f3mico en remolque y traslado de motoveh\u00edculos\u201d. \u00a0<\/p>\n","protected":false},"excerpt":{"rendered":"<p>La Secretar\u00eda de Seguridad Municipal recibi\u00f3, provenientes de la Agencia Nacional de Seguridad Vial, dos veh\u00edculos de acarreo que ser\u00e1n &#8230; <a title=\"Seguridad Vial nacional envi\u00f3 complemento para el acarreo de veh\u00edculos\" class=\"read-more\" href=\"https:\/\/www.hoymercedes.com.ar\/principal\/2020\/09\/04\/seguridad-vial-nacional-envio-complemento-para-el-acarreo-de-vehiculos\/\" aria-label=\"Leer m\u00e1s sobre Seguridad Vial nacional envi\u00f3 complemento para el acarreo de veh\u00edculos\">Leer m\u00e1s<\/a><\/p>\n","protected":false},"author":1,"featured_media":116140,"comment_status":"closed","ping_status":"open","sticky":false,"template":"","format":"standard","meta":{"_monsterinsights_skip_tracking":false,"_monsterinsights_sitenote_active":false,"_monsterinsights_sitenote_note":"","_monsterinsights_sitenote_category":0,"jetpack_post_was_ever_published":false,"_jetpack_newsletter_access":"","_jetpack_dont_email_post_to_subs":false,"_jetpack_newsletter_tier_id":0,"_jetpack_memberships_contains_paywalled_content":false,"_jetpack_memberships_contains_paid_content":false,"footnotes":"","jetpack_publicize_message":"","jetpack_publicize_feature_enabled":true,"jetpack_social_post_already_shared":true,"jetpack_social_options":{"image_generator_settings":{"template":"highway","default_image_id":0,"font":"","enabled":false},"version":2},"_wpas_customize_per_network":false},"categories":[30],"tags":[244,626],"class_list":["post-116138","post","type-post","status-publish","format-standard","has-post-thumbnail","hentry","category-municipio","tag-municipio-2","tag-seguridad-vial","generate-columns","tablet-grid-50","mobile-grid-100","grid-parent","grid-50"],"jetpack_publicize_connections":[],"jetpack_featured_media_url":"https:\/\/www.hoymercedes.com.ar\/principal\/wp-content\/uploads\/2020\/09\/photo_2020-09-03_19-52-03-2.jpg","wps_subtitle":"Dos trailers para el \u00e1rea de seguridad","jetpack_sharing_enabled":true,"_links":{"self":[{"href":"https:\/\/www.hoymercedes.com.ar\/principal\/wp-json\/wp\/v2\/posts\/116138","targetHints":{"allow":["GET"]}}],"collection":[{"href":"https:\/\/www.hoymercedes.com.ar\/principal\/wp-json\/wp\/v2\/posts"}],"about":[{"href":"https:\/\/www.hoymercedes.com.ar\/principal\/wp-json\/wp\/v2\/types\/post"}],"author":[{"embeddable":true,"href":"https:\/\/www.hoymercedes.com.ar\/principal\/wp-json\/wp\/v2\/users\/1"}],"replies":[{"embeddable":true,"href":"https:\/\/www.hoymercedes.com.ar\/principal\/wp-json\/wp\/v2\/comments?post=116138"}],"version-history":[{"count":0,"href":"https:\/\/www.hoymercedes.com.ar\/principal\/wp-json\/wp\/v2\/posts\/116138\/revisions"}],"wp:featuredmedia":[{"embeddable":true,"href":"https:\/\/www.hoymercedes.com.ar\/principal\/wp-json\/wp\/v2\/media\/116140"}],"wp:attachment":[{"href":"https:\/\/www.hoymercedes.com.ar\/principal\/wp-json\/wp\/v2\/media?parent=116138"}],"wp:term":[{"taxonomy":"category","embeddable":true,"href":"https:\/\/www.hoymercedes.com.ar\/principal\/wp-json\/wp\/v2\/categories?post=116138"},{"taxonomy":"post_tag","embeddable":true,"href":"https:\/\/www.hoymercedes.com.ar\/principal\/wp-json\/wp\/v2\/tags?post=116138"}],"curies":[{"name":"wp","href":"https:\/\/api.w.org\/{rel}","templated":true}]}}