{"id":116154,"date":"2020-09-04T11:54:26","date_gmt":"2020-09-04T14:54:26","guid":{"rendered":"http:\/\/www.hoymercedes.com.ar\/principal\/?p=116154"},"modified":"2020-09-04T13:25:43","modified_gmt":"2020-09-04T16:25:43","slug":"concejales-de-fdt-repudian-los-agravios-a-massa","status":"publish","type":"post","link":"https:\/\/www.hoymercedes.com.ar\/principal\/2020\/09\/04\/concejales-de-fdt-repudian-los-agravios-a-massa\/","title":{"rendered":"Concejales de FdT repudian los agravios a Massa"},"content":{"rendered":"\n<p>El bloque de Concejales y Concejalas del Frente de Todos de la ciudad de Mercedes, \u00abrepudian  en\u00e9rgicamente las amenazas y agravios que sufri\u00f3 el Presidente de la C\u00e1mara de Diputados de la Naci\u00f3n, Sergio Massa, Malena Galmarini y su familia\u00bb.<\/p>\n\n\n\n<p>Asimismo, solicitan a la Justicia \u00abla pronta resoluci\u00f3n y esclarecimiento de este acto antidemocr\u00e1tico\u00bb. \u00abEste tipo de actos son considerados como un atropello a las instituciones de la Rep\u00fablica. Todas y todos debemos considerarlas inadmisibles\u00bb, afirman en el comunicado enviado a los medios locales.<\/p>\n\n\n\n<div class=\"wp-block-image\"><figure class=\"aligncenter size-large\"><img loading=\"lazy\" decoding=\"async\" width=\"768\" height=\"768\" data-attachment-id=\"116155\" data-permalink=\"https:\/\/www.hoymercedes.com.ar\/principal\/2020\/09\/04\/concejales-de-fdt-repudian-los-agravios-a-massa\/04-repudio\/#main\" data-orig-file=\"https:\/\/www.hoymercedes.com.ar\/principal\/wp-content\/uploads\/2020\/09\/04-Repudio.jpg\" data-orig-size=\"768,768\" data-comments-opened=\"0\" data-image-meta=\"{&quot;aperture&quot;:&quot;0&quot;,&quot;credit&quot;:&quot;&quot;,&quot;camera&quot;:&quot;&quot;,&quot;caption&quot;:&quot;&quot;,&quot;created_timestamp&quot;:&quot;0&quot;,&quot;copyright&quot;:&quot;&quot;,&quot;focal_length&quot;:&quot;0&quot;,&quot;iso&quot;:&quot;0&quot;,&quot;shutter_speed&quot;:&quot;0&quot;,&quot;title&quot;:&quot;&quot;,&quot;orientation&quot;:&quot;0&quot;}\" data-image-title=\"04 Repudio\" data-image-description=\"\" data-image-caption=\"\" data-large-file=\"https:\/\/www.hoymercedes.com.ar\/principal\/wp-content\/uploads\/2020\/09\/04-Repudio.jpg\" src=\"https:\/\/www.hoymercedes.com.ar\/principal\/wp-content\/uploads\/2020\/09\/04-Repudio.jpg\" alt=\"\" class=\"wp-image-116155\"\/><\/figure><\/div>\n","protected":false},"excerpt":{"rendered":"<p>El bloque de Concejales y Concejalas del Frente de Todos de la ciudad de Mercedes, \u00abrepudian en\u00e9rgicamente las amenazas y &#8230; <a title=\"Concejales de FdT repudian los agravios a Massa\" class=\"read-more\" href=\"https:\/\/www.hoymercedes.com.ar\/principal\/2020\/09\/04\/concejales-de-fdt-repudian-los-agravios-a-massa\/\" aria-label=\"Leer m\u00e1s sobre Concejales de FdT repudian los agravios a Massa\">Leer m\u00e1s<\/a><\/p>\n","protected":false},"author":1,"featured_media":116155,"comment_status":"closed","ping_status":"open","sticky":false,"template":"","format":"standard","meta":{"_monsterinsights_skip_tracking":false,"_monsterinsights_sitenote_active":false,"_monsterinsights_sitenote_note":"","_monsterinsights_sitenote_category":0,"jetpack_post_was_ever_published":false,"_jetpack_newsletter_access":"","_jetpack_dont_email_post_to_subs":false,"_jetpack_newsletter_tier_id":0,"_jetpack_memberships_contains_paywalled_content":false,"_jetpack_memberships_contains_paid_content":false,"footnotes":"","jetpack_publicize_message":"","jetpack_publicize_feature_enabled":true,"jetpack_social_post_already_shared":true,"jetpack_social_options":{"image_generator_settings":{"template":"highway","default_image_id":0,"font":"","enabled":false},"version":2},"_wpas_customize_per_network":false},"categories":[5],"tags":[15363,5319],"class_list":["post-116154","post","type-post","status-publish","format-standard","has-post-thumbnail","hentry","category-politica","tag-frente-de-todos","tag-politica-2","generate-columns","tablet-grid-50","mobile-grid-100","grid-parent","grid-50"],"jetpack_publicize_connections":[],"jetpack_featured_media_url":"https:\/\/www.hoymercedes.com.ar\/principal\/wp-content\/uploads\/2020\/09\/04-Repudio.jpg","wps_subtitle":"Comunicado del bloque","jetpack_sharing_enabled":true,"_links":{"self":[{"href":"https:\/\/www.hoymercedes.com.ar\/principal\/wp-json\/wp\/v2\/posts\/116154","targetHints":{"allow":["GET"]}}],"collection":[{"href":"https:\/\/www.hoymercedes.com.ar\/principal\/wp-json\/wp\/v2\/posts"}],"about":[{"href":"https:\/\/www.hoymercedes.com.ar\/principal\/wp-json\/wp\/v2\/types\/post"}],"author":[{"embeddable":true,"href":"https:\/\/www.hoymercedes.com.ar\/principal\/wp-json\/wp\/v2\/users\/1"}],"replies":[{"embeddable":true,"href":"https:\/\/www.hoymercedes.com.ar\/principal\/wp-json\/wp\/v2\/comments?post=116154"}],"version-history":[{"count":0,"href":"https:\/\/www.hoymercedes.com.ar\/principal\/wp-json\/wp\/v2\/posts\/116154\/revisions"}],"wp:featuredmedia":[{"embeddable":true,"href":"https:\/\/www.hoymercedes.com.ar\/principal\/wp-json\/wp\/v2\/media\/116155"}],"wp:attachment":[{"href":"https:\/\/www.hoymercedes.com.ar\/principal\/wp-json\/wp\/v2\/media?parent=116154"}],"wp:term":[{"taxonomy":"category","embeddable":true,"href":"https:\/\/www.hoymercedes.com.ar\/principal\/wp-json\/wp\/v2\/categories?post=116154"},{"taxonomy":"post_tag","embeddable":true,"href":"https:\/\/www.hoymercedes.com.ar\/principal\/wp-json\/wp\/v2\/tags?post=116154"}],"curies":[{"name":"wp","href":"https:\/\/api.w.org\/{rel}","templated":true}]}}