{"id":116162,"date":"2020-09-04T14:10:15","date_gmt":"2020-09-04T17:10:15","guid":{"rendered":"http:\/\/www.hoymercedes.com.ar\/principal\/?p=116162"},"modified":"2020-09-04T13:24:47","modified_gmt":"2020-09-04T16:24:47","slug":"el-sabado-5-se-hara-la-misa-y-sepultura-de-monsenor-radrizzani","status":"publish","type":"post","link":"https:\/\/www.hoymercedes.com.ar\/principal\/2020\/09\/04\/el-sabado-5-se-hara-la-misa-y-sepultura-de-monsenor-radrizzani\/","title":{"rendered":"El s\u00e1bado 5 se har\u00e1 la misa y sepultura de Monse\u00f1or Radrizzani"},"content":{"rendered":"\n<p>El Arzobispado Mercedes Luj\u00e1n confirm\u00f3 que este s\u00e1bado 5 de septiembre, a la hora 11, se llevar\u00e1 adelante la misa y sepultura de Monse\u00f1or Agust\u00edn Radrizzani en el Catedral Metropolitana de Mercedes. La ceremonia se transmitir\u00e1 de manera virtual a trav\u00e9s de los medios y redes propuestos por la instituci\u00f3n. Cabe recordar que en la<a href=\"https:\/\/www.hoymercedes.com.ar\/principal\/2020\/09\/02\/fallecio-el-arzobispo-emerito-agustin-radrizzani\/\" data-type=\"post\" data-id=\"116035\"> madrugada del mi\u00e9rcoles 2 falleci\u00f3<\/a> luego de estar dos d\u00edas internado en Jun\u00edn y antes de <a href=\"https:\/\/www.hoymercedes.com.ar\/principal\/2020\/09\/02\/confirman-que-monsenor-radrizzani-dio-positivo-de-covid-19\/\" data-type=\"post\" data-id=\"116084\">conocerse que ten\u00eda covid-19<\/a>. <\/p>\n\n\n\n<div class=\"wp-block-image\"><figure class=\"aligncenter size-large\"><img loading=\"lazy\" decoding=\"async\" width=\"800\" height=\"411\" data-attachment-id=\"116163\" data-permalink=\"https:\/\/www.hoymercedes.com.ar\/principal\/2020\/09\/04\/el-sabado-5-se-hara-la-misa-y-sepultura-de-monsenor-radrizzani\/118821413_2816626538581234_2785177609781482857_o\/#main\" data-orig-file=\"https:\/\/www.hoymercedes.com.ar\/principal\/wp-content\/uploads\/2020\/09\/118821413_2816626538581234_2785177609781482857_o.jpg\" data-orig-size=\"800,411\" data-comments-opened=\"0\" data-image-meta=\"{&quot;aperture&quot;:&quot;0&quot;,&quot;credit&quot;:&quot;&quot;,&quot;camera&quot;:&quot;&quot;,&quot;caption&quot;:&quot;&quot;,&quot;created_timestamp&quot;:&quot;0&quot;,&quot;copyright&quot;:&quot;&quot;,&quot;focal_length&quot;:&quot;0&quot;,&quot;iso&quot;:&quot;0&quot;,&quot;shutter_speed&quot;:&quot;0&quot;,&quot;title&quot;:&quot;&quot;,&quot;orientation&quot;:&quot;0&quot;}\" data-image-title=\"118821413_2816626538581234_2785177609781482857_o\" data-image-description=\"\" data-image-caption=\"\" data-large-file=\"https:\/\/www.hoymercedes.com.ar\/principal\/wp-content\/uploads\/2020\/09\/118821413_2816626538581234_2785177609781482857_o.jpg\" src=\"https:\/\/www.hoymercedes.com.ar\/principal\/wp-content\/uploads\/2020\/09\/118821413_2816626538581234_2785177609781482857_o.jpg\" alt=\"\" class=\"wp-image-116163\"\/><\/figure><\/div>\n","protected":false},"excerpt":{"rendered":"<p>El Arzobispado Mercedes Luj\u00e1n confirm\u00f3 que este s\u00e1bado 5 de septiembre, a la hora 11, se llevar\u00e1 adelante la misa &#8230; <a title=\"El s\u00e1bado 5 se har\u00e1 la misa y sepultura de Monse\u00f1or Radrizzani\" class=\"read-more\" href=\"https:\/\/www.hoymercedes.com.ar\/principal\/2020\/09\/04\/el-sabado-5-se-hara-la-misa-y-sepultura-de-monsenor-radrizzani\/\" aria-label=\"Leer m\u00e1s sobre El s\u00e1bado 5 se har\u00e1 la misa y sepultura de Monse\u00f1or Radrizzani\">Leer m\u00e1s<\/a><\/p>\n","protected":false},"author":1,"featured_media":116164,"comment_status":"closed","ping_status":"open","sticky":false,"template":"","format":"standard","meta":{"_monsterinsights_skip_tracking":false,"_monsterinsights_sitenote_active":false,"_monsterinsights_sitenote_note":"","_monsterinsights_sitenote_category":0,"jetpack_post_was_ever_published":false,"_jetpack_newsletter_access":"","_jetpack_dont_email_post_to_subs":false,"_jetpack_newsletter_tier_id":0,"_jetpack_memberships_contains_paywalled_content":false,"_jetpack_memberships_contains_paid_content":false,"footnotes":"","jetpack_publicize_message":"","jetpack_publicize_feature_enabled":true,"jetpack_social_post_already_shared":true,"jetpack_social_options":{"image_generator_settings":{"template":"highway","default_image_id":0,"font":"","enabled":false},"version":2},"_wpas_customize_per_network":false},"categories":[8],"tags":[9762,17037,14808,4025],"class_list":["post-116162","post","type-post","status-publish","format-standard","has-post-thumbnail","hentry","category-sociedad","tag-arzobispado","tag-funeral","tag-iglesia-catolica","tag-mercedes-lujan","generate-columns","tablet-grid-50","mobile-grid-100","grid-parent","grid-50"],"jetpack_publicize_connections":[],"jetpack_featured_media_url":"https:\/\/www.hoymercedes.com.ar\/principal\/wp-content\/uploads\/2020\/09\/4-radrizzani.jpg","wps_subtitle":"Ceremonia virtual","jetpack_sharing_enabled":true,"_links":{"self":[{"href":"https:\/\/www.hoymercedes.com.ar\/principal\/wp-json\/wp\/v2\/posts\/116162","targetHints":{"allow":["GET"]}}],"collection":[{"href":"https:\/\/www.hoymercedes.com.ar\/principal\/wp-json\/wp\/v2\/posts"}],"about":[{"href":"https:\/\/www.hoymercedes.com.ar\/principal\/wp-json\/wp\/v2\/types\/post"}],"author":[{"embeddable":true,"href":"https:\/\/www.hoymercedes.com.ar\/principal\/wp-json\/wp\/v2\/users\/1"}],"replies":[{"embeddable":true,"href":"https:\/\/www.hoymercedes.com.ar\/principal\/wp-json\/wp\/v2\/comments?post=116162"}],"version-history":[{"count":0,"href":"https:\/\/www.hoymercedes.com.ar\/principal\/wp-json\/wp\/v2\/posts\/116162\/revisions"}],"wp:featuredmedia":[{"embeddable":true,"href":"https:\/\/www.hoymercedes.com.ar\/principal\/wp-json\/wp\/v2\/media\/116164"}],"wp:attachment":[{"href":"https:\/\/www.hoymercedes.com.ar\/principal\/wp-json\/wp\/v2\/media?parent=116162"}],"wp:term":[{"taxonomy":"category","embeddable":true,"href":"https:\/\/www.hoymercedes.com.ar\/principal\/wp-json\/wp\/v2\/categories?post=116162"},{"taxonomy":"post_tag","embeddable":true,"href":"https:\/\/www.hoymercedes.com.ar\/principal\/wp-json\/wp\/v2\/tags?post=116162"}],"curies":[{"name":"wp","href":"https:\/\/api.w.org\/{rel}","templated":true}]}}