{"id":11617,"date":"2012-03-19T11:26:36","date_gmt":"2012-03-19T11:26:36","guid":{"rendered":"http:\/\/www.hoymercedes.com.ar\/principal\/?p=11617"},"modified":"2012-03-19T11:26:36","modified_gmt":"2012-03-19T11:26:36","slug":"mercedes-vivio-la-gran-fiesta-del-xv-encuentro-nacional-de-motos","status":"publish","type":"post","link":"https:\/\/www.hoymercedes.com.ar\/principal\/2012\/03\/19\/mercedes-vivio-la-gran-fiesta-del-xv-encuentro-nacional-de-motos\/","title":{"rendered":"Mercedes vivi\u00f3 la gran fiesta del XV Encuentro Nacional de Motos"},"content":{"rendered":"<p>Durante tres d\u00edas, pero de manera m\u00e1s intensa desde el viernes a la noche, nuestra ciudad vivi\u00f3 con alegr\u00eda y muchas expectativas del XV Encuentro Nacional de Motos organizado por la Agrupaci\u00f3n Los Lobos de nuestra ciudad.<\/p>\n<p>Hablar de la cantidad de motos en todas sus gamas y variedades que se hicieron presentes es casi imposible, sin embargo para muchos en el Encuentro participaron m\u00e1s de siete mil unidades.<\/p>\n<p>Como siempre el s\u00e1bado por la tarde se lev\u00f3 a cabo la tradicional caravana por calles de la ciudad con finalizaci\u00f3n en la sede del palacio Municipal donde los motoqueros fueron recibidos por el jefe comunal de nuestra ciudad Carlos Am\u00e9rico Selva.<\/p>\n<p>Selecci\u00f3n de Fotos, capturas por Diego Mar\u00fa:<\/p>\n<p><a href=\"https:\/\/www.hoymercedes.com.ar\/principal\/wp-content\/uploads\/2012\/03\/EncuentroMotos2012-1.jpg\"><img loading=\"lazy\" decoding=\"async\" data-attachment-id=\"11619\" data-permalink=\"https:\/\/www.hoymercedes.com.ar\/principal\/2012\/03\/19\/mercedes-vivio-la-gran-fiesta-del-xv-encuentro-nacional-de-motos\/encuentromotos2012-1\/#main\" data-orig-file=\"https:\/\/www.hoymercedes.com.ar\/principal\/wp-content\/uploads\/2012\/03\/EncuentroMotos2012-1.jpg\" data-orig-size=\"612,405\" data-comments-opened=\"1\" data-image-meta=\"{&quot;aperture&quot;:&quot;0&quot;,&quot;credit&quot;:&quot;&quot;,&quot;camera&quot;:&quot;&quot;,&quot;caption&quot;:&quot;&quot;,&quot;created_timestamp&quot;:&quot;0&quot;,&quot;copyright&quot;:&quot;&quot;,&quot;focal_length&quot;:&quot;0&quot;,&quot;iso&quot;:&quot;0&quot;,&quot;shutter_speed&quot;:&quot;0&quot;,&quot;title&quot;:&quot;&quot;}\" data-image-title=\"EncuentroMotos2012 (1)\" data-image-description=\"\" data-image-caption=\"\" data-large-file=\"https:\/\/www.hoymercedes.com.ar\/principal\/wp-content\/uploads\/2012\/03\/EncuentroMotos2012-1.jpg\" class=\"aligncenter size-full wp-image-11619\" title=\"EncuentroMotos2012 (1)\" src=\"https:\/\/www.hoymercedes.com.ar\/principal\/wp-content\/uploads\/2012\/03\/EncuentroMotos2012-1.jpg\" alt=\"\" width=\"612\" height=\"405\" \/><\/a><\/p>\n<p><a href=\"https:\/\/www.hoymercedes.com.ar\/principal\/wp-content\/uploads\/2012\/03\/EncuentroMotos2012-2.jpg\"><img loading=\"lazy\" decoding=\"async\" data-attachment-id=\"11620\" data-permalink=\"https:\/\/www.hoymercedes.com.ar\/principal\/2012\/03\/19\/mercedes-vivio-la-gran-fiesta-del-xv-encuentro-nacional-de-motos\/encuentromotos2012-2\/#main\" data-orig-file=\"https:\/\/www.hoymercedes.com.ar\/principal\/wp-content\/uploads\/2012\/03\/EncuentroMotos2012-2.jpg\" data-orig-size=\"612,489\" data-comments-opened=\"1\" data-image-meta=\"{&quot;aperture&quot;:&quot;0&quot;,&quot;credit&quot;:&quot;&quot;,&quot;camera&quot;:&quot;&quot;,&quot;caption&quot;:&quot;&quot;,&quot;created_timestamp&quot;:&quot;0&quot;,&quot;copyright&quot;:&quot;&quot;,&quot;focal_length&quot;:&quot;0&quot;,&quot;iso&quot;:&quot;0&quot;,&quot;shutter_speed&quot;:&quot;0&quot;,&quot;title&quot;:&quot;&quot;}\" data-image-title=\"EncuentroMotos2012 (2)\" data-image-description=\"\" data-image-caption=\"\" data-large-file=\"https:\/\/www.hoymercedes.com.ar\/principal\/wp-content\/uploads\/2012\/03\/EncuentroMotos2012-2.jpg\" class=\"aligncenter size-full wp-image-11620\" title=\"EncuentroMotos2012 (2)\" src=\"https:\/\/www.hoymercedes.com.ar\/principal\/wp-content\/uploads\/2012\/03\/EncuentroMotos2012-2.jpg\" alt=\"\" width=\"612\" height=\"489\" srcset=\"https:\/\/www.hoymercedes.com.ar\/principal\/wp-content\/uploads\/2012\/03\/EncuentroMotos2012-2.jpg 612w, https:\/\/www.hoymercedes.com.ar\/principal\/wp-content\/uploads\/2012\/03\/EncuentroMotos2012-2-300x239.jpg 300w\" sizes=\"auto, (max-width: 612px) 100vw, 612px\" \/><\/a><\/p>\n<p><a href=\"https:\/\/www.hoymercedes.com.ar\/principal\/wp-content\/uploads\/2012\/03\/EncuentroMotos2012-3.jpg\"><img loading=\"lazy\" decoding=\"async\" data-attachment-id=\"11621\" data-permalink=\"https:\/\/www.hoymercedes.com.ar\/principal\/2012\/03\/19\/mercedes-vivio-la-gran-fiesta-del-xv-encuentro-nacional-de-motos\/encuentromotos2012-3\/#main\" data-orig-file=\"https:\/\/www.hoymercedes.com.ar\/principal\/wp-content\/uploads\/2012\/03\/EncuentroMotos2012-3.jpg\" data-orig-size=\"612,583\" data-comments-opened=\"1\" data-image-meta=\"{&quot;aperture&quot;:&quot;0&quot;,&quot;credit&quot;:&quot;&quot;,&quot;camera&quot;:&quot;&quot;,&quot;caption&quot;:&quot;&quot;,&quot;created_timestamp&quot;:&quot;0&quot;,&quot;copyright&quot;:&quot;&quot;,&quot;focal_length&quot;:&quot;0&quot;,&quot;iso&quot;:&quot;0&quot;,&quot;shutter_speed&quot;:&quot;0&quot;,&quot;title&quot;:&quot;&quot;}\" data-image-title=\"EncuentroMotos2012 (3)\" data-image-description=\"\" data-image-caption=\"\" data-large-file=\"https:\/\/www.hoymercedes.com.ar\/principal\/wp-content\/uploads\/2012\/03\/EncuentroMotos2012-3.jpg\" class=\"aligncenter size-full wp-image-11621\" title=\"EncuentroMotos2012 (3)\" src=\"https:\/\/www.hoymercedes.com.ar\/principal\/wp-content\/uploads\/2012\/03\/EncuentroMotos2012-3.jpg\" alt=\"\" width=\"612\" height=\"583\" srcset=\"https:\/\/www.hoymercedes.com.ar\/principal\/wp-content\/uploads\/2012\/03\/EncuentroMotos2012-3.jpg 612w, https:\/\/www.hoymercedes.com.ar\/principal\/wp-content\/uploads\/2012\/03\/EncuentroMotos2012-3-300x285.jpg 300w\" sizes=\"auto, (max-width: 612px) 100vw, 612px\" \/><\/a><\/p>\n<p><a href=\"https:\/\/www.hoymercedes.com.ar\/principal\/wp-content\/uploads\/2012\/03\/EncuentroMotos2012-4.jpg\"><img loading=\"lazy\" decoding=\"async\" data-attachment-id=\"11622\" data-permalink=\"https:\/\/www.hoymercedes.com.ar\/principal\/2012\/03\/19\/mercedes-vivio-la-gran-fiesta-del-xv-encuentro-nacional-de-motos\/encuentromotos2012-4\/#main\" data-orig-file=\"https:\/\/www.hoymercedes.com.ar\/principal\/wp-content\/uploads\/2012\/03\/EncuentroMotos2012-4.jpg\" data-orig-size=\"521,423\" data-comments-opened=\"1\" data-image-meta=\"{&quot;aperture&quot;:&quot;0&quot;,&quot;credit&quot;:&quot;&quot;,&quot;camera&quot;:&quot;&quot;,&quot;caption&quot;:&quot;&quot;,&quot;created_timestamp&quot;:&quot;0&quot;,&quot;copyright&quot;:&quot;&quot;,&quot;focal_length&quot;:&quot;0&quot;,&quot;iso&quot;:&quot;0&quot;,&quot;shutter_speed&quot;:&quot;0&quot;,&quot;title&quot;:&quot;&quot;}\" data-image-title=\"EncuentroMotos2012 (4)\" data-image-description=\"\" data-image-caption=\"\" data-large-file=\"https:\/\/www.hoymercedes.com.ar\/principal\/wp-content\/uploads\/2012\/03\/EncuentroMotos2012-4.jpg\" class=\"aligncenter size-full wp-image-11622\" title=\"EncuentroMotos2012 (4)\" src=\"https:\/\/www.hoymercedes.com.ar\/principal\/wp-content\/uploads\/2012\/03\/EncuentroMotos2012-4.jpg\" alt=\"\" width=\"521\" height=\"423\" srcset=\"https:\/\/www.hoymercedes.com.ar\/principal\/wp-content\/uploads\/2012\/03\/EncuentroMotos2012-4.jpg 521w, https:\/\/www.hoymercedes.com.ar\/principal\/wp-content\/uploads\/2012\/03\/EncuentroMotos2012-4-300x243.jpg 300w\" sizes=\"auto, (max-width: 521px) 100vw, 521px\" \/><\/a><\/p>\n<p><a href=\"https:\/\/www.hoymercedes.com.ar\/principal\/wp-content\/uploads\/2012\/03\/EncuentroMotos2012-5.jpg\"><img loading=\"lazy\" decoding=\"async\" data-attachment-id=\"11623\" data-permalink=\"https:\/\/www.hoymercedes.com.ar\/principal\/2012\/03\/19\/mercedes-vivio-la-gran-fiesta-del-xv-encuentro-nacional-de-motos\/encuentromotos2012-5\/#main\" data-orig-file=\"https:\/\/www.hoymercedes.com.ar\/principal\/wp-content\/uploads\/2012\/03\/EncuentroMotos2012-5.jpg\" data-orig-size=\"612,397\" data-comments-opened=\"1\" data-image-meta=\"{&quot;aperture&quot;:&quot;0&quot;,&quot;credit&quot;:&quot;&quot;,&quot;camera&quot;:&quot;&quot;,&quot;caption&quot;:&quot;&quot;,&quot;created_timestamp&quot;:&quot;0&quot;,&quot;copyright&quot;:&quot;&quot;,&quot;focal_length&quot;:&quot;0&quot;,&quot;iso&quot;:&quot;0&quot;,&quot;shutter_speed&quot;:&quot;0&quot;,&quot;title&quot;:&quot;&quot;}\" data-image-title=\"EncuentroMotos2012 (5)\" data-image-description=\"\" data-image-caption=\"\" data-large-file=\"https:\/\/www.hoymercedes.com.ar\/principal\/wp-content\/uploads\/2012\/03\/EncuentroMotos2012-5.jpg\" class=\"aligncenter size-full wp-image-11623\" title=\"EncuentroMotos2012 (5)\" src=\"https:\/\/www.hoymercedes.com.ar\/principal\/wp-content\/uploads\/2012\/03\/EncuentroMotos2012-5.jpg\" alt=\"\" width=\"612\" height=\"397\" srcset=\"https:\/\/www.hoymercedes.com.ar\/principal\/wp-content\/uploads\/2012\/03\/EncuentroMotos2012-5.jpg 612w, https:\/\/www.hoymercedes.com.ar\/principal\/wp-content\/uploads\/2012\/03\/EncuentroMotos2012-5-300x194.jpg 300w\" sizes=\"auto, (max-width: 612px) 100vw, 612px\" \/><\/a><\/p>\n<p><a href=\"https:\/\/www.hoymercedes.com.ar\/principal\/wp-content\/uploads\/2012\/03\/EncuentroMotos2012-6.jpg\"><img loading=\"lazy\" decoding=\"async\" data-attachment-id=\"11624\" data-permalink=\"https:\/\/www.hoymercedes.com.ar\/principal\/2012\/03\/19\/mercedes-vivio-la-gran-fiesta-del-xv-encuentro-nacional-de-motos\/encuentromotos2012-6\/#main\" data-orig-file=\"https:\/\/www.hoymercedes.com.ar\/principal\/wp-content\/uploads\/2012\/03\/EncuentroMotos2012-6.jpg\" data-orig-size=\"612,465\" data-comments-opened=\"1\" data-image-meta=\"{&quot;aperture&quot;:&quot;0&quot;,&quot;credit&quot;:&quot;&quot;,&quot;camera&quot;:&quot;&quot;,&quot;caption&quot;:&quot;&quot;,&quot;created_timestamp&quot;:&quot;0&quot;,&quot;copyright&quot;:&quot;&quot;,&quot;focal_length&quot;:&quot;0&quot;,&quot;iso&quot;:&quot;0&quot;,&quot;shutter_speed&quot;:&quot;0&quot;,&quot;title&quot;:&quot;&quot;}\" data-image-title=\"EncuentroMotos2012 (6)\" data-image-description=\"\" data-image-caption=\"\" data-large-file=\"https:\/\/www.hoymercedes.com.ar\/principal\/wp-content\/uploads\/2012\/03\/EncuentroMotos2012-6.jpg\" class=\"aligncenter size-full wp-image-11624\" title=\"EncuentroMotos2012 (6)\" src=\"https:\/\/www.hoymercedes.com.ar\/principal\/wp-content\/uploads\/2012\/03\/EncuentroMotos2012-6.jpg\" alt=\"\" width=\"612\" height=\"465\" srcset=\"https:\/\/www.hoymercedes.com.ar\/principal\/wp-content\/uploads\/2012\/03\/EncuentroMotos2012-6.jpg 612w, https:\/\/www.hoymercedes.com.ar\/principal\/wp-content\/uploads\/2012\/03\/EncuentroMotos2012-6-300x227.jpg 300w\" sizes=\"auto, (max-width: 612px) 100vw, 612px\" \/><\/a><\/p>\n<p><a href=\"https:\/\/www.hoymercedes.com.ar\/principal\/wp-content\/uploads\/2012\/03\/EncuentroMotos2012-7.jpg\"><img loading=\"lazy\" decoding=\"async\" data-attachment-id=\"11625\" data-permalink=\"https:\/\/www.hoymercedes.com.ar\/principal\/2012\/03\/19\/mercedes-vivio-la-gran-fiesta-del-xv-encuentro-nacional-de-motos\/encuentromotos2012-7\/#main\" data-orig-file=\"https:\/\/www.hoymercedes.com.ar\/principal\/wp-content\/uploads\/2012\/03\/EncuentroMotos2012-7.jpg\" data-orig-size=\"612,788\" data-comments-opened=\"1\" data-image-meta=\"{&quot;aperture&quot;:&quot;0&quot;,&quot;credit&quot;:&quot;&quot;,&quot;camera&quot;:&quot;&quot;,&quot;caption&quot;:&quot;&quot;,&quot;created_timestamp&quot;:&quot;0&quot;,&quot;copyright&quot;:&quot;&quot;,&quot;focal_length&quot;:&quot;0&quot;,&quot;iso&quot;:&quot;0&quot;,&quot;shutter_speed&quot;:&quot;0&quot;,&quot;title&quot;:&quot;&quot;}\" data-image-title=\"EncuentroMotos2012 (7)\" data-image-description=\"\" data-image-caption=\"\" data-large-file=\"https:\/\/www.hoymercedes.com.ar\/principal\/wp-content\/uploads\/2012\/03\/EncuentroMotos2012-7.jpg\" class=\"aligncenter size-full wp-image-11625\" title=\"EncuentroMotos2012 (7)\" src=\"https:\/\/www.hoymercedes.com.ar\/principal\/wp-content\/uploads\/2012\/03\/EncuentroMotos2012-7.jpg\" alt=\"\" width=\"612\" height=\"788\" srcset=\"https:\/\/www.hoymercedes.com.ar\/principal\/wp-content\/uploads\/2012\/03\/EncuentroMotos2012-7.jpg 612w, https:\/\/www.hoymercedes.com.ar\/principal\/wp-content\/uploads\/2012\/03\/EncuentroMotos2012-7-232x300.jpg 232w\" sizes=\"auto, (max-width: 612px) 100vw, 612px\" \/><\/a><\/p>\n<p><a href=\"https:\/\/www.hoymercedes.com.ar\/principal\/wp-content\/uploads\/2012\/03\/EncuentroMotos2012-8.jpg\"><img loading=\"lazy\" decoding=\"async\" data-attachment-id=\"11626\" data-permalink=\"https:\/\/www.hoymercedes.com.ar\/principal\/2012\/03\/19\/mercedes-vivio-la-gran-fiesta-del-xv-encuentro-nacional-de-motos\/encuentromotos2012-8\/#main\" data-orig-file=\"https:\/\/www.hoymercedes.com.ar\/principal\/wp-content\/uploads\/2012\/03\/EncuentroMotos2012-8.jpg\" data-orig-size=\"612,743\" data-comments-opened=\"1\" data-image-meta=\"{&quot;aperture&quot;:&quot;0&quot;,&quot;credit&quot;:&quot;&quot;,&quot;camera&quot;:&quot;&quot;,&quot;caption&quot;:&quot;&quot;,&quot;created_timestamp&quot;:&quot;0&quot;,&quot;copyright&quot;:&quot;&quot;,&quot;focal_length&quot;:&quot;0&quot;,&quot;iso&quot;:&quot;0&quot;,&quot;shutter_speed&quot;:&quot;0&quot;,&quot;title&quot;:&quot;&quot;}\" data-image-title=\"EncuentroMotos2012 (8)\" data-image-description=\"\" data-image-caption=\"\" data-large-file=\"https:\/\/www.hoymercedes.com.ar\/principal\/wp-content\/uploads\/2012\/03\/EncuentroMotos2012-8.jpg\" class=\"aligncenter size-full wp-image-11626\" title=\"EncuentroMotos2012 (8)\" src=\"https:\/\/www.hoymercedes.com.ar\/principal\/wp-content\/uploads\/2012\/03\/EncuentroMotos2012-8.jpg\" alt=\"\" width=\"612\" height=\"743\" srcset=\"https:\/\/www.hoymercedes.com.ar\/principal\/wp-content\/uploads\/2012\/03\/EncuentroMotos2012-8.jpg 612w, https:\/\/www.hoymercedes.com.ar\/principal\/wp-content\/uploads\/2012\/03\/EncuentroMotos2012-8-247x300.jpg 247w\" sizes=\"auto, (max-width: 612px) 100vw, 612px\" \/><\/a><\/p>\n<p><a href=\"https:\/\/www.hoymercedes.com.ar\/principal\/wp-content\/uploads\/2012\/03\/EncuentroMotos2012-9.jpg\"><img loading=\"lazy\" decoding=\"async\" data-attachment-id=\"11627\" data-permalink=\"https:\/\/www.hoymercedes.com.ar\/principal\/2012\/03\/19\/mercedes-vivio-la-gran-fiesta-del-xv-encuentro-nacional-de-motos\/encuentromotos2012-9\/#main\" data-orig-file=\"https:\/\/www.hoymercedes.com.ar\/principal\/wp-content\/uploads\/2012\/03\/EncuentroMotos2012-9.jpg\" data-orig-size=\"612,405\" data-comments-opened=\"1\" data-image-meta=\"{&quot;aperture&quot;:&quot;0&quot;,&quot;credit&quot;:&quot;&quot;,&quot;camera&quot;:&quot;&quot;,&quot;caption&quot;:&quot;&quot;,&quot;created_timestamp&quot;:&quot;0&quot;,&quot;copyright&quot;:&quot;&quot;,&quot;focal_length&quot;:&quot;0&quot;,&quot;iso&quot;:&quot;0&quot;,&quot;shutter_speed&quot;:&quot;0&quot;,&quot;title&quot;:&quot;&quot;}\" data-image-title=\"EncuentroMotos2012 (9)\" data-image-description=\"\" data-image-caption=\"\" data-large-file=\"https:\/\/www.hoymercedes.com.ar\/principal\/wp-content\/uploads\/2012\/03\/EncuentroMotos2012-9.jpg\" class=\"aligncenter size-full wp-image-11627\" title=\"EncuentroMotos2012 (9)\" src=\"https:\/\/www.hoymercedes.com.ar\/principal\/wp-content\/uploads\/2012\/03\/EncuentroMotos2012-9.jpg\" alt=\"\" width=\"612\" height=\"405\" srcset=\"https:\/\/www.hoymercedes.com.ar\/principal\/wp-content\/uploads\/2012\/03\/EncuentroMotos2012-9.jpg 612w, https:\/\/www.hoymercedes.com.ar\/principal\/wp-content\/uploads\/2012\/03\/EncuentroMotos2012-9-300x198.jpg 300w\" sizes=\"auto, (max-width: 612px) 100vw, 612px\" \/><\/a><\/p>\n<p><a href=\"https:\/\/www.hoymercedes.com.ar\/principal\/wp-content\/uploads\/2012\/03\/EncuentroMotos2012-10.jpg\"><img loading=\"lazy\" decoding=\"async\" data-attachment-id=\"11628\" data-permalink=\"https:\/\/www.hoymercedes.com.ar\/principal\/2012\/03\/19\/mercedes-vivio-la-gran-fiesta-del-xv-encuentro-nacional-de-motos\/encuentromotos2012-10\/#main\" data-orig-file=\"https:\/\/www.hoymercedes.com.ar\/principal\/wp-content\/uploads\/2012\/03\/EncuentroMotos2012-10.jpg\" data-orig-size=\"612,406\" data-comments-opened=\"1\" data-image-meta=\"{&quot;aperture&quot;:&quot;0&quot;,&quot;credit&quot;:&quot;&quot;,&quot;camera&quot;:&quot;&quot;,&quot;caption&quot;:&quot;&quot;,&quot;created_timestamp&quot;:&quot;0&quot;,&quot;copyright&quot;:&quot;&quot;,&quot;focal_length&quot;:&quot;0&quot;,&quot;iso&quot;:&quot;0&quot;,&quot;shutter_speed&quot;:&quot;0&quot;,&quot;title&quot;:&quot;&quot;}\" data-image-title=\"EncuentroMotos2012 (10)\" data-image-description=\"\" data-image-caption=\"\" data-large-file=\"https:\/\/www.hoymercedes.com.ar\/principal\/wp-content\/uploads\/2012\/03\/EncuentroMotos2012-10.jpg\" class=\"aligncenter size-full wp-image-11628\" title=\"EncuentroMotos2012 (10)\" src=\"https:\/\/www.hoymercedes.com.ar\/principal\/wp-content\/uploads\/2012\/03\/EncuentroMotos2012-10.jpg\" alt=\"\" width=\"612\" height=\"406\" srcset=\"https:\/\/www.hoymercedes.com.ar\/principal\/wp-content\/uploads\/2012\/03\/EncuentroMotos2012-10.jpg 612w, https:\/\/www.hoymercedes.com.ar\/principal\/wp-content\/uploads\/2012\/03\/EncuentroMotos2012-10-300x199.jpg 300w\" sizes=\"auto, (max-width: 612px) 100vw, 612px\" \/><\/a><\/p>\n<p><a href=\"https:\/\/www.hoymercedes.com.ar\/principal\/wp-content\/uploads\/2012\/03\/EncuentroMotos2012-11.jpg\"><img loading=\"lazy\" decoding=\"async\" data-attachment-id=\"11629\" data-permalink=\"https:\/\/www.hoymercedes.com.ar\/principal\/2012\/03\/19\/mercedes-vivio-la-gran-fiesta-del-xv-encuentro-nacional-de-motos\/encuentromotos2012-11\/#main\" data-orig-file=\"https:\/\/www.hoymercedes.com.ar\/principal\/wp-content\/uploads\/2012\/03\/EncuentroMotos2012-11.jpg\" data-orig-size=\"612,406\" data-comments-opened=\"1\" data-image-meta=\"{&quot;aperture&quot;:&quot;0&quot;,&quot;credit&quot;:&quot;&quot;,&quot;camera&quot;:&quot;&quot;,&quot;caption&quot;:&quot;&quot;,&quot;created_timestamp&quot;:&quot;0&quot;,&quot;copyright&quot;:&quot;&quot;,&quot;focal_length&quot;:&quot;0&quot;,&quot;iso&quot;:&quot;0&quot;,&quot;shutter_speed&quot;:&quot;0&quot;,&quot;title&quot;:&quot;&quot;}\" data-image-title=\"EncuentroMotos2012 (11)\" data-image-description=\"\" data-image-caption=\"\" data-large-file=\"https:\/\/www.hoymercedes.com.ar\/principal\/wp-content\/uploads\/2012\/03\/EncuentroMotos2012-11.jpg\" class=\"aligncenter size-full wp-image-11629\" title=\"EncuentroMotos2012 (11)\" src=\"https:\/\/www.hoymercedes.com.ar\/principal\/wp-content\/uploads\/2012\/03\/EncuentroMotos2012-11.jpg\" alt=\"\" width=\"612\" height=\"406\" srcset=\"https:\/\/www.hoymercedes.com.ar\/principal\/wp-content\/uploads\/2012\/03\/EncuentroMotos2012-11.jpg 612w, https:\/\/www.hoymercedes.com.ar\/principal\/wp-content\/uploads\/2012\/03\/EncuentroMotos2012-11-300x199.jpg 300w\" sizes=\"auto, (max-width: 612px) 100vw, 612px\" \/><\/a><\/p>\n<p><a href=\"https:\/\/www.hoymercedes.com.ar\/principal\/wp-content\/uploads\/2012\/03\/EncuentroMotos2012-12.jpg\"><img loading=\"lazy\" decoding=\"async\" data-attachment-id=\"11630\" data-permalink=\"https:\/\/www.hoymercedes.com.ar\/principal\/2012\/03\/19\/mercedes-vivio-la-gran-fiesta-del-xv-encuentro-nacional-de-motos\/encuentromotos2012-12\/#main\" data-orig-file=\"https:\/\/www.hoymercedes.com.ar\/principal\/wp-content\/uploads\/2012\/03\/EncuentroMotos2012-12.jpg\" data-orig-size=\"612,406\" data-comments-opened=\"1\" data-image-meta=\"{&quot;aperture&quot;:&quot;0&quot;,&quot;credit&quot;:&quot;&quot;,&quot;camera&quot;:&quot;&quot;,&quot;caption&quot;:&quot;&quot;,&quot;created_timestamp&quot;:&quot;0&quot;,&quot;copyright&quot;:&quot;&quot;,&quot;focal_length&quot;:&quot;0&quot;,&quot;iso&quot;:&quot;0&quot;,&quot;shutter_speed&quot;:&quot;0&quot;,&quot;title&quot;:&quot;&quot;}\" data-image-title=\"EncuentroMotos2012 (12)\" data-image-description=\"\" data-image-caption=\"\" data-large-file=\"https:\/\/www.hoymercedes.com.ar\/principal\/wp-content\/uploads\/2012\/03\/EncuentroMotos2012-12.jpg\" class=\"aligncenter size-full wp-image-11630\" title=\"EncuentroMotos2012 (12)\" src=\"https:\/\/www.hoymercedes.com.ar\/principal\/wp-content\/uploads\/2012\/03\/EncuentroMotos2012-12.jpg\" alt=\"\" width=\"612\" height=\"406\" srcset=\"https:\/\/www.hoymercedes.com.ar\/principal\/wp-content\/uploads\/2012\/03\/EncuentroMotos2012-12.jpg 612w, https:\/\/www.hoymercedes.com.ar\/principal\/wp-content\/uploads\/2012\/03\/EncuentroMotos2012-12-300x199.jpg 300w\" sizes=\"auto, (max-width: 612px) 100vw, 612px\" \/><\/a><\/p>\n<p>&nbsp;<\/p>\n","protected":false},"excerpt":{"rendered":"<p>Durante tres d\u00edas, pero de manera m\u00e1s intensa desde el viernes a la noche, nuestra ciudad vivi\u00f3 con alegr\u00eda y &#8230; <a title=\"Mercedes vivi\u00f3 la gran fiesta del XV Encuentro Nacional de Motos\" class=\"read-more\" href=\"https:\/\/www.hoymercedes.com.ar\/principal\/2012\/03\/19\/mercedes-vivio-la-gran-fiesta-del-xv-encuentro-nacional-de-motos\/\" aria-label=\"Leer m\u00e1s sobre Mercedes vivi\u00f3 la gran fiesta del XV Encuentro Nacional de Motos\">Leer m\u00e1s<\/a><\/p>\n","protected":false},"author":1,"featured_media":0,"comment_status":"open","ping_status":"open","sticky":false,"template":"","format":"standard","meta":{"_monsterinsights_skip_tracking":false,"_monsterinsights_sitenote_active":false,"_monsterinsights_sitenote_note":"","_monsterinsights_sitenote_category":0,"jetpack_post_was_ever_published":false,"_jetpack_newsletter_access":"","_jetpack_dont_email_post_to_subs":false,"_jetpack_newsletter_tier_id":0,"_jetpack_memberships_contains_paywalled_content":false,"_jetpack_memberships_contains_paid_content":false,"footnotes":"","jetpack_publicize_message":"","jetpack_publicize_feature_enabled":true,"jetpack_social_post_already_shared":false,"jetpack_social_options":{"image_generator_settings":{"template":"highway","default_image_id":0,"font":"","enabled":false},"version":2},"_wpas_customize_per_network":false},"categories":[8],"tags":[1963],"class_list":["post-11617","post","type-post","status-publish","format-standard","hentry","category-sociedad","tag-encuentro-de-motos-2012","generate-columns","tablet-grid-50","mobile-grid-100","grid-parent","grid-50"],"jetpack_publicize_connections":[],"jetpack_featured_media_url":"","wps_subtitle":"","jetpack_sharing_enabled":true,"_links":{"self":[{"href":"https:\/\/www.hoymercedes.com.ar\/principal\/wp-json\/wp\/v2\/posts\/11617","targetHints":{"allow":["GET"]}}],"collection":[{"href":"https:\/\/www.hoymercedes.com.ar\/principal\/wp-json\/wp\/v2\/posts"}],"about":[{"href":"https:\/\/www.hoymercedes.com.ar\/principal\/wp-json\/wp\/v2\/types\/post"}],"author":[{"embeddable":true,"href":"https:\/\/www.hoymercedes.com.ar\/principal\/wp-json\/wp\/v2\/users\/1"}],"replies":[{"embeddable":true,"href":"https:\/\/www.hoymercedes.com.ar\/principal\/wp-json\/wp\/v2\/comments?post=11617"}],"version-history":[{"count":0,"href":"https:\/\/www.hoymercedes.com.ar\/principal\/wp-json\/wp\/v2\/posts\/11617\/revisions"}],"wp:attachment":[{"href":"https:\/\/www.hoymercedes.com.ar\/principal\/wp-json\/wp\/v2\/media?parent=11617"}],"wp:term":[{"taxonomy":"category","embeddable":true,"href":"https:\/\/www.hoymercedes.com.ar\/principal\/wp-json\/wp\/v2\/categories?post=11617"},{"taxonomy":"post_tag","embeddable":true,"href":"https:\/\/www.hoymercedes.com.ar\/principal\/wp-json\/wp\/v2\/tags?post=11617"}],"curies":[{"name":"wp","href":"https:\/\/api.w.org\/{rel}","templated":true}]}}