{"id":116174,"date":"2020-09-04T23:06:22","date_gmt":"2020-09-05T02:06:22","guid":{"rendered":"http:\/\/www.hoymercedes.com.ar\/principal\/?p=116174"},"modified":"2020-09-07T15:10:50","modified_gmt":"2020-09-07T18:10:50","slug":"coronavirus-24-nuevos-positivos-en-el-cierre-del-viernes","status":"publish","type":"post","link":"https:\/\/www.hoymercedes.com.ar\/principal\/2020\/09\/04\/coronavirus-24-nuevos-positivos-en-el-cierre-del-viernes\/","title":{"rendered":"Coronavirus: 24 nuevos positivos en el cierre del viernes"},"content":{"rendered":"\n<p>En el informe de este viernes, las autoridades de Mercedes confirmaron 24 nuevos casos positivos de covid-19 entre los 76 nuevos test. Esto resulta que son 195 son los casos activos en la ciudad. <\/p>\n\n\n\n<div class=\"wp-block-image\"><figure class=\"aligncenter size-large\"><img loading=\"lazy\" decoding=\"async\" width=\"800\" height=\"800\" data-attachment-id=\"116175\" data-permalink=\"https:\/\/www.hoymercedes.com.ar\/principal\/2020\/09\/04\/coronavirus-24-nuevos-positivos-en-el-cierre-del-viernes\/whatsapp-image-2020-09-04-at-22-15-33\/#main\" data-orig-file=\"https:\/\/www.hoymercedes.com.ar\/principal\/wp-content\/uploads\/2020\/09\/WhatsApp-Image-2020-09-04-at-22.15.33.jpeg\" data-orig-size=\"800,800\" data-comments-opened=\"0\" data-image-meta=\"{&quot;aperture&quot;:&quot;0&quot;,&quot;credit&quot;:&quot;&quot;,&quot;camera&quot;:&quot;&quot;,&quot;caption&quot;:&quot;&quot;,&quot;created_timestamp&quot;:&quot;0&quot;,&quot;copyright&quot;:&quot;&quot;,&quot;focal_length&quot;:&quot;0&quot;,&quot;iso&quot;:&quot;0&quot;,&quot;shutter_speed&quot;:&quot;0&quot;,&quot;title&quot;:&quot;&quot;,&quot;orientation&quot;:&quot;0&quot;}\" data-image-title=\"WhatsApp Image 2020-09-04 at 22.15.33\" data-image-description=\"\" data-image-caption=\"\" data-large-file=\"https:\/\/www.hoymercedes.com.ar\/principal\/wp-content\/uploads\/2020\/09\/WhatsApp-Image-2020-09-04-at-22.15.33.jpeg\" src=\"https:\/\/www.hoymercedes.com.ar\/principal\/wp-content\/uploads\/2020\/09\/WhatsApp-Image-2020-09-04-at-22.15.33.jpeg\" alt=\"\" class=\"wp-image-116175\"\/><\/figure><\/div>\n\n\n\n<p>El informe enviado por las autoridades comunales y sanitarias expresa:<\/p>\n\n\n\n<p>\u00abEn el d\u00eda de la fecha el Laboratorio de Virolog\u00eda Molecular Municipal por medio de los procesos cient\u00edficos que lleva adelante cotidianamente detect\u00f3 24 nuevos casos para covid-19.<br>Los casos tienen su ra\u00edz epidemiol\u00f3gica y correspondiente trabajo de rastreo y seguimiento.<br>Al d\u00eda de la fecha tenemos 195 casos activos y 737 desde iniciada la pandemia con 529 pacientes recuperados del virus.<br>En seguimiento por contacto estrecho contin\u00faan a instancias del Centro de Teleseguimiento con 93 operadores socio sanitarios se encuentran 815 mercedinos.<br>En cuanto al Centro de Aislamiento Sanitario II con todas las normas socio sanitarias y un fuerte trabajo de Salud, Protecci\u00f3n Civil, SAME, Seguridad, Desarrollo Social y Servicios P\u00fablicos tiene a 6 pacientes alojados, aislados y monitoreados\u00bb.<\/p>\n\n\n\n<p><strong>Informe nacional<\/strong><\/p>\n\n\n\n<p>Hoy fueron confirmados 10.684 nuevos casos de COVID-19. Con estos registros, suman 461.882 positivos en el pa\u00eds. Detalle por provincia (N\u00ba de confirmados | N\u00ba de acumulados): Buenos Aires 5.682 | 283.857 Ciudad de Buenos Aires 1.278 | 101.034 Catamarca 1 | 71 Chaco 89 | 5.771 Chubut 39 | 1.101 C\u00f3rdoba 498 | 10.341 Corrientes 3 | 333 Entre R\u00edos 166 | 4.113 Formosa 2 | 90 Jujuy 332 | 9.549 La Pampa 7 | 221 La Rioja 99 | 1.887 Mendoza 653 | 8.801 Misiones 1 | 65 Neuqu\u00e9n 73 | 3.471 R\u00edo Negro 262 | 6.768 Salta 269 | 4.197 San Juan 29 | 358 San Luis 15 | 210 Santa Cruz 67 | 2.029 Santa Fe 713 | 10.806 Santiago del Estero 57 | 1.152 Tierra del Fuego* 39 | 2.272 y Tucum\u00e1n 310 | 3.385<\/p>\n\n\n\n<p>Asimismo, confirmaron 262 fallecimientos en todo el pa\u00eds. En el informe matutino notificaron los primeros 107: 58 hombres (47 residentes en la provincia de Buenos Aires; 6 residentes en la Ciudad de Buenos Aires; un residente en la provincia de C\u00f3rdoba; un residente en la provincia de R\u00edo Negro; 2 residentes en la provincia de Santa Fe; y un residente en la provincia de Tierra del Fuego) y 48 mujeres (40 residentes en la provincia de Buenos Aires; 4 residente en la Ciudad de Buenos Aires; una residente en la provincia de Mendoza; una residente en la provincia de R\u00edo Negro; 2 residentes en la provincia de Santa Fe)<\/p>\n\n\n\n<p>En el informe vespertino notificaron las muertes restantes. Al momento la cantidad de personas fallecidas es 9.623. 82 hombres (49 residentes en la provincia de Buenos Aires, 12 residentes en la Ciudad de Buenos Aires; un residente en la provincia de Chaco; 4 residentes en la provincia de C\u00f3rdoba; 4 residentes en la provincia de Jujuy; un residente en la provincia de Mendoza; 3 residentes en la provincia de R\u00edo Negro; 5 residente en la provincia de Salta; 2 residentes en la provincia de Santa Fe y un residente en Tierra del Fuego) y 73 mujeres (40 residentes en la provincia de Buenos Aires; 20 residentes en la Ciudad de Buenos Aires; una residente en la provincia de Chaco; una residente en la provincia de Chubut; una residente en la provincia de C\u00f3rdoba; una residente en la provincia de Entre R\u00edos; una residente en la provincia de Jujuy; 2 residentes en la provincia de R\u00edo Negro; 3 residentes en la provincia de Salta; una residente en la provincia de Santa Cruz; una residente en la provincia de Santa Fe y una residente en la provincia de Tierra del Fuego)<\/p>\n","protected":false},"excerpt":{"rendered":"<p>En el informe de este viernes, las autoridades de Mercedes confirmaron 24 nuevos casos positivos de covid-19 entre los 76 &#8230; <a title=\"Coronavirus: 24 nuevos positivos en el cierre del viernes\" class=\"read-more\" href=\"https:\/\/www.hoymercedes.com.ar\/principal\/2020\/09\/04\/coronavirus-24-nuevos-positivos-en-el-cierre-del-viernes\/\" aria-label=\"Leer m\u00e1s sobre Coronavirus: 24 nuevos positivos en el cierre del viernes\">Leer m\u00e1s<\/a><\/p>\n","protected":false},"author":1,"featured_media":116175,"comment_status":"closed","ping_status":"open","sticky":false,"template":"","format":"standard","meta":{"_monsterinsights_skip_tracking":false,"_monsterinsights_sitenote_active":false,"_monsterinsights_sitenote_note":"","_monsterinsights_sitenote_category":0,"jetpack_post_was_ever_published":false,"_jetpack_newsletter_access":"","_jetpack_dont_email_post_to_subs":false,"_jetpack_newsletter_tier_id":0,"_jetpack_memberships_contains_paywalled_content":false,"_jetpack_memberships_contains_paid_content":false,"footnotes":"","jetpack_publicize_message":"","jetpack_publicize_feature_enabled":true,"jetpack_social_post_already_shared":true,"jetpack_social_options":{"image_generator_settings":{"template":"highway","default_image_id":0,"font":"","enabled":false},"version":2},"_wpas_customize_per_network":false},"categories":[9791],"tags":[16428,16561,16175,16313],"class_list":["post-116174","post","type-post","status-publish","format-standard","has-post-thumbnail","hentry","category-salud","tag-casos-positivos","tag-cierre-del-dia","tag-coronavirus","tag-covid-19","generate-columns","tablet-grid-50","mobile-grid-100","grid-parent","grid-50"],"jetpack_publicize_connections":[],"jetpack_featured_media_url":"https:\/\/www.hoymercedes.com.ar\/principal\/wp-content\/uploads\/2020\/09\/WhatsApp-Image-2020-09-04-at-22.15.33.jpeg","wps_subtitle":"Cierre del d\u00eda","jetpack_sharing_enabled":true,"_links":{"self":[{"href":"https:\/\/www.hoymercedes.com.ar\/principal\/wp-json\/wp\/v2\/posts\/116174","targetHints":{"allow":["GET"]}}],"collection":[{"href":"https:\/\/www.hoymercedes.com.ar\/principal\/wp-json\/wp\/v2\/posts"}],"about":[{"href":"https:\/\/www.hoymercedes.com.ar\/principal\/wp-json\/wp\/v2\/types\/post"}],"author":[{"embeddable":true,"href":"https:\/\/www.hoymercedes.com.ar\/principal\/wp-json\/wp\/v2\/users\/1"}],"replies":[{"embeddable":true,"href":"https:\/\/www.hoymercedes.com.ar\/principal\/wp-json\/wp\/v2\/comments?post=116174"}],"version-history":[{"count":0,"href":"https:\/\/www.hoymercedes.com.ar\/principal\/wp-json\/wp\/v2\/posts\/116174\/revisions"}],"wp:featuredmedia":[{"embeddable":true,"href":"https:\/\/www.hoymercedes.com.ar\/principal\/wp-json\/wp\/v2\/media\/116175"}],"wp:attachment":[{"href":"https:\/\/www.hoymercedes.com.ar\/principal\/wp-json\/wp\/v2\/media?parent=116174"}],"wp:term":[{"taxonomy":"category","embeddable":true,"href":"https:\/\/www.hoymercedes.com.ar\/principal\/wp-json\/wp\/v2\/categories?post=116174"},{"taxonomy":"post_tag","embeddable":true,"href":"https:\/\/www.hoymercedes.com.ar\/principal\/wp-json\/wp\/v2\/tags?post=116174"}],"curies":[{"name":"wp","href":"https:\/\/api.w.org\/{rel}","templated":true}]}}