{"id":116186,"date":"2020-09-05T09:43:41","date_gmt":"2020-09-05T12:43:41","guid":{"rendered":"http:\/\/www.hoymercedes.com.ar\/principal\/?p=116186"},"modified":"2020-09-07T15:06:44","modified_gmt":"2020-09-07T18:06:44","slug":"mercedinos-aprehendidos-en-chivilcoy-con-drogas","status":"publish","type":"post","link":"https:\/\/www.hoymercedes.com.ar\/principal\/2020\/09\/05\/mercedinos-aprehendidos-en-chivilcoy-con-drogas\/","title":{"rendered":"Mercedinos aprehendidos en Chivilcoy con drogas"},"content":{"rendered":"\n<p>Detuvieorn a seis mercedinos en el kil\u00f3metro 140 de la Ruta Nacional N\u00b0 5 tras incautarles marihuna. <\/p>\n\n\n\n<div class=\"wp-block-image\"><figure class=\"aligncenter size-large\"><img loading=\"lazy\" decoding=\"async\" width=\"800\" height=\"465\" data-attachment-id=\"116187\" data-permalink=\"https:\/\/www.hoymercedes.com.ar\/principal\/2020\/09\/05\/mercedinos-aprehendidos-en-chivilcoy-con-drogas\/05-poli-chivilcoy\/#main\" data-orig-file=\"https:\/\/www.hoymercedes.com.ar\/principal\/wp-content\/uploads\/2020\/09\/05-poli-chivilcoy.png\" data-orig-size=\"800,465\" data-comments-opened=\"0\" data-image-meta=\"{&quot;aperture&quot;:&quot;0&quot;,&quot;credit&quot;:&quot;&quot;,&quot;camera&quot;:&quot;&quot;,&quot;caption&quot;:&quot;&quot;,&quot;created_timestamp&quot;:&quot;0&quot;,&quot;copyright&quot;:&quot;&quot;,&quot;focal_length&quot;:&quot;0&quot;,&quot;iso&quot;:&quot;0&quot;,&quot;shutter_speed&quot;:&quot;0&quot;,&quot;title&quot;:&quot;&quot;,&quot;orientation&quot;:&quot;0&quot;}\" data-image-title=\"05-poli-chivilcoy\" data-image-description=\"\" data-image-caption=\"\" data-large-file=\"https:\/\/www.hoymercedes.com.ar\/principal\/wp-content\/uploads\/2020\/09\/05-poli-chivilcoy.png\" src=\"https:\/\/www.hoymercedes.com.ar\/principal\/wp-content\/uploads\/2020\/09\/05-poli-chivilcoy.png\" alt=\"\" class=\"wp-image-116187\"\/><\/figure><\/div>\n\n\n\n<p>En la tarde del viernes, en un operativo policial coordinado por la Jefatura Vial Zonal Mercedes, con asiento en la localidad de Chivilcoy, con el \u00e1rea de Seguridad de dicha localidad, se intercept\u00f3 una pick up Ford 100 en donde viajaban seis mercedios que se dirig\u00edan a Chivilcoy. <\/p>\n\n\n\n<p>En el interior de la camioneta se incaut\u00f3 un envoltorio con picadura de marihuana por lo que se procedi\u00f3 a la detenci\u00f3n de los seis. <\/p>\n\n\n\n<p>Intervino la Ayudant\u00eda Fiscal de Chivilcoy, depediente del Departamento Judicial Mercedes. <\/p>\n\n\n\n<p>Fuente: La Raz\u00f3n de Chivilcoy<\/p>\n","protected":false},"excerpt":{"rendered":"<p>Detuvieorn a seis mercedinos en el kil\u00f3metro 140 de la Ruta Nacional N\u00b0 5 tras incautarles marihuna. En la tarde &#8230; <a title=\"Mercedinos aprehendidos en Chivilcoy con drogas\" class=\"read-more\" href=\"https:\/\/www.hoymercedes.com.ar\/principal\/2020\/09\/05\/mercedinos-aprehendidos-en-chivilcoy-con-drogas\/\" aria-label=\"Leer m\u00e1s sobre Mercedinos aprehendidos en Chivilcoy con drogas\">Leer m\u00e1s<\/a><\/p>\n","protected":false},"author":1,"featured_media":116187,"comment_status":"closed","ping_status":"open","sticky":false,"template":"","format":"standard","meta":{"_monsterinsights_skip_tracking":false,"_monsterinsights_sitenote_active":false,"_monsterinsights_sitenote_note":"","_monsterinsights_sitenote_category":0,"jetpack_post_was_ever_published":false,"_jetpack_newsletter_access":"","_jetpack_dont_email_post_to_subs":false,"_jetpack_newsletter_tier_id":0,"_jetpack_memberships_contains_paywalled_content":false,"_jetpack_memberships_contains_paid_content":false,"footnotes":"","jetpack_publicize_message":"","jetpack_publicize_feature_enabled":true,"jetpack_social_post_already_shared":true,"jetpack_social_options":{"image_generator_settings":{"template":"highway","default_image_id":0,"font":"","enabled":false},"version":2},"_wpas_customize_per_network":false},"categories":[85],"tags":[11757,62,96],"class_list":["post-116186","post","type-post","status-publish","format-standard","has-post-thumbnail","hentry","category-policial","tag-aprehendidos","tag-chivilcoy","tag-policial-2","generate-columns","tablet-grid-50","mobile-grid-100","grid-parent","grid-50"],"jetpack_publicize_connections":[],"jetpack_featured_media_url":"https:\/\/www.hoymercedes.com.ar\/principal\/wp-content\/uploads\/2020\/09\/05-poli-chivilcoy.png","wps_subtitle":"Incuautaron la camioneta","jetpack_sharing_enabled":true,"_links":{"self":[{"href":"https:\/\/www.hoymercedes.com.ar\/principal\/wp-json\/wp\/v2\/posts\/116186","targetHints":{"allow":["GET"]}}],"collection":[{"href":"https:\/\/www.hoymercedes.com.ar\/principal\/wp-json\/wp\/v2\/posts"}],"about":[{"href":"https:\/\/www.hoymercedes.com.ar\/principal\/wp-json\/wp\/v2\/types\/post"}],"author":[{"embeddable":true,"href":"https:\/\/www.hoymercedes.com.ar\/principal\/wp-json\/wp\/v2\/users\/1"}],"replies":[{"embeddable":true,"href":"https:\/\/www.hoymercedes.com.ar\/principal\/wp-json\/wp\/v2\/comments?post=116186"}],"version-history":[{"count":0,"href":"https:\/\/www.hoymercedes.com.ar\/principal\/wp-json\/wp\/v2\/posts\/116186\/revisions"}],"wp:featuredmedia":[{"embeddable":true,"href":"https:\/\/www.hoymercedes.com.ar\/principal\/wp-json\/wp\/v2\/media\/116187"}],"wp:attachment":[{"href":"https:\/\/www.hoymercedes.com.ar\/principal\/wp-json\/wp\/v2\/media?parent=116186"}],"wp:term":[{"taxonomy":"category","embeddable":true,"href":"https:\/\/www.hoymercedes.com.ar\/principal\/wp-json\/wp\/v2\/categories?post=116186"},{"taxonomy":"post_tag","embeddable":true,"href":"https:\/\/www.hoymercedes.com.ar\/principal\/wp-json\/wp\/v2\/tags?post=116186"}],"curies":[{"name":"wp","href":"https:\/\/api.w.org\/{rel}","templated":true}]}}