{"id":116199,"date":"2020-09-05T13:29:26","date_gmt":"2020-09-05T16:29:26","guid":{"rendered":"http:\/\/www.hoymercedes.com.ar\/principal\/?p=116199"},"modified":"2020-09-07T15:05:53","modified_gmt":"2020-09-07T18:05:53","slug":"representantes-turisticos-se-reunieron-con-el-ministro-lammens","status":"publish","type":"post","link":"https:\/\/www.hoymercedes.com.ar\/principal\/2020\/09\/05\/representantes-turisticos-se-reunieron-con-el-ministro-lammens\/","title":{"rendered":"Representantes tur\u00edsticos se reunieron con el Ministro Lammens"},"content":{"rendered":"\n<p>La visita del ministro de deportes y turismo Mat\u00edas Lammens permiti\u00f3 un encuentro en La Trocha junto a representantes del espacio tur\u00edstico, gastron\u00f3mico y hoteleros. Fue a trav\u00e9s de representantes del sector local y en particular del turismo rural. All\u00ed recibi\u00f3 carpetas de gesti\u00f3n y hubo un valioso intercambio t\u00e9cnico en el marco de la emergencia social que se vive en el pa\u00eds y el mundo por la pandemia covid-19. Estuvo presente el intendente Ustarroz, el director de turismo Mart\u00edn Boragno, la secretaria de gobierno Clara Zunino y funcionarios nacionales. \u00a0<\/p>\n\n\n\n<div class=\"wp-block-image\"><figure class=\"aligncenter size-large\"><img loading=\"lazy\" decoding=\"async\" width=\"939\" height=\"626\" data-attachment-id=\"116200\" data-permalink=\"https:\/\/www.hoymercedes.com.ar\/principal\/2020\/09\/05\/representantes-turisticos-se-reunieron-con-el-ministro-lammens\/sja_1254\/#main\" data-orig-file=\"https:\/\/www.hoymercedes.com.ar\/principal\/wp-content\/uploads\/2020\/09\/SJA_1254.jpg\" data-orig-size=\"939,626\" data-comments-opened=\"0\" data-image-meta=\"{&quot;aperture&quot;:&quot;0&quot;,&quot;credit&quot;:&quot;&quot;,&quot;camera&quot;:&quot;&quot;,&quot;caption&quot;:&quot;&quot;,&quot;created_timestamp&quot;:&quot;0&quot;,&quot;copyright&quot;:&quot;&quot;,&quot;focal_length&quot;:&quot;0&quot;,&quot;iso&quot;:&quot;0&quot;,&quot;shutter_speed&quot;:&quot;0&quot;,&quot;title&quot;:&quot;&quot;,&quot;orientation&quot;:&quot;0&quot;}\" data-image-title=\"SJA_1254\" data-image-description=\"\" data-image-caption=\"\" data-large-file=\"https:\/\/www.hoymercedes.com.ar\/principal\/wp-content\/uploads\/2020\/09\/SJA_1254.jpg\" src=\"https:\/\/www.hoymercedes.com.ar\/principal\/wp-content\/uploads\/2020\/09\/SJA_1254.jpg\" alt=\"\" class=\"wp-image-116200\"\/><\/figure><\/div>\n\n\n\n<p>Lammens sostuvo que \u201cestuvimos reunidos con prestadores representando a los establecimientos mercedinos\u201d y que \u201cen toda la ciudad y en Tom\u00e1s Jofr\u00e9 entendemos hay una situaci\u00f3n dur\u00edsima, que hace cinco meses no tienen ingresos\u201d afirm\u00f3 y narr\u00f3 que \u201clos interiorizamos de los programas que tenemos desde ministerio y seguramente en las pr\u00f3ximas semanas tendremos reuniones para identificar cu\u00e1les de las herramientas que tenemos en el ministerio les pueden ayudar, pero entender tambi\u00e9n que, y como habl\u00e1bamos con el intendente Ustarroz, la importancia de los protocolos aprobados desde Naci\u00f3n y las 24 jurisdicciones del pa\u00eds para que podamos tener una buena temporada y ahora mismo es important\u00edsimo, es clave, deseando contar pronto con la vacuna\u201d afirm\u00f3 el funcionario entre otros conceptos. &nbsp;<\/p>\n\n\n\n<p>Por su parte, el jefe comunal expres\u00f3 su satisfacci\u00f3n por la \u201coportunidad de contar con la visita del ministro\u201d y poder \u201cdialogar estos temas que nos preocupan a todos como comunidad\u201d sabiendo que \u201cen nuestra ciudad el turismo es un espacio muy importante\u201d y que \u201cgenera trabajo y atractivos para todos\u201d pensando mucho en el \u201cturismo rural, al aire libre, que ser\u00e1 una gran oportunidad de la post pandemia donde el turismo vinculado a la naturaleza, a la ruralidad, tendr\u00e1 una gran importancia y donde Mercedes tiene una gran oportunidad\u201d &nbsp;<\/p>\n\n\n\n<p>Adem\u00e1s, el ministro, en La Trocha, recibi\u00f3 una carpeta con detalles de las gestiones en torno al trencito tur\u00edstico, adem\u00e1s de adentrarse en cuestiones propias del predio del Complejo Cultural que tanto uso cada d\u00eda los mercedinos le d\u00e1bamos antes de la pandemia. \u00a0<\/p>\n\n\n\n<p>Por Prensa Municipal<\/p>\n","protected":false},"excerpt":{"rendered":"<p>La visita del ministro de deportes y turismo Mat\u00edas Lammens permiti\u00f3 un encuentro en La Trocha junto a representantes del &#8230; <a title=\"Representantes tur\u00edsticos se reunieron con el Ministro Lammens\" class=\"read-more\" href=\"https:\/\/www.hoymercedes.com.ar\/principal\/2020\/09\/05\/representantes-turisticos-se-reunieron-con-el-ministro-lammens\/\" aria-label=\"Leer m\u00e1s sobre Representantes tur\u00edsticos se reunieron con el Ministro Lammens\">Leer m\u00e1s<\/a><\/p>\n","protected":false},"author":1,"featured_media":116200,"comment_status":"closed","ping_status":"open","sticky":false,"template":"","format":"standard","meta":{"_monsterinsights_skip_tracking":false,"_monsterinsights_sitenote_active":false,"_monsterinsights_sitenote_note":"","_monsterinsights_sitenote_category":0,"jetpack_post_was_ever_published":false,"_jetpack_newsletter_access":"","_jetpack_dont_email_post_to_subs":false,"_jetpack_newsletter_tier_id":0,"_jetpack_memberships_contains_paywalled_content":false,"_jetpack_memberships_contains_paid_content":false,"footnotes":"","jetpack_publicize_message":"","jetpack_publicize_feature_enabled":true,"jetpack_social_post_already_shared":true,"jetpack_social_options":{"image_generator_settings":{"template":"highway","default_image_id":0,"font":"","enabled":false},"version":2},"_wpas_customize_per_network":false},"categories":[30],"tags":[244,8684,1428],"class_list":["post-116199","post","type-post","status-publish","format-standard","has-post-thumbnail","hentry","category-municipio","tag-municipio-2","tag-reunion","tag-turismo","generate-columns","tablet-grid-50","mobile-grid-100","grid-parent","grid-50"],"jetpack_publicize_connections":[],"jetpack_featured_media_url":"https:\/\/www.hoymercedes.com.ar\/principal\/wp-content\/uploads\/2020\/09\/SJA_1254.jpg","wps_subtitle":"Perspectiva tur\u00edstica","jetpack_sharing_enabled":true,"_links":{"self":[{"href":"https:\/\/www.hoymercedes.com.ar\/principal\/wp-json\/wp\/v2\/posts\/116199","targetHints":{"allow":["GET"]}}],"collection":[{"href":"https:\/\/www.hoymercedes.com.ar\/principal\/wp-json\/wp\/v2\/posts"}],"about":[{"href":"https:\/\/www.hoymercedes.com.ar\/principal\/wp-json\/wp\/v2\/types\/post"}],"author":[{"embeddable":true,"href":"https:\/\/www.hoymercedes.com.ar\/principal\/wp-json\/wp\/v2\/users\/1"}],"replies":[{"embeddable":true,"href":"https:\/\/www.hoymercedes.com.ar\/principal\/wp-json\/wp\/v2\/comments?post=116199"}],"version-history":[{"count":0,"href":"https:\/\/www.hoymercedes.com.ar\/principal\/wp-json\/wp\/v2\/posts\/116199\/revisions"}],"wp:featuredmedia":[{"embeddable":true,"href":"https:\/\/www.hoymercedes.com.ar\/principal\/wp-json\/wp\/v2\/media\/116200"}],"wp:attachment":[{"href":"https:\/\/www.hoymercedes.com.ar\/principal\/wp-json\/wp\/v2\/media?parent=116199"}],"wp:term":[{"taxonomy":"category","embeddable":true,"href":"https:\/\/www.hoymercedes.com.ar\/principal\/wp-json\/wp\/v2\/categories?post=116199"},{"taxonomy":"post_tag","embeddable":true,"href":"https:\/\/www.hoymercedes.com.ar\/principal\/wp-json\/wp\/v2\/tags?post=116199"}],"curies":[{"name":"wp","href":"https:\/\/api.w.org\/{rel}","templated":true}]}}