{"id":116215,"date":"2020-09-05T23:03:03","date_gmt":"2020-09-06T02:03:03","guid":{"rendered":"http:\/\/www.hoymercedes.com.ar\/principal\/?p=116215"},"modified":"2020-09-07T15:05:13","modified_gmt":"2020-09-07T18:05:13","slug":"coronavirus-mercedes-suma-9-casos-positivos","status":"publish","type":"post","link":"https:\/\/www.hoymercedes.com.ar\/principal\/2020\/09\/05\/coronavirus-mercedes-suma-9-casos-positivos\/","title":{"rendered":"Coronavirus: Mercedes suma 9 casos positivos"},"content":{"rendered":"\n<p>Informe Municipal &#8211; En el d\u00eda de la fecha el Laboratorio de Virolog\u00eda Molecular Municipal por medio de los procesos cient\u00edficos que lleva adelante cotidianamente detect\u00f3 9 nuevos casos para covid-19.<\/p>\n\n\n\n<p>Los casos tienen su ra\u00edz epidemiol\u00f3gica y correspondiente trabajo de rastreo y seguimiento.<\/p>\n\n\n\n<p>Al d\u00eda de la fecha tenemos 198 casos activos y 746 desde iniciada la pandemia con 535 pacientes recuperados del virus.<\/p>\n\n\n\n<p>En seguimiento por contacto estrecho contin\u00faan a instancias del Centro de Teleseguimiento con 93 operadores socio sanitarios se encuentran 815 mercedinos.<\/p>\n\n\n\n<p>En cuanto al Centro de Aislamiento Sanitario II con todas las normas socio sanitarias y un fuerte trabajo de Salud, Protecci\u00f3n Civil, SAME, Seguridad, Desarrollo Social y Servicios P\u00fablicos tiene a 5 pacientes alojados, aislados y monitoreados.<\/p>\n\n\n\n<div class=\"wp-block-image\"><figure class=\"aligncenter size-large\"><img loading=\"lazy\" decoding=\"async\" width=\"800\" height=\"800\" data-attachment-id=\"116216\" data-permalink=\"https:\/\/www.hoymercedes.com.ar\/principal\/2020\/09\/05\/coronavirus-mercedes-suma-9-casos-positivos\/whatsapp-image-2020-09-05-at-22-48-07\/#main\" data-orig-file=\"https:\/\/www.hoymercedes.com.ar\/principal\/wp-content\/uploads\/2020\/09\/WhatsApp-Image-2020-09-05-at-22.48.07.jpeg\" data-orig-size=\"800,800\" data-comments-opened=\"0\" data-image-meta=\"{&quot;aperture&quot;:&quot;0&quot;,&quot;credit&quot;:&quot;&quot;,&quot;camera&quot;:&quot;&quot;,&quot;caption&quot;:&quot;&quot;,&quot;created_timestamp&quot;:&quot;0&quot;,&quot;copyright&quot;:&quot;&quot;,&quot;focal_length&quot;:&quot;0&quot;,&quot;iso&quot;:&quot;0&quot;,&quot;shutter_speed&quot;:&quot;0&quot;,&quot;title&quot;:&quot;&quot;,&quot;orientation&quot;:&quot;0&quot;}\" data-image-title=\"WhatsApp-Image-2020-09-05-at-22.48.07\" data-image-description=\"\" data-image-caption=\"\" data-large-file=\"https:\/\/www.hoymercedes.com.ar\/principal\/wp-content\/uploads\/2020\/09\/WhatsApp-Image-2020-09-05-at-22.48.07.jpeg\" src=\"https:\/\/www.hoymercedes.com.ar\/principal\/wp-content\/uploads\/2020\/09\/WhatsApp-Image-2020-09-05-at-22.48.07.jpeg\" alt=\"\" class=\"wp-image-116216\"\/><\/figure><\/div>\n","protected":false},"excerpt":{"rendered":"<p>Informe Municipal &#8211; En el d\u00eda de la fecha el Laboratorio de Virolog\u00eda Molecular Municipal por medio de los procesos &#8230; <a title=\"Coronavirus: Mercedes suma 9 casos positivos\" class=\"read-more\" href=\"https:\/\/www.hoymercedes.com.ar\/principal\/2020\/09\/05\/coronavirus-mercedes-suma-9-casos-positivos\/\" aria-label=\"Leer m\u00e1s sobre Coronavirus: Mercedes suma 9 casos positivos\">Leer m\u00e1s<\/a><\/p>\n","protected":false},"author":1,"featured_media":116216,"comment_status":"closed","ping_status":"open","sticky":false,"template":"","format":"standard","meta":{"_monsterinsights_skip_tracking":false,"_monsterinsights_sitenote_active":false,"_monsterinsights_sitenote_note":"","_monsterinsights_sitenote_category":0,"jetpack_post_was_ever_published":false,"_jetpack_newsletter_access":"","_jetpack_dont_email_post_to_subs":false,"_jetpack_newsletter_tier_id":0,"_jetpack_memberships_contains_paywalled_content":false,"_jetpack_memberships_contains_paid_content":false,"footnotes":"","jetpack_publicize_message":"","jetpack_publicize_feature_enabled":true,"jetpack_social_post_already_shared":true,"jetpack_social_options":{"image_generator_settings":{"template":"highway","default_image_id":0,"font":"","enabled":false},"version":2},"_wpas_customize_per_network":false},"categories":[9791],"tags":[16428,16175,16313],"class_list":["post-116215","post","type-post","status-publish","format-standard","has-post-thumbnail","hentry","category-salud","tag-casos-positivos","tag-coronavirus","tag-covid-19","generate-columns","tablet-grid-50","mobile-grid-100","grid-parent","grid-50"],"jetpack_publicize_connections":[],"jetpack_featured_media_url":"https:\/\/www.hoymercedes.com.ar\/principal\/wp-content\/uploads\/2020\/09\/WhatsApp-Image-2020-09-05-at-22.48.07.jpeg","wps_subtitle":"Cierre del d\u00eda","jetpack_sharing_enabled":true,"_links":{"self":[{"href":"https:\/\/www.hoymercedes.com.ar\/principal\/wp-json\/wp\/v2\/posts\/116215","targetHints":{"allow":["GET"]}}],"collection":[{"href":"https:\/\/www.hoymercedes.com.ar\/principal\/wp-json\/wp\/v2\/posts"}],"about":[{"href":"https:\/\/www.hoymercedes.com.ar\/principal\/wp-json\/wp\/v2\/types\/post"}],"author":[{"embeddable":true,"href":"https:\/\/www.hoymercedes.com.ar\/principal\/wp-json\/wp\/v2\/users\/1"}],"replies":[{"embeddable":true,"href":"https:\/\/www.hoymercedes.com.ar\/principal\/wp-json\/wp\/v2\/comments?post=116215"}],"version-history":[{"count":0,"href":"https:\/\/www.hoymercedes.com.ar\/principal\/wp-json\/wp\/v2\/posts\/116215\/revisions"}],"wp:featuredmedia":[{"embeddable":true,"href":"https:\/\/www.hoymercedes.com.ar\/principal\/wp-json\/wp\/v2\/media\/116216"}],"wp:attachment":[{"href":"https:\/\/www.hoymercedes.com.ar\/principal\/wp-json\/wp\/v2\/media?parent=116215"}],"wp:term":[{"taxonomy":"category","embeddable":true,"href":"https:\/\/www.hoymercedes.com.ar\/principal\/wp-json\/wp\/v2\/categories?post=116215"},{"taxonomy":"post_tag","embeddable":true,"href":"https:\/\/www.hoymercedes.com.ar\/principal\/wp-json\/wp\/v2\/tags?post=116215"}],"curies":[{"name":"wp","href":"https:\/\/api.w.org\/{rel}","templated":true}]}}