{"id":116222,"date":"2020-09-06T09:49:56","date_gmt":"2020-09-06T12:49:56","guid":{"rendered":"http:\/\/www.hoymercedes.com.ar\/principal\/?p=116222"},"modified":"2020-09-07T15:02:43","modified_gmt":"2020-09-07T18:02:43","slug":"116222","status":"publish","type":"post","link":"https:\/\/www.hoymercedes.com.ar\/principal\/2020\/09\/06\/116222\/","title":{"rendered":"Casciari actu\u00f3 en el autocine"},"content":{"rendered":"\n<p>A modo de autocine, en la noche del s\u00e1bado 5 finalmente se realiz\u00f3 el espect\u00e1culo de Hern\u00e1n Casciari en el Mart\u00edn Rodr\u00edguez. Con la presencia del escritor en un escenario y la pantalla gigante a su lado, los presentes debieron ingresar en sus veh\u00edculos al predio a cielo abierto con la medidas sanitarias establecidas por el Municipio de Mercedes<\/p>\n\n\n\n<div class=\"wp-block-image\"><figure class=\"aligncenter size-large\"><img loading=\"lazy\" decoding=\"async\" width=\"800\" height=\"533\" data-attachment-id=\"116224\" data-permalink=\"https:\/\/www.hoymercedes.com.ar\/principal\/2020\/09\/06\/116222\/118935547_10222570913009094_7742926563664997558_n\/#main\" data-orig-file=\"https:\/\/www.hoymercedes.com.ar\/principal\/wp-content\/uploads\/2020\/09\/118935547_10222570913009094_7742926563664997558_n.jpg\" data-orig-size=\"800,533\" data-comments-opened=\"0\" data-image-meta=\"{&quot;aperture&quot;:&quot;0&quot;,&quot;credit&quot;:&quot;&quot;,&quot;camera&quot;:&quot;&quot;,&quot;caption&quot;:&quot;&quot;,&quot;created_timestamp&quot;:&quot;0&quot;,&quot;copyright&quot;:&quot;&quot;,&quot;focal_length&quot;:&quot;0&quot;,&quot;iso&quot;:&quot;0&quot;,&quot;shutter_speed&quot;:&quot;0&quot;,&quot;title&quot;:&quot;&quot;,&quot;orientation&quot;:&quot;0&quot;}\" data-image-title=\"118935547_10222570913009094_7742926563664997558_n\" data-image-description=\"\" data-image-caption=\"\" data-large-file=\"https:\/\/www.hoymercedes.com.ar\/principal\/wp-content\/uploads\/2020\/09\/118935547_10222570913009094_7742926563664997558_n.jpg\" src=\"https:\/\/www.hoymercedes.com.ar\/principal\/wp-content\/uploads\/2020\/09\/118935547_10222570913009094_7742926563664997558_n.jpg\" alt=\"\" class=\"wp-image-116224\"\/><\/figure><\/div>\n\n\n\n<p>Al cierre del evento, la Directora de Cultura Luc\u00eda Capaccio agradeci\u00f3 al escritor mercedino su presencia y \u00abpor inaugurar nuestro autocine con la magia de tus recitales de cuentos y compartiendo las ganas de poder reinventarnos e ir armando y construyendo nuevas formas y modos para poder encontrarnos y disfrutar\u00bb.<\/p>\n\n\n\n<p>Agrem\u00e1s agradeci\u00f3n \u00aba cada vecino que conf\u00edo en nuestras propuestas una vez m\u00e1s estando predispuestos y ayudando tambi\u00e9n a la organizaci\u00f3n de esta noche y nuevamente a cada trabajador y cada trabajadora de nuestro municipio por buscar alternativas en estos&nbsp;tiempos y poder preparar todo, estar en todos los detalles para que salga todo bien y quienes participan puedan pasar un lindo momento\u00bb. <\/p>\n\n\n\n<p>Sum\u00f3 en su agradecimiento al Intendente Juan Ustarroz y a los funcionarios y cooperativistas que estuvieron en el armado y coordinaci\u00f3n del evento que origunalmente fue cancelado por lluvia y que al reprogramarse quienes ten\u00edan confimado el ingreso fueron notificiados del d\u00eda. <\/p>\n\n\n\n<div class=\"wp-block-image\"><figure class=\"aligncenter size-large\"><img loading=\"lazy\" decoding=\"async\" width=\"800\" height=\"450\" data-attachment-id=\"116223\" data-permalink=\"https:\/\/www.hoymercedes.com.ar\/principal\/2020\/09\/06\/116222\/118952004_10222570913329102_1016390729505260359_n\/#main\" data-orig-file=\"https:\/\/www.hoymercedes.com.ar\/principal\/wp-content\/uploads\/2020\/09\/118952004_10222570913329102_1016390729505260359_n.jpg\" data-orig-size=\"800,450\" data-comments-opened=\"0\" data-image-meta=\"{&quot;aperture&quot;:&quot;0&quot;,&quot;credit&quot;:&quot;&quot;,&quot;camera&quot;:&quot;&quot;,&quot;caption&quot;:&quot;&quot;,&quot;created_timestamp&quot;:&quot;0&quot;,&quot;copyright&quot;:&quot;&quot;,&quot;focal_length&quot;:&quot;0&quot;,&quot;iso&quot;:&quot;0&quot;,&quot;shutter_speed&quot;:&quot;0&quot;,&quot;title&quot;:&quot;&quot;,&quot;orientation&quot;:&quot;0&quot;}\" data-image-title=\"118952004_10222570913329102_1016390729505260359_n\" data-image-description=\"\" data-image-caption=\"\" data-large-file=\"https:\/\/www.hoymercedes.com.ar\/principal\/wp-content\/uploads\/2020\/09\/118952004_10222570913329102_1016390729505260359_n.jpg\" src=\"https:\/\/www.hoymercedes.com.ar\/principal\/wp-content\/uploads\/2020\/09\/118952004_10222570913329102_1016390729505260359_n.jpg\" alt=\"\" class=\"wp-image-116223\"\/><\/figure><\/div>\n\n\n\n<p><br><\/p>\n","protected":false},"excerpt":{"rendered":"<p>A modo de autocine, en la noche del s\u00e1bado 5 finalmente se realiz\u00f3 el espect\u00e1culo de Hern\u00e1n Casciari en el &#8230; <a title=\"Casciari actu\u00f3 en el autocine\" class=\"read-more\" href=\"https:\/\/www.hoymercedes.com.ar\/principal\/2020\/09\/06\/116222\/\" aria-label=\"Leer m\u00e1s sobre Casciari actu\u00f3 en el autocine\">Leer m\u00e1s<\/a><\/p>\n","protected":false},"author":1,"featured_media":116223,"comment_status":"closed","ping_status":"open","sticky":false,"template":"","format":"standard","meta":{"_monsterinsights_skip_tracking":false,"_monsterinsights_sitenote_active":false,"_monsterinsights_sitenote_note":"","_monsterinsights_sitenote_category":0,"jetpack_post_was_ever_published":false,"_jetpack_newsletter_access":"","_jetpack_dont_email_post_to_subs":false,"_jetpack_newsletter_tier_id":0,"_jetpack_memberships_contains_paywalled_content":false,"_jetpack_memberships_contains_paid_content":false,"footnotes":"","jetpack_publicize_message":"","jetpack_publicize_feature_enabled":true,"jetpack_social_post_already_shared":true,"jetpack_social_options":{"image_generator_settings":{"template":"highway","default_image_id":0,"font":"","enabled":false},"version":2},"_wpas_customize_per_network":false},"categories":[104],"tags":[17012,7805],"class_list":["post-116222","post","type-post","status-publish","format-standard","has-post-thumbnail","hentry","category-cultura","tag-autocine","tag-cultura","generate-columns","tablet-grid-50","mobile-grid-100","grid-parent","grid-50"],"jetpack_publicize_connections":[],"jetpack_featured_media_url":"https:\/\/www.hoymercedes.com.ar\/principal\/wp-content\/uploads\/2020\/09\/118952004_10222570913329102_1016390729505260359_n.jpg","wps_subtitle":"S\u00e1bado a la noche","jetpack_sharing_enabled":true,"_links":{"self":[{"href":"https:\/\/www.hoymercedes.com.ar\/principal\/wp-json\/wp\/v2\/posts\/116222","targetHints":{"allow":["GET"]}}],"collection":[{"href":"https:\/\/www.hoymercedes.com.ar\/principal\/wp-json\/wp\/v2\/posts"}],"about":[{"href":"https:\/\/www.hoymercedes.com.ar\/principal\/wp-json\/wp\/v2\/types\/post"}],"author":[{"embeddable":true,"href":"https:\/\/www.hoymercedes.com.ar\/principal\/wp-json\/wp\/v2\/users\/1"}],"replies":[{"embeddable":true,"href":"https:\/\/www.hoymercedes.com.ar\/principal\/wp-json\/wp\/v2\/comments?post=116222"}],"version-history":[{"count":0,"href":"https:\/\/www.hoymercedes.com.ar\/principal\/wp-json\/wp\/v2\/posts\/116222\/revisions"}],"wp:featuredmedia":[{"embeddable":true,"href":"https:\/\/www.hoymercedes.com.ar\/principal\/wp-json\/wp\/v2\/media\/116223"}],"wp:attachment":[{"href":"https:\/\/www.hoymercedes.com.ar\/principal\/wp-json\/wp\/v2\/media?parent=116222"}],"wp:term":[{"taxonomy":"category","embeddable":true,"href":"https:\/\/www.hoymercedes.com.ar\/principal\/wp-json\/wp\/v2\/categories?post=116222"},{"taxonomy":"post_tag","embeddable":true,"href":"https:\/\/www.hoymercedes.com.ar\/principal\/wp-json\/wp\/v2\/tags?post=116222"}],"curies":[{"name":"wp","href":"https:\/\/api.w.org\/{rel}","templated":true}]}}