{"id":116233,"date":"2020-09-06T22:33:25","date_gmt":"2020-09-07T01:33:25","guid":{"rendered":"http:\/\/www.hoymercedes.com.ar\/principal\/?p=116233"},"modified":"2020-09-07T15:01:56","modified_gmt":"2020-09-07T18:01:56","slug":"coronavirus-un-paciente-de-81-anos-fallecio-con-covid","status":"publish","type":"post","link":"https:\/\/www.hoymercedes.com.ar\/principal\/2020\/09\/06\/coronavirus-un-paciente-de-81-anos-fallecio-con-covid\/","title":{"rendered":"Coronavirus: un paciente de 81 a\u00f1os falleci\u00f3 con covid"},"content":{"rendered":"\n<p>Este domingo se confirma el fallecimiento de un vecino de 81 a\u00f1os de edad con Covid-19, que estaba internado en la Cl\u00ednica Nueva Cruz Azul. El laboratorio de virolog\u00eda molecular hizo tareas de mantenimiento y se espera para ma\u00f1ana resultados de 45 testeos realizados.<\/p>\n\n\n\n<div class=\"wp-block-image\"><figure class=\"aligncenter size-large\"><img loading=\"lazy\" decoding=\"async\" width=\"800\" height=\"800\" data-attachment-id=\"116234\" data-permalink=\"https:\/\/www.hoymercedes.com.ar\/principal\/2020\/09\/06\/coronavirus-un-paciente-de-81-anos-fallecio-con-covid\/whatsapp-image-2020-09-06-at-22-22-24\/#main\" data-orig-file=\"https:\/\/www.hoymercedes.com.ar\/principal\/wp-content\/uploads\/2020\/09\/WhatsApp-Image-2020-09-06-at-22.22.24.jpeg\" data-orig-size=\"800,800\" data-comments-opened=\"0\" data-image-meta=\"{&quot;aperture&quot;:&quot;0&quot;,&quot;credit&quot;:&quot;&quot;,&quot;camera&quot;:&quot;&quot;,&quot;caption&quot;:&quot;&quot;,&quot;created_timestamp&quot;:&quot;0&quot;,&quot;copyright&quot;:&quot;&quot;,&quot;focal_length&quot;:&quot;0&quot;,&quot;iso&quot;:&quot;0&quot;,&quot;shutter_speed&quot;:&quot;0&quot;,&quot;title&quot;:&quot;&quot;,&quot;orientation&quot;:&quot;0&quot;}\" data-image-title=\"WhatsApp Image 2020-09-06 at 22.22.24\" data-image-description=\"\" data-image-caption=\"\" data-large-file=\"https:\/\/www.hoymercedes.com.ar\/principal\/wp-content\/uploads\/2020\/09\/WhatsApp-Image-2020-09-06-at-22.22.24.jpeg\" src=\"https:\/\/www.hoymercedes.com.ar\/principal\/wp-content\/uploads\/2020\/09\/WhatsApp-Image-2020-09-06-at-22.22.24.jpeg\" alt=\"\" class=\"wp-image-116234\"\/><\/figure><\/div>\n\n\n\n<p>El Municipio de Mercedes y el Hospital Blas L. Dubarry informaron este domingo: <\/p>\n\n\n\n<p>\u00abEn el d\u00eda de la fecha el Laboratorio de Virolog\u00eda Molecular Municipal no emiti\u00f3 resultado, aunque si efectu\u00f3 tareas de mantenimiento, seguimiento y acciones propias de los procesos cient\u00edficos que lleva adelante cotidianamente.<br>Los test e hisopados de la jornada tendr\u00e1n su resultado el pr\u00f3ximo lunes.<br>Lamentamos informar el fallecimiento de un paciente de 81 a\u00f1os de edad portador del virus que se encontraba internado en Cl\u00ednica Nueva Cruz Azul<br>Situaci\u00f3n epidemiol\u00f3gica<br>Al d\u00eda de la fecha tenemos 197 casos activos y 746 desde iniciada la pandemia.<br>En seguimiento por contacto estrecho contin\u00faan a instancias del Centro de Teleseguimiento con 93 operadores socio sanitarios a 815 mercedinos.<br>En cuanto al Centro de Aislamiento Sanitario II con todas las normas socio sanitarias y un fuerte trabajo de Salud, Protecci\u00f3n Civil, SAME, Seguridad, Desarrollo Social y Servicios P\u00fablicos tiene a 5pacientes alojados, aislados y monitoreados\u00bb.<\/p>\n","protected":false},"excerpt":{"rendered":"<p>Este domingo se confirma el fallecimiento de un vecino de 81 a\u00f1os de edad con Covid-19, que estaba internado en &#8230; <a title=\"Coronavirus: un paciente de 81 a\u00f1os falleci\u00f3 con covid\" class=\"read-more\" href=\"https:\/\/www.hoymercedes.com.ar\/principal\/2020\/09\/06\/coronavirus-un-paciente-de-81-anos-fallecio-con-covid\/\" aria-label=\"Leer m\u00e1s sobre Coronavirus: un paciente de 81 a\u00f1os falleci\u00f3 con covid\">Leer m\u00e1s<\/a><\/p>\n","protected":false},"author":1,"featured_media":116234,"comment_status":"closed","ping_status":"open","sticky":false,"template":"","format":"standard","meta":{"_monsterinsights_skip_tracking":false,"_monsterinsights_sitenote_active":false,"_monsterinsights_sitenote_note":"","_monsterinsights_sitenote_category":0,"jetpack_post_was_ever_published":false,"_jetpack_newsletter_access":"","_jetpack_dont_email_post_to_subs":false,"_jetpack_newsletter_tier_id":0,"_jetpack_memberships_contains_paywalled_content":false,"_jetpack_memberships_contains_paid_content":false,"footnotes":"","jetpack_publicize_message":"","jetpack_publicize_feature_enabled":true,"jetpack_social_post_already_shared":true,"jetpack_social_options":{"image_generator_settings":{"template":"highway","default_image_id":0,"font":"","enabled":false},"version":2},"_wpas_customize_per_network":false},"categories":[9791],"tags":[16428,16175,16313,12084,17041],"class_list":["post-116233","post","type-post","status-publish","format-standard","has-post-thumbnail","hentry","category-salud","tag-casos-positivos","tag-coronavirus","tag-covid-19","tag-fallecimientos","tag-sospechosos","generate-columns","tablet-grid-50","mobile-grid-100","grid-parent","grid-50"],"jetpack_publicize_connections":[],"jetpack_featured_media_url":"https:\/\/www.hoymercedes.com.ar\/principal\/wp-content\/uploads\/2020\/09\/WhatsApp-Image-2020-09-06-at-22.22.24.jpeg","wps_subtitle":"Cierre del d\u00eda","jetpack_sharing_enabled":true,"_links":{"self":[{"href":"https:\/\/www.hoymercedes.com.ar\/principal\/wp-json\/wp\/v2\/posts\/116233","targetHints":{"allow":["GET"]}}],"collection":[{"href":"https:\/\/www.hoymercedes.com.ar\/principal\/wp-json\/wp\/v2\/posts"}],"about":[{"href":"https:\/\/www.hoymercedes.com.ar\/principal\/wp-json\/wp\/v2\/types\/post"}],"author":[{"embeddable":true,"href":"https:\/\/www.hoymercedes.com.ar\/principal\/wp-json\/wp\/v2\/users\/1"}],"replies":[{"embeddable":true,"href":"https:\/\/www.hoymercedes.com.ar\/principal\/wp-json\/wp\/v2\/comments?post=116233"}],"version-history":[{"count":0,"href":"https:\/\/www.hoymercedes.com.ar\/principal\/wp-json\/wp\/v2\/posts\/116233\/revisions"}],"wp:featuredmedia":[{"embeddable":true,"href":"https:\/\/www.hoymercedes.com.ar\/principal\/wp-json\/wp\/v2\/media\/116234"}],"wp:attachment":[{"href":"https:\/\/www.hoymercedes.com.ar\/principal\/wp-json\/wp\/v2\/media?parent=116233"}],"wp:term":[{"taxonomy":"category","embeddable":true,"href":"https:\/\/www.hoymercedes.com.ar\/principal\/wp-json\/wp\/v2\/categories?post=116233"},{"taxonomy":"post_tag","embeddable":true,"href":"https:\/\/www.hoymercedes.com.ar\/principal\/wp-json\/wp\/v2\/tags?post=116233"}],"curies":[{"name":"wp","href":"https:\/\/api.w.org\/{rel}","templated":true}]}}