{"id":116251,"date":"2020-09-07T11:47:38","date_gmt":"2020-09-07T14:47:38","guid":{"rendered":"http:\/\/www.hoymercedes.com.ar\/principal\/?p=116251"},"modified":"2020-09-07T11:47:43","modified_gmt":"2020-09-07T14:47:43","slug":"mercedes-seria-el-primer-municipio-en-firmar-convenio-con-procrear","status":"publish","type":"post","link":"https:\/\/www.hoymercedes.com.ar\/principal\/2020\/09\/07\/mercedes-seria-el-primer-municipio-en-firmar-convenio-con-procrear\/","title":{"rendered":"Mercedes ser\u00eda el primer municipio en firmar convenio con Procrear"},"content":{"rendered":"\n<p><\/p>\n\n\n\n<p>El Procrear reconocer\u00e1 a Mercedes como el primer municipio del pa\u00eds para llevar adelante trabajos que generen la posibilidad que los mercedinos puedan llegar a su casa propia.<\/p>\n\n\n\n<p><br>El gobierno nacional que conduce Alberto Fern\u00e1ndez dio inicio al recreado programa Procrear y la ciudad de Mercedes \u201cpica en punta\u201d para la designaci\u00f3n de planes de vivienda, gracias a un trabajo que viene realizando desde hace meses con el Banco Municipal de Tierras. Este lunes Mercedes va a dar un gran paso para la llegada de este programa a la ciudad.<\/p>\n\n\n\n<p><br>\u201cHoy lunes seremos el primer municipio en firmar con el programa Procrear en las distintas l\u00edneas de acci\u00f3n que tiene, pero fundamentalmente en la de lotes con servicio y vivienda\u201d, adelant\u00f3 el intendente Juan Ustarroz sobre esta posibilidad que se abre para Mercedes.<\/p>\n\n\n\n<p><br>La ciudad ha sido elegida para dar inicio al Procrear porque consideran en el gobierno nacional que ha cumplido de manera exitosa con la generaci\u00f3n de lotes para la puesta en marcha de futuras construcciones de vivienda. \u201cVenimos trabajando fuertemente desde hace tiempo con el Banco Municipal de Tierras y tenemos lotes dispuestos como para el Procrear. Nosotros tenemos claro que esos lotes deben tener los servicios s disposici\u00f3n y en eso trabajamos tambi\u00e9n\u201d, cont\u00f3 el primer mandatario local.<\/p>\n\n\n\n<p><br>La buena noticia que generar\u00eda la llegada inmediata de este programa de viviendas traer\u00eda aparejada la generaci\u00f3n de fuentes de trabajo para la ciudad. \u201cEsto va a impactar directamente en la construcci\u00f3n y en la generaci\u00f3n de empleo inmediata. Hay m\u00e1s de 100 rubros relacionados con la construcci\u00f3n y eso va a motorizar la econom\u00eda interna de la ciudad. De esta manera vamos a generar empleo de manera r\u00e1pida y la ciudad lo necesita\u201d, adelant\u00f3 Ustarroz.<\/p>\n\n\n\n<p>Primeros mercedinos sorteados<br>Este pasado 28 de agosto se realiz\u00f3 el primer sorteo de las diferentes l\u00edneas de cr\u00e9dito del programa nacional Procrear y varios mercedinos salieron beneficiados con la posibilidad de sacar el pr\u00e9stamo.<\/p>\n\n\n\n<p><br>El intendente Juan Ustarroz viene hablando desde hace semanas sobre la importancia que tendr\u00e1 el Procrear en Mercedes y su impacto en la generaci\u00f3n de empleo inmediato. Esa pauta empieza a tomar forma poco a poco con las primeras noticias que empiezan a llegar desde Naci\u00f3n.<\/p>\n\n\n\n<p><br>El primer sorteo se realiz\u00f3 el 28 de agosto para las l\u00edneas de cr\u00e9dito para mejoramiento, refacci\u00f3n y mejoramiento con microcr\u00e9ditos. La Provincia de Buenos Aires tuvo un total de 15.329 ganadores donde un 11% gan\u00f3 para la l\u00ednea Mejoramiento y Refacciones 3, un 11% para la l\u00ednea Mejoramiento Refacciones 2, un 37% para la l\u00ednea Mejoramiento Refacciones 1 y el restante 41% para la l\u00ednea Microcr\u00e9dito para Mejoramiento Materiales.<\/p>\n\n\n\n<p><br>Para el partido de Mercedes hubo 44 vecinos que salieron sorteados y que van a poder acceder a esta importante herramienta para hacer cumplir su sue\u00f1o de la casa propia o lograr una ampliaci\u00f3n.<\/p>\n","protected":false},"excerpt":{"rendered":"<p>El Procrear reconocer\u00e1 a Mercedes como el primer municipio del pa\u00eds para llevar adelante trabajos que generen la posibilidad que &#8230; <a title=\"Mercedes ser\u00eda el primer municipio en firmar convenio con Procrear\" class=\"read-more\" href=\"https:\/\/www.hoymercedes.com.ar\/principal\/2020\/09\/07\/mercedes-seria-el-primer-municipio-en-firmar-convenio-con-procrear\/\" aria-label=\"Leer m\u00e1s sobre Mercedes ser\u00eda el primer municipio en firmar convenio con Procrear\">Leer m\u00e1s<\/a><\/p>\n","protected":false},"author":1,"featured_media":106921,"comment_status":"closed","ping_status":"open","sticky":false,"template":"","format":"standard","meta":{"_monsterinsights_skip_tracking":false,"_monsterinsights_sitenote_active":false,"_monsterinsights_sitenote_note":"","_monsterinsights_sitenote_category":0,"jetpack_post_was_ever_published":false,"_jetpack_newsletter_access":"","_jetpack_dont_email_post_to_subs":false,"_jetpack_newsletter_tier_id":0,"_jetpack_memberships_contains_paywalled_content":false,"_jetpack_memberships_contains_paid_content":false,"footnotes":"","jetpack_publicize_message":"","jetpack_publicize_feature_enabled":true,"jetpack_social_post_already_shared":true,"jetpack_social_options":{"image_generator_settings":{"template":"highway","default_image_id":0,"font":"","enabled":false},"version":2},"_wpas_customize_per_network":false},"categories":[30],"tags":[424],"class_list":["post-116251","post","type-post","status-publish","format-standard","has-post-thumbnail","hentry","category-municipio","tag-ustarroz","generate-columns","tablet-grid-50","mobile-grid-100","grid-parent","grid-50"],"jetpack_publicize_connections":[],"jetpack_featured_media_url":"https:\/\/www.hoymercedes.com.ar\/principal\/wp-content\/uploads\/2020\/03\/Ustarroz-hcd-04.03.2020.jpeg","wps_subtitle":"Vivienda y construcci\u00f3n ","jetpack_sharing_enabled":true,"_links":{"self":[{"href":"https:\/\/www.hoymercedes.com.ar\/principal\/wp-json\/wp\/v2\/posts\/116251","targetHints":{"allow":["GET"]}}],"collection":[{"href":"https:\/\/www.hoymercedes.com.ar\/principal\/wp-json\/wp\/v2\/posts"}],"about":[{"href":"https:\/\/www.hoymercedes.com.ar\/principal\/wp-json\/wp\/v2\/types\/post"}],"author":[{"embeddable":true,"href":"https:\/\/www.hoymercedes.com.ar\/principal\/wp-json\/wp\/v2\/users\/1"}],"replies":[{"embeddable":true,"href":"https:\/\/www.hoymercedes.com.ar\/principal\/wp-json\/wp\/v2\/comments?post=116251"}],"version-history":[{"count":0,"href":"https:\/\/www.hoymercedes.com.ar\/principal\/wp-json\/wp\/v2\/posts\/116251\/revisions"}],"wp:featuredmedia":[{"embeddable":true,"href":"https:\/\/www.hoymercedes.com.ar\/principal\/wp-json\/wp\/v2\/media\/106921"}],"wp:attachment":[{"href":"https:\/\/www.hoymercedes.com.ar\/principal\/wp-json\/wp\/v2\/media?parent=116251"}],"wp:term":[{"taxonomy":"category","embeddable":true,"href":"https:\/\/www.hoymercedes.com.ar\/principal\/wp-json\/wp\/v2\/categories?post=116251"},{"taxonomy":"post_tag","embeddable":true,"href":"https:\/\/www.hoymercedes.com.ar\/principal\/wp-json\/wp\/v2\/tags?post=116251"}],"curies":[{"name":"wp","href":"https:\/\/api.w.org\/{rel}","templated":true}]}}