{"id":116280,"date":"2020-09-07T22:36:37","date_gmt":"2020-09-08T01:36:37","guid":{"rendered":"http:\/\/www.hoymercedes.com.ar\/principal\/?p=116280"},"modified":"2020-09-08T12:40:11","modified_gmt":"2020-09-08T15:40:11","slug":"coronavirus-se-suman-23-positivos-a-los-pacientes-con-covid-en-mercedes","status":"publish","type":"post","link":"https:\/\/www.hoymercedes.com.ar\/principal\/2020\/09\/07\/coronavirus-se-suman-23-positivos-a-los-pacientes-con-covid-en-mercedes\/","title":{"rendered":"Coronavirus: Se suman 23 positivos a los pacientes con covid en Mercedes"},"content":{"rendered":"\n<p>El informe de este lunes dado por las autoridades sanitarias y comunales, da cuenta de una incremento en 23 casos positivos de covid-19, entre los 103 an\u00e1lisis realizados tras los hisopados hecho entre el domingo y lunes. Son 167 los casos activos en la actualidad llegando a un total de pacientes de 770 desde que se inici\u00f3 la pandemia en Argentina. <\/p>\n\n\n\n<div class=\"wp-block-image\"><figure class=\"aligncenter size-large\"><img loading=\"lazy\" decoding=\"async\" width=\"800\" height=\"800\" data-attachment-id=\"116283\" data-permalink=\"https:\/\/www.hoymercedes.com.ar\/principal\/2020\/09\/07\/coronavirus-se-suman-23-positivos-a-los-pacientes-con-covid-en-mercedes\/whatsapp-image-2020-09-07-at-22-28-44\/#main\" data-orig-file=\"https:\/\/www.hoymercedes.com.ar\/principal\/wp-content\/uploads\/2020\/09\/WhatsApp-Image-2020-09-07-at-22.28.44.jpeg\" data-orig-size=\"800,800\" data-comments-opened=\"0\" data-image-meta=\"{&quot;aperture&quot;:&quot;0&quot;,&quot;credit&quot;:&quot;&quot;,&quot;camera&quot;:&quot;&quot;,&quot;caption&quot;:&quot;&quot;,&quot;created_timestamp&quot;:&quot;0&quot;,&quot;copyright&quot;:&quot;&quot;,&quot;focal_length&quot;:&quot;0&quot;,&quot;iso&quot;:&quot;0&quot;,&quot;shutter_speed&quot;:&quot;0&quot;,&quot;title&quot;:&quot;&quot;,&quot;orientation&quot;:&quot;0&quot;}\" data-image-title=\"WhatsApp Image 2020-09-07 at 22.28.44\" data-image-description=\"\" data-image-caption=\"\" data-large-file=\"https:\/\/www.hoymercedes.com.ar\/principal\/wp-content\/uploads\/2020\/09\/WhatsApp-Image-2020-09-07-at-22.28.44.jpeg\" src=\"https:\/\/www.hoymercedes.com.ar\/principal\/wp-content\/uploads\/2020\/09\/WhatsApp-Image-2020-09-07-at-22.28.44.jpeg\" alt=\"\" class=\"wp-image-116283\"\/><\/figure><\/div>\n\n\n\n<p>El informe: \u00abEn el d\u00eda de la fecha el Laboratorio de Virolog\u00eda Molecular Municipal por medio de los procesos cient\u00edficos que lleva adelante cotidianamente detect\u00f3 23 nuevos casos para covid-19 que corresponden al d\u00eda de la fecha y a la jornada de ayer domingo donde los resultados hab\u00edan quedado pendientes.<br>Los casos tienen su ra\u00edz epidemiol\u00f3gica y correspondiente trabajo de rastreo y seguimiento.<br>Al d\u00eda de la fecha tenemos 167 casos activos y 770 desde iniciada la pandemia con 589 pacientes recuperados del virus.<br>En seguimiento por contacto estrecho contin\u00faan a instancias del Centro de Teleseguimiento con 93 operadores socio sanitarios se encuentran 750 mercedinos.<br>En cuanto al Centro de Aislamiento Sanitario II con todas las normas socio sanitarias y un fuerte trabajo de Salud, Protecci\u00f3n Civil, SAME, Seguridad, Desarrollo Social y Servicios P\u00fablicos tiene a 4 pacientes alojados, aislados y monitoreados\u00bb<\/p>\n\n\n\n<p><strong>Informe nacional <\/strong><\/p>\n\n\n\n<p>En el orden nacional, este lunes fueron confirmados 9.215 nuevos casos de COVID-19. Del d\u00eda, 4633 son de la provincia de Buenos Aires y 1089 son de la ciudad de Buenos Aires. El resto de los confirmados se distribuyen en: Catamarca 2, Chaco 42, Chubut 57, C\u00f3rdoba 456, Corrientes 41, Entre R\u00edos 60, Jujuy 355; La Pampa 9, La Rioja 92, Mendoza 623, Misiones 4, Neuqu\u00e9n 140, R\u00edo Negro 207, Salta 195, San Luis 60, Santa Cruz 34, Santa Fe 517, Santiago del Estero 48, Tierra del Fuego 55 y Tucum\u00e1n 509. Con estos registros, suman 488.007 positivos en el pa\u00eds.<\/p>\n\n\n\n<p>Asimismo, confirmaron el fallecimiento de 271 personas m\u00e1s por covid-19. En el informe matutino registraron los primeros 53 fallecimientos: 29 hombres (7 residentes en la provincia de Buenos Aires, 9 residentes en la Ciudad de Buenos Aires, un residente en la provincia de Entre R\u00edos, 6 residentes en la provincia de La Rioja, un residente en la provincia de Mendoza, 2 residentes en la provincia de Neuqu\u00e9n, un residente en la provincia de Santiago del Estero y 2 residentes en la provincia de Santa Fe) y 24 mujeres (9 residentes en la provincia de Buenos Aires, 2 residentes en la provincia de Neuqu\u00e9n, 5 residentes en la ciudad de Buenos Aires, 3 residentes en la provincia de La Rioja, una residente en la provincia de Mendoza, una residente en la provincia de Santa Cruz, una residente en la provincia de Santa Fe, una residente en la provincia de Santiago del Estero y una residente en la provincia de Tucum\u00e1n). <\/p>\n\n\n\n<p>En el reporte vespertino, se notificaron 218 nuevas muertes: 116 hombres (65 residentes en la provincia de Buenos Aires, 27 residentes en la Ciudad de Buenos Aires, un residente en la provincia de Chubut, 4 residentes en la provincia de C\u00f3rdoba, 2 residentes en la provincia de Entre R\u00edos, 3 residentes en la provincia de Jujuy, 3 residentes en la provincia de Mendoza, 3 residentes en la provincia de R\u00edo Negro, 2 residentes en la provincia de Salta, un residente en la provincia de Santa Cruz y 5 residentes en la provincia de Santa Fe) y 102 mujeres (60 residentes en la provincia de Buenos Aires, 22 residentes en la Ciudad de Buenos Aires, una residente en la provincia de Chaco, una residente en la provincia de C\u00f3rdoba, una residente en la provincia de Entre R\u00edos, 3 residentes en la provincia de Jujuy, 2 residentes en la provincia de Mendoza, 2 residentes en la provincia de R\u00edo Negro; 2 residentes en la provincia de Salta, 2 residentes en la provincia de Santa Cruz, 5 residentes en la provincia de Santa Fe y una residente en la provincia de Santiago del Estero). Al momento la cantidad de personas fallecidas es 10.129*<\/p>\n","protected":false},"excerpt":{"rendered":"<p>El informe de este lunes dado por las autoridades sanitarias y comunales, da cuenta de una incremento en 23 casos &#8230; <a title=\"Coronavirus: Se suman 23 positivos a los pacientes con covid en Mercedes\" class=\"read-more\" href=\"https:\/\/www.hoymercedes.com.ar\/principal\/2020\/09\/07\/coronavirus-se-suman-23-positivos-a-los-pacientes-con-covid-en-mercedes\/\" aria-label=\"Leer m\u00e1s sobre Coronavirus: Se suman 23 positivos a los pacientes con covid en Mercedes\">Leer m\u00e1s<\/a><\/p>\n","protected":false},"author":1,"featured_media":116283,"comment_status":"closed","ping_status":"open","sticky":false,"template":"","format":"standard","meta":{"_monsterinsights_skip_tracking":false,"_monsterinsights_sitenote_active":false,"_monsterinsights_sitenote_note":"","_monsterinsights_sitenote_category":0,"jetpack_post_was_ever_published":false,"_jetpack_newsletter_access":"","_jetpack_dont_email_post_to_subs":false,"_jetpack_newsletter_tier_id":0,"_jetpack_memberships_contains_paywalled_content":false,"_jetpack_memberships_contains_paid_content":false,"footnotes":"","jetpack_publicize_message":"","jetpack_publicize_feature_enabled":true,"jetpack_social_post_already_shared":true,"jetpack_social_options":{"image_generator_settings":{"template":"highway","default_image_id":0,"font":"","enabled":false},"version":2},"_wpas_customize_per_network":false},"categories":[9791],"tags":[16428,16561,16175,16313,17010,134],"class_list":["post-116280","post","type-post","status-publish","format-standard","has-post-thumbnail","hentry","category-salud","tag-casos-positivos","tag-cierre-del-dia","tag-coronavirus","tag-covid-19","tag-informe-epidemiologico","tag-salud","generate-columns","tablet-grid-50","mobile-grid-100","grid-parent","grid-50"],"jetpack_publicize_connections":[],"jetpack_featured_media_url":"https:\/\/www.hoymercedes.com.ar\/principal\/wp-content\/uploads\/2020\/09\/WhatsApp-Image-2020-09-07-at-22.28.44.jpeg","wps_subtitle":"Cierre del d\u00eda","jetpack_sharing_enabled":true,"_links":{"self":[{"href":"https:\/\/www.hoymercedes.com.ar\/principal\/wp-json\/wp\/v2\/posts\/116280","targetHints":{"allow":["GET"]}}],"collection":[{"href":"https:\/\/www.hoymercedes.com.ar\/principal\/wp-json\/wp\/v2\/posts"}],"about":[{"href":"https:\/\/www.hoymercedes.com.ar\/principal\/wp-json\/wp\/v2\/types\/post"}],"author":[{"embeddable":true,"href":"https:\/\/www.hoymercedes.com.ar\/principal\/wp-json\/wp\/v2\/users\/1"}],"replies":[{"embeddable":true,"href":"https:\/\/www.hoymercedes.com.ar\/principal\/wp-json\/wp\/v2\/comments?post=116280"}],"version-history":[{"count":0,"href":"https:\/\/www.hoymercedes.com.ar\/principal\/wp-json\/wp\/v2\/posts\/116280\/revisions"}],"wp:featuredmedia":[{"embeddable":true,"href":"https:\/\/www.hoymercedes.com.ar\/principal\/wp-json\/wp\/v2\/media\/116283"}],"wp:attachment":[{"href":"https:\/\/www.hoymercedes.com.ar\/principal\/wp-json\/wp\/v2\/media?parent=116280"}],"wp:term":[{"taxonomy":"category","embeddable":true,"href":"https:\/\/www.hoymercedes.com.ar\/principal\/wp-json\/wp\/v2\/categories?post=116280"},{"taxonomy":"post_tag","embeddable":true,"href":"https:\/\/www.hoymercedes.com.ar\/principal\/wp-json\/wp\/v2\/tags?post=116280"}],"curies":[{"name":"wp","href":"https:\/\/api.w.org\/{rel}","templated":true}]}}