{"id":116300,"date":"2020-09-08T19:41:20","date_gmt":"2020-09-08T22:41:20","guid":{"rendered":"http:\/\/www.hoymercedes.com.ar\/principal\/?p=116300"},"modified":"2020-09-08T20:01:51","modified_gmt":"2020-09-08T23:01:51","slug":"la-policia-de-mercedes-se-sumo-a-la-protesta-provincial","status":"publish","type":"post","link":"https:\/\/www.hoymercedes.com.ar\/principal\/2020\/09\/08\/la-policia-de-mercedes-se-sumo-a-la-protesta-provincial\/","title":{"rendered":"La polic\u00eda de Mercedes se sum\u00f3 a la protesta provincial"},"content":{"rendered":"\n<p>Los agentes locales se reunieron a modo de reclamo en la plaza San Mart\u00edn, al igual que sucedi\u00f3 en otras localidades de la provincia. Se le exige al gobierno provincial un aumento del sueldo, aumento en las horas extras, el pago a t\u00e9rmino de del servicio de polic\u00eda adicional, provisi\u00f3n del uniforme y equipo de trabajo, entre otros reclamos para los agentes bonaerenses.<\/p>\n\n\n\n<div class=\"wp-block-image\"><figure class=\"aligncenter size-large\"><img loading=\"lazy\" decoding=\"async\" width=\"800\" height=\"533\" data-attachment-id=\"116307\" data-permalink=\"https:\/\/www.hoymercedes.com.ar\/principal\/2020\/09\/08\/la-policia-de-mercedes-se-sumo-a-la-protesta-provincial\/08-policias-protesta-3\/#main\" data-orig-file=\"https:\/\/www.hoymercedes.com.ar\/principal\/wp-content\/uploads\/2020\/09\/08-policias-protesta-3.jpeg\" data-orig-size=\"800,533\" data-comments-opened=\"0\" data-image-meta=\"{&quot;aperture&quot;:&quot;0&quot;,&quot;credit&quot;:&quot;&quot;,&quot;camera&quot;:&quot;&quot;,&quot;caption&quot;:&quot;&quot;,&quot;created_timestamp&quot;:&quot;0&quot;,&quot;copyright&quot;:&quot;&quot;,&quot;focal_length&quot;:&quot;0&quot;,&quot;iso&quot;:&quot;0&quot;,&quot;shutter_speed&quot;:&quot;0&quot;,&quot;title&quot;:&quot;&quot;,&quot;orientation&quot;:&quot;0&quot;}\" data-image-title=\"08 policias protesta 3\" data-image-description=\"\" data-image-caption=\"\" data-large-file=\"https:\/\/www.hoymercedes.com.ar\/principal\/wp-content\/uploads\/2020\/09\/08-policias-protesta-3.jpeg\" src=\"https:\/\/www.hoymercedes.com.ar\/principal\/wp-content\/uploads\/2020\/09\/08-policias-protesta-3.jpeg\" alt=\"\" class=\"wp-image-116307\"\/><\/figure><\/div>\n\n\n\n<p>Durante la tarde de este martes, agentes de la polic\u00eda comunal realizaron una protesta en la plaza San Mart\u00edn, haci\u00e9ndose eco de los m\u00faltiples reclamos que se sucedieron en las \u00faltimas horas en varias localidades de la provincia de Buenos Aires.<\/p>\n\n\n\n<p>Acompa\u00f1ados por un notable grupo de personas, sobre la esquina de 29 y 26 se dio el epicentro, desde dos motocicletas estacionadas en los lugares permitidos que permanentemente hicieron sonar sus sirenas a modo de protesta.<\/p>\n\n\n\n<p>En tanto, algunos m\u00f3viles daban vuelta a la plaza, en medio de un tr\u00e1nsito agitado cerca de las 18.30 horas. Varios de los transe\u00fantes se fueron sumando, al igual que los conductores que pasaban por la zona, haciendo sonar sus bocinas en modo de apoyo.<\/p>\n\n\n\n<div class=\"wp-block-image\"><figure class=\"aligncenter size-large\"><img loading=\"lazy\" decoding=\"async\" width=\"800\" height=\"450\" data-attachment-id=\"116310\" data-permalink=\"https:\/\/www.hoymercedes.com.ar\/principal\/2020\/09\/08\/la-policia-de-mercedes-se-sumo-a-la-protesta-provincial\/08-policias-protesta-4\/#main\" data-orig-file=\"https:\/\/www.hoymercedes.com.ar\/principal\/wp-content\/uploads\/2020\/09\/08-policias-protesta-4.jpeg\" data-orig-size=\"800,450\" data-comments-opened=\"0\" data-image-meta=\"{&quot;aperture&quot;:&quot;0&quot;,&quot;credit&quot;:&quot;&quot;,&quot;camera&quot;:&quot;&quot;,&quot;caption&quot;:&quot;&quot;,&quot;created_timestamp&quot;:&quot;0&quot;,&quot;copyright&quot;:&quot;&quot;,&quot;focal_length&quot;:&quot;0&quot;,&quot;iso&quot;:&quot;0&quot;,&quot;shutter_speed&quot;:&quot;0&quot;,&quot;title&quot;:&quot;&quot;,&quot;orientation&quot;:&quot;0&quot;}\" data-image-title=\"08-policias-protesta-4\" data-image-description=\"\" data-image-caption=\"\" data-large-file=\"https:\/\/www.hoymercedes.com.ar\/principal\/wp-content\/uploads\/2020\/09\/08-policias-protesta-4.jpeg\" src=\"https:\/\/www.hoymercedes.com.ar\/principal\/wp-content\/uploads\/2020\/09\/08-policias-protesta-4.jpeg\" alt=\"\" class=\"wp-image-116310\"\/><\/figure><\/div>\n\n\n\n<p>En concreto, lo que se exigen los agentes policiales es un aumento de sueldo por parte del gobierno provincial de Axel Kicillof, correspondiente al 56% para el subescalafon comando y subescalafon general del haber l\u00edquido, y del % 64 para el subescalafon Adm. Tec. Prof. y para el subescalafon servicios generales sobre el haber liquido. En ambos casos, se aclara \u201cno del sueldo b\u00e1sico, sino del b\u00e1sico m\u00e1s las BRNB y la BNRNB, menos los descuentos de ley y que ese aumento sea incorporado al sueldo b\u00e1sico\u201d seg\u00fan hicieron trascender los propios agentes mediante un petitorio.<\/p>\n\n\n\n<p>Adem\u00e1s, se plantea la necesidad de un aumento de la hora compensaci\u00f3n de recargo de servicio (Co.Re.S.) a $189 y la no obligatoriedad de dicha compensaci\u00f3n. Tambi\u00e9n el &nbsp;pago del servicio de polic\u00eda adicional (Pol.Ad.) en tiempo y forma (se esta pagado hasta con 120 d\u00edas de retraso); &nbsp;provisi\u00f3n del uniforme y equipo de trabajo y aumento del decreto 1315 (mantenimiento de uniforme) a $3.800; derecho a la vivienda digna, planes de vivienda para el personal policial y la no obligatoriedad de la obra social I.O.M.A.<\/p>\n\n\n\n<p>Luego de estar en la plaza San Mart\u00edn y de cortar la avenida 29, de ah\u00ed se movilizaron por calle 24 hasta la Comisar\u00eda de calle 37, en donde tambi\u00e9n se manifestaron hasta la desconcentraci\u00f3n ah\u00ed mismo. <\/p>\n\n\n\n<p>Colaboraci\u00f3n: Mariano Oyarz\u00fa y Pablo Pauli<\/p>\n\n\n\n<figure class=\"wp-block-image size-large\"><img loading=\"lazy\" decoding=\"async\" width=\"800\" height=\"600\" data-attachment-id=\"116316\" data-permalink=\"https:\/\/www.hoymercedes.com.ar\/principal\/2020\/09\/08\/la-policia-de-mercedes-se-sumo-a-la-protesta-provincial\/08-policias-protesta-5\/#main\" data-orig-file=\"https:\/\/www.hoymercedes.com.ar\/principal\/wp-content\/uploads\/2020\/09\/08-policias-protesta-5.jpeg\" data-orig-size=\"800,600\" data-comments-opened=\"0\" data-image-meta=\"{&quot;aperture&quot;:&quot;0&quot;,&quot;credit&quot;:&quot;&quot;,&quot;camera&quot;:&quot;&quot;,&quot;caption&quot;:&quot;&quot;,&quot;created_timestamp&quot;:&quot;0&quot;,&quot;copyright&quot;:&quot;&quot;,&quot;focal_length&quot;:&quot;0&quot;,&quot;iso&quot;:&quot;0&quot;,&quot;shutter_speed&quot;:&quot;0&quot;,&quot;title&quot;:&quot;&quot;,&quot;orientation&quot;:&quot;0&quot;}\" data-image-title=\"08-policias-protesta-5\" data-image-description=\"\" data-image-caption=\"\" data-large-file=\"https:\/\/www.hoymercedes.com.ar\/principal\/wp-content\/uploads\/2020\/09\/08-policias-protesta-5.jpeg\" src=\"https:\/\/www.hoymercedes.com.ar\/principal\/wp-content\/uploads\/2020\/09\/08-policias-protesta-5.jpeg\" alt=\"\" class=\"wp-image-116316\"\/><\/figure>\n","protected":false},"excerpt":{"rendered":"<p>Los agentes locales se reunieron a modo de reclamo en la plaza San Mart\u00edn, al igual que sucedi\u00f3 en otras &#8230; <a title=\"La polic\u00eda de Mercedes se sum\u00f3 a la protesta provincial\" class=\"read-more\" href=\"https:\/\/www.hoymercedes.com.ar\/principal\/2020\/09\/08\/la-policia-de-mercedes-se-sumo-a-la-protesta-provincial\/\" aria-label=\"Leer m\u00e1s sobre La polic\u00eda de Mercedes se sum\u00f3 a la protesta provincial\">Leer m\u00e1s<\/a><\/p>\n","protected":false},"author":1,"featured_media":116306,"comment_status":"closed","ping_status":"open","sticky":false,"template":"","format":"standard","meta":{"_monsterinsights_skip_tracking":false,"_monsterinsights_sitenote_active":false,"_monsterinsights_sitenote_note":"","_monsterinsights_sitenote_category":0,"jetpack_post_was_ever_published":false,"_jetpack_newsletter_access":"","_jetpack_dont_email_post_to_subs":false,"_jetpack_newsletter_tier_id":0,"_jetpack_memberships_contains_paywalled_content":false,"_jetpack_memberships_contains_paid_content":false,"footnotes":"","jetpack_publicize_message":"","jetpack_publicize_feature_enabled":true,"jetpack_social_post_already_shared":true,"jetpack_social_options":{"image_generator_settings":{"template":"highway","default_image_id":0,"font":"","enabled":false},"version":2},"_wpas_customize_per_network":false},"categories":[8],"tags":[804,1803,100],"class_list":["post-116300","post","type-post","status-publish","format-standard","has-post-thumbnail","hentry","category-sociedad","tag-policia-bonaerense","tag-provincia","tag-reclamo","generate-columns","tablet-grid-50","mobile-grid-100","grid-parent","grid-50"],"jetpack_publicize_connections":[],"jetpack_featured_media_url":"https:\/\/www.hoymercedes.com.ar\/principal\/wp-content\/uploads\/2020\/09\/08-policias-protesta-2.jpeg","wps_subtitle":"En la tarde del martes","jetpack_sharing_enabled":true,"_links":{"self":[{"href":"https:\/\/www.hoymercedes.com.ar\/principal\/wp-json\/wp\/v2\/posts\/116300","targetHints":{"allow":["GET"]}}],"collection":[{"href":"https:\/\/www.hoymercedes.com.ar\/principal\/wp-json\/wp\/v2\/posts"}],"about":[{"href":"https:\/\/www.hoymercedes.com.ar\/principal\/wp-json\/wp\/v2\/types\/post"}],"author":[{"embeddable":true,"href":"https:\/\/www.hoymercedes.com.ar\/principal\/wp-json\/wp\/v2\/users\/1"}],"replies":[{"embeddable":true,"href":"https:\/\/www.hoymercedes.com.ar\/principal\/wp-json\/wp\/v2\/comments?post=116300"}],"version-history":[{"count":0,"href":"https:\/\/www.hoymercedes.com.ar\/principal\/wp-json\/wp\/v2\/posts\/116300\/revisions"}],"wp:featuredmedia":[{"embeddable":true,"href":"https:\/\/www.hoymercedes.com.ar\/principal\/wp-json\/wp\/v2\/media\/116306"}],"wp:attachment":[{"href":"https:\/\/www.hoymercedes.com.ar\/principal\/wp-json\/wp\/v2\/media?parent=116300"}],"wp:term":[{"taxonomy":"category","embeddable":true,"href":"https:\/\/www.hoymercedes.com.ar\/principal\/wp-json\/wp\/v2\/categories?post=116300"},{"taxonomy":"post_tag","embeddable":true,"href":"https:\/\/www.hoymercedes.com.ar\/principal\/wp-json\/wp\/v2\/tags?post=116300"}],"curies":[{"name":"wp","href":"https:\/\/api.w.org\/{rel}","templated":true}]}}