{"id":116327,"date":"2020-09-08T21:24:24","date_gmt":"2020-09-09T00:24:24","guid":{"rendered":"http:\/\/www.hoymercedes.com.ar\/principal\/?p=116327"},"modified":"2020-09-09T21:12:52","modified_gmt":"2020-09-10T00:12:52","slug":"capacitacion-vial-y-entrega-de-casos-en-los-barrios-san-jorge-y-paris-giannini","status":"publish","type":"post","link":"https:\/\/www.hoymercedes.com.ar\/principal\/2020\/09\/08\/capacitacion-vial-y-entrega-de-casos-en-los-barrios-san-jorge-y-paris-giannini\/","title":{"rendered":"Capacitaci\u00f3n vial y entrega de casos en los barrios San Jorge y Paris Giannini"},"content":{"rendered":"\n<p>El Municipio de Mercedes, a trav\u00e9s de la Secretar\u00eda de Seguridad, realiz\u00f3 capacitaciones en normas de seguridad vial y cuidado de la vida, as\u00ed como entrega de cascos a los vecinos. En esta oportunidad los lugares visitados fueron los barrios San Jorge y Paris Giannini.\u00a0\u00a0\u00a0<\/p>\n\n\n\n<div class=\"wp-block-image\"><figure class=\"aligncenter size-large\"><img loading=\"lazy\" decoding=\"async\" width=\"800\" height=\"533\" data-attachment-id=\"116328\" data-permalink=\"https:\/\/www.hoymercedes.com.ar\/principal\/2020\/09\/08\/capacitacion-vial-y-entrega-de-casos-en-los-barrios-san-jorge-y-paris-giannini\/08-seguridad-vial-muni-1\/#main\" data-orig-file=\"https:\/\/www.hoymercedes.com.ar\/principal\/wp-content\/uploads\/2020\/09\/08-seguridad-vial-muni-1.jpeg\" data-orig-size=\"800,533\" data-comments-opened=\"0\" data-image-meta=\"{&quot;aperture&quot;:&quot;0&quot;,&quot;credit&quot;:&quot;&quot;,&quot;camera&quot;:&quot;&quot;,&quot;caption&quot;:&quot;&quot;,&quot;created_timestamp&quot;:&quot;0&quot;,&quot;copyright&quot;:&quot;&quot;,&quot;focal_length&quot;:&quot;0&quot;,&quot;iso&quot;:&quot;0&quot;,&quot;shutter_speed&quot;:&quot;0&quot;,&quot;title&quot;:&quot;&quot;,&quot;orientation&quot;:&quot;0&quot;}\" data-image-title=\"08 seguridad vial muni} (1)\" data-image-description=\"\" data-image-caption=\"\" data-large-file=\"https:\/\/www.hoymercedes.com.ar\/principal\/wp-content\/uploads\/2020\/09\/08-seguridad-vial-muni-1.jpeg\" src=\"https:\/\/www.hoymercedes.com.ar\/principal\/wp-content\/uploads\/2020\/09\/08-seguridad-vial-muni-1.jpeg\" alt=\"\" class=\"wp-image-116328\"\/><\/figure><\/div>\n\n\n\n<p>\u201cEsta es una iniciativa para dar m\u00e1s seguridad vial a nuestros vecinos. Estamos informando para que en Mercedes se contin\u00fae incrementando la seguridad vial y as\u00ed evitar siniestros\u201d manifest\u00f3 Gonzalo Anselmo, subsecretario de seguridad y se\u00f1al\u00f3 \u201capuntamos al cuidado de los l\u00edmites de velocidad, el cuidado de los peatones, al uso del casco y todo lo que tenga que ver con el cuidado de las personas\u201d. &nbsp;<\/p>\n\n\n\n<p>Estas capacitaciones y entregas se enmarcan dentro del fuerte plan de trabajo que viene realizando la Secretar\u00eda de Seguridad en cuanto a toma de conciencia y regularizaci\u00f3n de las medidas de seguridad viales. \u201cEs lo que nos pide el intendente Ustarroz y d\u00f3nde venimos, junto a vecinos, instituciones y el Grupo Estrellas Amarillas, trabajando fuertemente\u201d destac\u00f3 Anselmo. &nbsp;<\/p>\n\n\n\n<p>Asimismo, Anselmo expres\u00f3 \u201clos vecinos nos reciben muy bien y se va notando cada vez m\u00e1s compromiso en el respeto general de las normas\u201d y agreg\u00f3 \u201centendemos que a trav\u00e9s de una mayor concientizaci\u00f3n y capacitaci\u00f3n de quienes conducen los diferentes veh\u00edculos se podr\u00e1 mejorar el tr\u00e1nsito vehicular en la ciudad\u201d. \u00a0<\/p>\n\n\n\n<p>Fuente: Prensa Municipal<\/p>\n\n\n\n<div class=\"wp-block-image\"><figure class=\"aligncenter size-large\"><img loading=\"lazy\" decoding=\"async\" width=\"800\" height=\"533\" data-attachment-id=\"116329\" data-permalink=\"https:\/\/www.hoymercedes.com.ar\/principal\/2020\/09\/08\/capacitacion-vial-y-entrega-de-casos-en-los-barrios-san-jorge-y-paris-giannini\/08-seguridad-vial-muni-2\/#main\" data-orig-file=\"https:\/\/www.hoymercedes.com.ar\/principal\/wp-content\/uploads\/2020\/09\/08-seguridad-vial-muni-2.jpeg\" data-orig-size=\"800,533\" data-comments-opened=\"0\" data-image-meta=\"{&quot;aperture&quot;:&quot;0&quot;,&quot;credit&quot;:&quot;&quot;,&quot;camera&quot;:&quot;&quot;,&quot;caption&quot;:&quot;&quot;,&quot;created_timestamp&quot;:&quot;0&quot;,&quot;copyright&quot;:&quot;&quot;,&quot;focal_length&quot;:&quot;0&quot;,&quot;iso&quot;:&quot;0&quot;,&quot;shutter_speed&quot;:&quot;0&quot;,&quot;title&quot;:&quot;&quot;,&quot;orientation&quot;:&quot;0&quot;}\" data-image-title=\"08 seguridad vial muni} (2)\" data-image-description=\"\" data-image-caption=\"\" data-large-file=\"https:\/\/www.hoymercedes.com.ar\/principal\/wp-content\/uploads\/2020\/09\/08-seguridad-vial-muni-2.jpeg\" src=\"https:\/\/www.hoymercedes.com.ar\/principal\/wp-content\/uploads\/2020\/09\/08-seguridad-vial-muni-2.jpeg\" alt=\"\" class=\"wp-image-116329\"\/><\/figure><\/div>\n","protected":false},"excerpt":{"rendered":"<p>El Municipio de Mercedes, a trav\u00e9s de la Secretar\u00eda de Seguridad, realiz\u00f3 capacitaciones en normas de seguridad vial y cuidado &#8230; <a title=\"Capacitaci\u00f3n vial y entrega de casos en los barrios San Jorge y Paris Giannini\" class=\"read-more\" href=\"https:\/\/www.hoymercedes.com.ar\/principal\/2020\/09\/08\/capacitacion-vial-y-entrega-de-casos-en-los-barrios-san-jorge-y-paris-giannini\/\" aria-label=\"Leer m\u00e1s sobre Capacitaci\u00f3n vial y entrega de casos en los barrios San Jorge y Paris Giannini\">Leer m\u00e1s<\/a><\/p>\n","protected":false},"author":5,"featured_media":116329,"comment_status":"closed","ping_status":"open","sticky":false,"template":"","format":"standard","meta":{"_monsterinsights_skip_tracking":false,"_monsterinsights_sitenote_active":false,"_monsterinsights_sitenote_note":"","_monsterinsights_sitenote_category":0,"jetpack_post_was_ever_published":false,"_jetpack_newsletter_access":"","_jetpack_dont_email_post_to_subs":false,"_jetpack_newsletter_tier_id":0,"_jetpack_memberships_contains_paywalled_content":false,"_jetpack_memberships_contains_paid_content":false,"footnotes":"","jetpack_publicize_message":"","jetpack_publicize_feature_enabled":true,"jetpack_social_post_already_shared":true,"jetpack_social_options":{"image_generator_settings":{"template":"highway","default_image_id":0,"font":"","enabled":false},"version":2},"_wpas_customize_per_network":false},"categories":[30],"tags":[600,244,626],"class_list":["post-116327","post","type-post","status-publish","format-standard","has-post-thumbnail","hentry","category-municipio","tag-barrios","tag-municipio-2","tag-seguridad-vial","generate-columns","tablet-grid-50","mobile-grid-100","grid-parent","grid-50"],"jetpack_publicize_connections":[],"jetpack_featured_media_url":"https:\/\/www.hoymercedes.com.ar\/principal\/wp-content\/uploads\/2020\/09\/08-seguridad-vial-muni-2.jpeg","wps_subtitle":"Campa\u00f1a vial","jetpack_sharing_enabled":true,"_links":{"self":[{"href":"https:\/\/www.hoymercedes.com.ar\/principal\/wp-json\/wp\/v2\/posts\/116327","targetHints":{"allow":["GET"]}}],"collection":[{"href":"https:\/\/www.hoymercedes.com.ar\/principal\/wp-json\/wp\/v2\/posts"}],"about":[{"href":"https:\/\/www.hoymercedes.com.ar\/principal\/wp-json\/wp\/v2\/types\/post"}],"author":[{"embeddable":true,"href":"https:\/\/www.hoymercedes.com.ar\/principal\/wp-json\/wp\/v2\/users\/5"}],"replies":[{"embeddable":true,"href":"https:\/\/www.hoymercedes.com.ar\/principal\/wp-json\/wp\/v2\/comments?post=116327"}],"version-history":[{"count":0,"href":"https:\/\/www.hoymercedes.com.ar\/principal\/wp-json\/wp\/v2\/posts\/116327\/revisions"}],"wp:featuredmedia":[{"embeddable":true,"href":"https:\/\/www.hoymercedes.com.ar\/principal\/wp-json\/wp\/v2\/media\/116329"}],"wp:attachment":[{"href":"https:\/\/www.hoymercedes.com.ar\/principal\/wp-json\/wp\/v2\/media?parent=116327"}],"wp:term":[{"taxonomy":"category","embeddable":true,"href":"https:\/\/www.hoymercedes.com.ar\/principal\/wp-json\/wp\/v2\/categories?post=116327"},{"taxonomy":"post_tag","embeddable":true,"href":"https:\/\/www.hoymercedes.com.ar\/principal\/wp-json\/wp\/v2\/tags?post=116327"}],"curies":[{"name":"wp","href":"https:\/\/api.w.org\/{rel}","templated":true}]}}