{"id":116388,"date":"2020-09-10T11:40:46","date_gmt":"2020-09-10T14:40:46","guid":{"rendered":"http:\/\/www.hoymercedes.com.ar\/principal\/?p=116388"},"modified":"2020-09-10T11:42:04","modified_gmt":"2020-09-10T14:42:04","slug":"municipio-cierra-paritaria-con-todos-los-aumentos-al-basico-y-pagaderos-en-2020","status":"publish","type":"post","link":"https:\/\/www.hoymercedes.com.ar\/principal\/2020\/09\/10\/municipio-cierra-paritaria-con-todos-los-aumentos-al-basico-y-pagaderos-en-2020\/","title":{"rendered":"Municipio cierra paritaria con todos los aumentos al b\u00e1sico y pagaderos en 2020"},"content":{"rendered":"\n<figure class=\"wp-block-image size-large\"><img loading=\"lazy\" decoding=\"async\" width=\"1280\" height=\"853\" data-attachment-id=\"116389\" data-permalink=\"https:\/\/www.hoymercedes.com.ar\/principal\/2020\/09\/10\/municipio-cierra-paritaria-con-todos-los-aumentos-al-basico-y-pagaderos-en-2020\/img-20200910-wa0117\/#main\" data-orig-file=\"https:\/\/www.hoymercedes.com.ar\/principal\/wp-content\/uploads\/2020\/09\/IMG-20200910-WA0117.jpg\" data-orig-size=\"1280,853\" data-comments-opened=\"0\" data-image-meta=\"{&quot;aperture&quot;:&quot;0&quot;,&quot;credit&quot;:&quot;&quot;,&quot;camera&quot;:&quot;&quot;,&quot;caption&quot;:&quot;&quot;,&quot;created_timestamp&quot;:&quot;0&quot;,&quot;copyright&quot;:&quot;&quot;,&quot;focal_length&quot;:&quot;0&quot;,&quot;iso&quot;:&quot;0&quot;,&quot;shutter_speed&quot;:&quot;0&quot;,&quot;title&quot;:&quot;&quot;,&quot;orientation&quot;:&quot;0&quot;}\" data-image-title=\"IMG-20200910-WA0117\" data-image-description=\"\" data-image-caption=\"\" data-large-file=\"https:\/\/www.hoymercedes.com.ar\/principal\/wp-content\/uploads\/2020\/09\/IMG-20200910-WA0117.jpg\" src=\"https:\/\/www.hoymercedes.com.ar\/principal\/wp-content\/uploads\/2020\/09\/IMG-20200910-WA0117.jpg\" alt=\"\" class=\"wp-image-116389\"\/><\/figure>\n\n\n\n<p>La gesti\u00f3n Ustarroz logr\u00f3 cerrar las paritarias municipales 2020. Tras varias reuniones hubo acuerdo con las representaciones sindicales de los trabajadores. Se hab\u00eda pautado a principio de a\u00f1o, antes de la pandemia, esta mesa de trabajo y cumpliendo con los compromisos establecidos finalmente se conoci\u00f3 el paso al b\u00e1sico de los aumentos dados. Ronda el 54.4% y a pesar de la crisis que gener\u00f3 la pandemia en el pa\u00eds y el mundo la Comuna pudo avanzar junto a los trabajadores. Los aumentos van al b\u00e1sico, siendo una buena noticia para los empleados.<\/p>\n\n\n\n<p>A principio de a\u00f1o el intendente Ustarroz, antes de la pandemia, hab\u00eda tenido el primer acuerdo con la mesa paritaria en relaci\u00f3n a las mejoras salariales de los trabajadores municipales. Fue all\u00e1 por el mes de febrero. Poco despu\u00e9s se inici\u00f3 la pandemia, pero con el acuerdo de $4500 como suma fija para marzo y abril y tambi\u00e9n incorporado a los jubilados municipales.<\/p>\n\n\n\n<p>\u201cEl intendente demostr\u00f3 una vez m\u00e1s una gran sensibilidad ante la realidad que vive el pa\u00eds y gener\u00f3 todos los mecanismos para que se diera sin trabas, que sea el incremento todo este a\u00f1o y no se postergue nada para el a\u00f1o pr\u00f3ximo, como hubo en alg\u00fan momento una posibilidad al inicio de la negociaci\u00f3n\u201d afirm\u00f3 David Valerga siendo \u201cde manera inmediata la aplicaci\u00f3n con un 54.4% en todo el escalaf\u00f3n generando no haya un achatamiento de la pir\u00e1mide, sino que se vuelve a valorizar los ascensos, las identidades de trabajo\u201d sostuvo el funcionario.<\/p>\n\n\n\n<p>En dicho acuerdo se hab\u00eda establecido que en agosto se volv\u00eda a generar un encuentro para ver el cierre del a\u00f1o. Entre medio, narraron desde Econom\u00eda, sucede el arribo de la pandemia al pa\u00eds, generando un fuerte impacto en la econom\u00eda de todo el territorio nacional, siendo Mercedes tambi\u00e9n afectada.<\/p>\n\n\n\n<p>En nuestra localidad cayo entre el 35% y el 50% la recaudaci\u00f3n y con gran esfuerzo los primeros meses de pandemia el municipio logr\u00f3 pagar salarios, incluso desdoblando, abonando primero a los trabajadores y una semana despu\u00e9s a los funcionarios.<\/p>\n\n\n\n<p>En julio con cierta normalizaci\u00f3n de algunas actividades la recaudaci\u00f3n levemente empez\u00f3 a mejorar, adem\u00e1s del apoyo de la Provincia, pudiendo pagar el aguinaldo antes del d\u00eda del padre para que se pueda disfrutar en familia.<\/p>\n\n\n\n<p>Ahora en agosto se inici\u00f3 la mesa paritaria, con \u201cnegociaciones arduas, con muchas idas y vueltas, con propuestas del Ejecutivo como desde el Sindicato\u201d narr\u00f3 David Valerga, sub secretario de Econom\u00eda y Hacienda y manifest\u00f3 que \u201cse termin\u00f3 acordando con un gran esfuerzo que hace el municipio y tambi\u00e9n los trabajadores\u201d remarc\u00f3 \u201cdejando en claro la vocaci\u00f3n de di\u00e1logo y comprensi\u00f3n del intendente quien no puso excusas y avanz\u00f3 para que hoy podamos tener este acuerdo\u201d.<\/p>\n\n\n\n<p>Finalmente se logr\u00f3 que los $4500 que hab\u00edan sido no remunerativos se incorporen al b\u00e1sico siendo una gran noticia porque en su totalidad se inserta en tres partes: una este fin de mes, en septiembre, y luego noviembre y diciembre.<\/p>\n\n\n\n<p>Es una suma que al ir a las categor\u00edas iniciales incrementa el m\u00f3dulo generando que tambi\u00e9n aumenten las bonificaciones, como ser antig\u00fcedad, t\u00edtulos, tareas riesgosas, dedicaci\u00f3n exclusiva, salubridad, productividad, etc., haciendo que la masa salarial del municipio tenga un aumento de alrededor del 35%.<\/p>\n\n\n\n<p>De esta manera, as\u00ed como en 2019 fue la Comuna el primer municipio de la provincia en cerrar paritarias, este 2020 la gesti\u00f3n de Ustarroz vuelve a exponer una fuerte sensibilidad ante los trabajadores y continuando la pol\u00edtica de generaci\u00f3n de mejores condiciones laborales promoviendo los aumentos vayan al b\u00e1sico, algo que los sindicatos hist\u00f3ricamente reclaman y en esta ocasi\u00f3n volvi\u00f3 a concretarse positivamente.<\/p>\n","protected":false},"excerpt":{"rendered":"<p>La gesti\u00f3n Ustarroz logr\u00f3 cerrar las paritarias municipales 2020. Tras varias reuniones hubo acuerdo con las representaciones sindicales de los &#8230; <a title=\"Municipio cierra paritaria con todos los aumentos al b\u00e1sico y pagaderos en 2020\" class=\"read-more\" href=\"https:\/\/www.hoymercedes.com.ar\/principal\/2020\/09\/10\/municipio-cierra-paritaria-con-todos-los-aumentos-al-basico-y-pagaderos-en-2020\/\" aria-label=\"Leer m\u00e1s sobre Municipio cierra paritaria con todos los aumentos al b\u00e1sico y pagaderos en 2020\">Leer m\u00e1s<\/a><\/p>\n","protected":false},"author":1,"featured_media":116389,"comment_status":"closed","ping_status":"open","sticky":false,"template":"","format":"standard","meta":{"_monsterinsights_skip_tracking":false,"_monsterinsights_sitenote_active":false,"_monsterinsights_sitenote_note":"","_monsterinsights_sitenote_category":0,"jetpack_post_was_ever_published":false,"_jetpack_newsletter_access":"","_jetpack_dont_email_post_to_subs":false,"_jetpack_newsletter_tier_id":0,"_jetpack_memberships_contains_paywalled_content":false,"_jetpack_memberships_contains_paid_content":false,"footnotes":"","jetpack_publicize_message":"","jetpack_publicize_feature_enabled":true,"jetpack_social_post_already_shared":false,"jetpack_social_options":{"image_generator_settings":{"template":"highway","default_image_id":0,"font":"","enabled":false},"version":2},"_wpas_customize_per_network":false},"categories":[30],"tags":[924,244,2194,485],"class_list":["post-116388","post","type-post","status-publish","format-standard","has-post-thumbnail","hentry","category-municipio","tag-municipales","tag-municipio-2","tag-paritarias","tag-salario","generate-columns","tablet-grid-50","mobile-grid-100","grid-parent","grid-50"],"jetpack_publicize_connections":[],"jetpack_featured_media_url":"https:\/\/www.hoymercedes.com.ar\/principal\/wp-content\/uploads\/2020\/09\/IMG-20200910-WA0117.jpg","wps_subtitle":"En reuni\u00f3n con el Jefe Comunal","jetpack_sharing_enabled":true,"_links":{"self":[{"href":"https:\/\/www.hoymercedes.com.ar\/principal\/wp-json\/wp\/v2\/posts\/116388","targetHints":{"allow":["GET"]}}],"collection":[{"href":"https:\/\/www.hoymercedes.com.ar\/principal\/wp-json\/wp\/v2\/posts"}],"about":[{"href":"https:\/\/www.hoymercedes.com.ar\/principal\/wp-json\/wp\/v2\/types\/post"}],"author":[{"embeddable":true,"href":"https:\/\/www.hoymercedes.com.ar\/principal\/wp-json\/wp\/v2\/users\/1"}],"replies":[{"embeddable":true,"href":"https:\/\/www.hoymercedes.com.ar\/principal\/wp-json\/wp\/v2\/comments?post=116388"}],"version-history":[{"count":0,"href":"https:\/\/www.hoymercedes.com.ar\/principal\/wp-json\/wp\/v2\/posts\/116388\/revisions"}],"wp:featuredmedia":[{"embeddable":true,"href":"https:\/\/www.hoymercedes.com.ar\/principal\/wp-json\/wp\/v2\/media\/116389"}],"wp:attachment":[{"href":"https:\/\/www.hoymercedes.com.ar\/principal\/wp-json\/wp\/v2\/media?parent=116388"}],"wp:term":[{"taxonomy":"category","embeddable":true,"href":"https:\/\/www.hoymercedes.com.ar\/principal\/wp-json\/wp\/v2\/categories?post=116388"},{"taxonomy":"post_tag","embeddable":true,"href":"https:\/\/www.hoymercedes.com.ar\/principal\/wp-json\/wp\/v2\/tags?post=116388"}],"curies":[{"name":"wp","href":"https:\/\/api.w.org\/{rel}","templated":true}]}}