{"id":116402,"date":"2020-09-10T16:59:30","date_gmt":"2020-09-10T19:59:30","guid":{"rendered":"http:\/\/www.hoymercedes.com.ar\/principal\/?p=116402"},"modified":"2020-09-12T10:13:43","modified_gmt":"2020-09-12T13:13:43","slug":"marcela-cueto-presenta-un-mundo-maravilloso-virtual","status":"publish","type":"post","link":"https:\/\/www.hoymercedes.com.ar\/principal\/2020\/09\/10\/marcela-cueto-presenta-un-mundo-maravilloso-virtual\/","title":{"rendered":"Marcela Cueto presenta \u00abun mundo maravilloso\u00bb virtual"},"content":{"rendered":"\n<p>Desde Mercedes y a trav\u00e9s de la plataforma zoom, la artista pl\u00e1stica Marcela Cueto, llevar\u00e1 adelante la muestra \u00abUn Mundo Maravilloso\u00bb con la infraestructura digital del Estudio Su\u00e1rez Cordonnier&nbsp;de Alberti. Ser\u00e1 el mi\u00e9rcoles 16 de septiembre, 22 horas, con inscripci\u00f3n previa. <\/p>\n\n\n\n<div class=\"wp-block-image\"><figure class=\"aligncenter size-large\"><img loading=\"lazy\" decoding=\"async\" width=\"800\" height=\"560\" data-attachment-id=\"116403\" data-permalink=\"https:\/\/www.hoymercedes.com.ar\/principal\/2020\/09\/10\/marcela-cueto-presenta-un-mundo-maravilloso-virtual\/10-muestra-cueto\/#main\" data-orig-file=\"https:\/\/www.hoymercedes.com.ar\/principal\/wp-content\/uploads\/2020\/09\/10-muestra-cueto.jpg\" data-orig-size=\"800,560\" data-comments-opened=\"0\" data-image-meta=\"{&quot;aperture&quot;:&quot;0&quot;,&quot;credit&quot;:&quot;&quot;,&quot;camera&quot;:&quot;&quot;,&quot;caption&quot;:&quot;&quot;,&quot;created_timestamp&quot;:&quot;0&quot;,&quot;copyright&quot;:&quot;&quot;,&quot;focal_length&quot;:&quot;0&quot;,&quot;iso&quot;:&quot;0&quot;,&quot;shutter_speed&quot;:&quot;0&quot;,&quot;title&quot;:&quot;&quot;,&quot;orientation&quot;:&quot;0&quot;}\" data-image-title=\"10 muestra cueto\" data-image-description=\"\" data-image-caption=\"\" data-large-file=\"https:\/\/www.hoymercedes.com.ar\/principal\/wp-content\/uploads\/2020\/09\/10-muestra-cueto.jpg\" src=\"https:\/\/www.hoymercedes.com.ar\/principal\/wp-content\/uploads\/2020\/09\/10-muestra-cueto.jpg\" alt=\"\" class=\"wp-image-116403\"\/><\/figure><\/div>\n\n\n\n<p>La nueva modalidad de v\u00edas en que se puede acceder a las expresiones culturales est\u00e1n comenzando a ser m\u00e1s frecuentes. Las muestras de artes pl\u00e1sticas virtuales fueron una de las primeras formas en que el p\u00fablico accedi\u00f3. Pero tambi\u00e9n el uso de plataformas para transmitir e interactuar con los artistas est\u00e1n pisando fuerte.<\/p>\n\n\n\n<p>Con estas herramientas en pleno contexto de distanciamiento social obligatorio, Marcela Cueto presentar\u00e1 la muestra \u00abUn Mundo Maravilloso\u00bb. El mi\u00e9rcoles 16 de septiembre a las 22:00 hs, v\u00eda plataforma zoom. Aunque esta vez ser\u00e1 virtual, la artista pl\u00e1stica est\u00e1 invitando a los mercedinos a formar parte de la experiencia. <\/p>\n\n\n\n<p>A modo de adelanto, explican c\u00f3mo ser\u00e1 la din\u00e1mica de la presentaci\u00f3n:<\/p>\n\n\n\n<p>\u2022 Se solicitar\u00e1 a los asistentes, adem\u00e1s de su puntualidad, que una vez admitidos y bienvenidos apaguen sus c\u00e1maras y silencien sus micr\u00f3fonos.<br>\u2022 Se efectuar\u00e1 el desarrollo de la muestra desde el taller de la artista y\/o pantalla<br>\u2022 Una vez concluida esta etapa, los asistentes ser\u00e1n invitados a encender sus c\u00e1maras y efectuar preguntas o comentarios, si as\u00ed lo desean.<br>\u2022 Duraci\u00f3n aproximada 1 hora.<br>\u2022 Para disfrutar la presentaci\u00f3n es conveniente el uso de computadora.<br>\u2022 Inscripci\u00f3n previa (cupo limitado). El link ser\u00e1 enviado el d\u00eda previo por correo o wsp. (puede consultarse previamente a el facebook de <a href=\"https:\/\/www.facebook.com\/Taller-de-Arte-Cueto-590873464338963\/\" data-type=\"URL\" data-id=\"https:\/\/www.facebook.com\/Taller-de-Arte-Cueto-590873464338963\/\" target=\"_blank\" rel=\"noopener\">Taller de Arte Cueto<\/a> o en http:\/\/www.estudiosuarezcordonnier.com.ar\/)<br>\u2022 Actividad no arancelada.<\/p>\n\n\n\n<figure class=\"wp-block-embed-facebook wp-block-embed is-type-rich is-provider-gestor-del-servicio\"><div class=\"wp-block-embed__wrapper\">\n<div class=\"fb-video\" data-allowfullscreen=\"true\" data-href=\"https:\/\/www.facebook.com\/estudiodeletrasyarte\/videos\/2791194967871531\/\" style=\"background-color: #fff; display: inline-block;\"><\/div>\n<\/div><\/figure>\n","protected":false},"excerpt":{"rendered":"<p>Desde Mercedes y a trav\u00e9s de la plataforma zoom, la artista pl\u00e1stica Marcela Cueto, llevar\u00e1 adelante la muestra \u00abUn Mundo &#8230; <a title=\"Marcela Cueto presenta \u00abun mundo maravilloso\u00bb virtual\" class=\"read-more\" href=\"https:\/\/www.hoymercedes.com.ar\/principal\/2020\/09\/10\/marcela-cueto-presenta-un-mundo-maravilloso-virtual\/\" aria-label=\"Leer m\u00e1s sobre Marcela Cueto presenta \u00abun mundo maravilloso\u00bb virtual\">Leer m\u00e1s<\/a><\/p>\n","protected":false},"author":5,"featured_media":116403,"comment_status":"closed","ping_status":"open","sticky":false,"template":"","format":"standard","meta":{"_monsterinsights_skip_tracking":false,"_monsterinsights_sitenote_active":false,"_monsterinsights_sitenote_note":"","_monsterinsights_sitenote_category":0,"jetpack_post_was_ever_published":false,"_jetpack_newsletter_access":"","_jetpack_dont_email_post_to_subs":false,"_jetpack_newsletter_tier_id":0,"_jetpack_memberships_contains_paywalled_content":false,"_jetpack_memberships_contains_paid_content":false,"footnotes":"","jetpack_publicize_message":"","jetpack_publicize_feature_enabled":true,"jetpack_social_post_already_shared":true,"jetpack_social_options":{"image_generator_settings":{"template":"highway","default_image_id":0,"font":"","enabled":false},"version":2},"_wpas_customize_per_network":false},"categories":[104],"tags":[7805,5434,16622],"class_list":["post-116402","post","type-post","status-publish","format-standard","has-post-thumbnail","hentry","category-cultura","tag-cultura","tag-marcela-cueto","tag-muestra-virtual","generate-columns","tablet-grid-50","mobile-grid-100","grid-parent","grid-50"],"jetpack_publicize_connections":[],"jetpack_featured_media_url":"https:\/\/www.hoymercedes.com.ar\/principal\/wp-content\/uploads\/2020\/09\/10-muestra-cueto.jpg","wps_subtitle":"Actividad no arancelada","jetpack_sharing_enabled":true,"_links":{"self":[{"href":"https:\/\/www.hoymercedes.com.ar\/principal\/wp-json\/wp\/v2\/posts\/116402","targetHints":{"allow":["GET"]}}],"collection":[{"href":"https:\/\/www.hoymercedes.com.ar\/principal\/wp-json\/wp\/v2\/posts"}],"about":[{"href":"https:\/\/www.hoymercedes.com.ar\/principal\/wp-json\/wp\/v2\/types\/post"}],"author":[{"embeddable":true,"href":"https:\/\/www.hoymercedes.com.ar\/principal\/wp-json\/wp\/v2\/users\/5"}],"replies":[{"embeddable":true,"href":"https:\/\/www.hoymercedes.com.ar\/principal\/wp-json\/wp\/v2\/comments?post=116402"}],"version-history":[{"count":0,"href":"https:\/\/www.hoymercedes.com.ar\/principal\/wp-json\/wp\/v2\/posts\/116402\/revisions"}],"wp:featuredmedia":[{"embeddable":true,"href":"https:\/\/www.hoymercedes.com.ar\/principal\/wp-json\/wp\/v2\/media\/116403"}],"wp:attachment":[{"href":"https:\/\/www.hoymercedes.com.ar\/principal\/wp-json\/wp\/v2\/media?parent=116402"}],"wp:term":[{"taxonomy":"category","embeddable":true,"href":"https:\/\/www.hoymercedes.com.ar\/principal\/wp-json\/wp\/v2\/categories?post=116402"},{"taxonomy":"post_tag","embeddable":true,"href":"https:\/\/www.hoymercedes.com.ar\/principal\/wp-json\/wp\/v2\/tags?post=116402"}],"curies":[{"name":"wp","href":"https:\/\/api.w.org\/{rel}","templated":true}]}}