{"id":116413,"date":"2020-09-10T19:53:33","date_gmt":"2020-09-10T22:53:33","guid":{"rendered":"http:\/\/www.hoymercedes.com.ar\/principal\/?p=116413"},"modified":"2020-09-12T10:13:17","modified_gmt":"2020-09-12T13:13:17","slug":"gremios-provinciales-estatales-reclaman-convocatoria-a-paritarias","status":"publish","type":"post","link":"https:\/\/www.hoymercedes.com.ar\/principal\/2020\/09\/10\/gremios-provinciales-estatales-reclaman-convocatoria-a-paritarias\/","title":{"rendered":"Gremios provinciales estatales reclaman convocatoria a paritarias"},"content":{"rendered":"\n<p>Los gremios de estatales de distintos sectores que dependen de la provincia de Buenos Aires (docentes, judiciales, personal de salud, entre otros) explicitaron el \u00abdeterioro\u00bb de los salarios que \u00abafecta al conjunto de los trabajadores estatales de la provincia\u00bb y piden \u00aburgente\u00bb la continuidad de las negociaciones salariales en todos los sectores del Estado para garantizar la recomposici\u00f3n de los haberes. <\/p>\n\n\n\n<p>En el marco de una comunicaci\u00f3n en la que rechazan el m\u00e9todo que utiliz\u00f3 la polic\u00eda para su reclamo salarial, los gremios AEMOPBA, AJB, AMET, APL, ATE, CICOP, FEB, FEGEPPBA (AERI, APOC, S. GRAFICO PLATENSE; S. MENSUALES DE HIP\u00d3DROMO, SOEME, SOSBA, SSP), FRESIMUBO, SUTEBA y UDOCBA, formalizaron su propio reclamo. <\/p>\n\n\n\n<p>\u00abExpresamos que el deterioro de los salarios denunciado en ese reclamo afecta al conjunto de los trabajadores y las trabajadoras estatales de la Provincia, por lo que resulta urgente la convocatoria para dar continuidad a las negociaciones salariales en todos los sectores del Estado -a nivel provincial y municipal-, en las que se garantice una recomposici\u00f3n inmediata de los haberes\u00bb, dicen.<\/p>\n\n\n\n<p>A lo que agregan: \u00abPara disponer de los recursos necesarios que permitan mejorar las capacidades del Estado y recomponer los salarios de sus trabajadores y trabajadoras entendemos necesario lograr la recuperaci\u00f3n de los puntos de coparticipaci\u00f3n que corresponden a nuestra Provincia y avanzar en reformas tributarias que graven a los sectores con mayor capacidad contributiva\u00bb.<\/p>\n\n\n\n<p>Finalmente, reafirmaron #la defensa del IPS y del IOMA, y reclamamos la participaci\u00f3n protag\u00f3nica de los trabajadores y trabajadoras en la resoluci\u00f3n de la dif\u00edcil situaci\u00f3n que atraviesan nuestras instituciones de la seguridad social\u00bb.<\/p>\n","protected":false},"excerpt":{"rendered":"<p>Los gremios de estatales de distintos sectores que dependen de la provincia de Buenos Aires (docentes, judiciales, personal de salud, &#8230; <a title=\"Gremios provinciales estatales reclaman convocatoria a paritarias\" class=\"read-more\" href=\"https:\/\/www.hoymercedes.com.ar\/principal\/2020\/09\/10\/gremios-provinciales-estatales-reclaman-convocatoria-a-paritarias\/\" aria-label=\"Leer m\u00e1s sobre Gremios provinciales estatales reclaman convocatoria a paritarias\">Leer m\u00e1s<\/a><\/p>\n","protected":false},"author":5,"featured_media":116416,"comment_status":"closed","ping_status":"open","sticky":false,"template":"","format":"standard","meta":{"_monsterinsights_skip_tracking":false,"_monsterinsights_sitenote_active":false,"_monsterinsights_sitenote_note":"","_monsterinsights_sitenote_category":0,"jetpack_post_was_ever_published":false,"_jetpack_newsletter_access":"","_jetpack_dont_email_post_to_subs":false,"_jetpack_newsletter_tier_id":0,"_jetpack_memberships_contains_paywalled_content":false,"_jetpack_memberships_contains_paid_content":false,"footnotes":"","jetpack_publicize_message":"","jetpack_publicize_feature_enabled":true,"jetpack_social_post_already_shared":true,"jetpack_social_options":{"image_generator_settings":{"template":"highway","default_image_id":0,"font":"","enabled":false},"version":2},"_wpas_customize_per_network":false},"categories":[10563],"tags":[17054,1803],"class_list":["post-116413","post","type-post","status-publish","format-standard","has-post-thumbnail","hentry","category-gremios-sindicatos","tag-gremios-estatales","tag-provincia","generate-columns","tablet-grid-50","mobile-grid-100","grid-parent","grid-50"],"jetpack_publicize_connections":[],"jetpack_featured_media_url":"https:\/\/www.hoymercedes.com.ar\/principal\/wp-content\/uploads\/2020\/09\/10-estatale-provincia-2.jpg","wps_subtitle":"Reclamo conjunto","jetpack_sharing_enabled":true,"_links":{"self":[{"href":"https:\/\/www.hoymercedes.com.ar\/principal\/wp-json\/wp\/v2\/posts\/116413","targetHints":{"allow":["GET"]}}],"collection":[{"href":"https:\/\/www.hoymercedes.com.ar\/principal\/wp-json\/wp\/v2\/posts"}],"about":[{"href":"https:\/\/www.hoymercedes.com.ar\/principal\/wp-json\/wp\/v2\/types\/post"}],"author":[{"embeddable":true,"href":"https:\/\/www.hoymercedes.com.ar\/principal\/wp-json\/wp\/v2\/users\/5"}],"replies":[{"embeddable":true,"href":"https:\/\/www.hoymercedes.com.ar\/principal\/wp-json\/wp\/v2\/comments?post=116413"}],"version-history":[{"count":0,"href":"https:\/\/www.hoymercedes.com.ar\/principal\/wp-json\/wp\/v2\/posts\/116413\/revisions"}],"wp:featuredmedia":[{"embeddable":true,"href":"https:\/\/www.hoymercedes.com.ar\/principal\/wp-json\/wp\/v2\/media\/116416"}],"wp:attachment":[{"href":"https:\/\/www.hoymercedes.com.ar\/principal\/wp-json\/wp\/v2\/media?parent=116413"}],"wp:term":[{"taxonomy":"category","embeddable":true,"href":"https:\/\/www.hoymercedes.com.ar\/principal\/wp-json\/wp\/v2\/categories?post=116413"},{"taxonomy":"post_tag","embeddable":true,"href":"https:\/\/www.hoymercedes.com.ar\/principal\/wp-json\/wp\/v2\/tags?post=116413"}],"curies":[{"name":"wp","href":"https:\/\/api.w.org\/{rel}","templated":true}]}}