{"id":11642,"date":"2012-03-19T12:59:31","date_gmt":"2012-03-19T12:59:31","guid":{"rendered":"http:\/\/www.hoymercedes.com.ar\/principal\/?p=11642"},"modified":"2012-03-19T12:59:31","modified_gmt":"2012-03-19T12:59:31","slug":"scioli-y-el-regreso-al-pasado","status":"publish","type":"post","link":"https:\/\/www.hoymercedes.com.ar\/principal\/2012\/03\/19\/scioli-y-el-regreso-al-pasado\/","title":{"rendered":"Scioli y el regreso al pasado"},"content":{"rendered":"<p><span style=\"color: #003366;\"><strong>Por Sebasti\u00e1n Varcel\u00f3<\/strong><\/span><\/p>\n<p><a href=\"https:\/\/www.hoymercedes.com.ar\/principal\/wp-content\/uploads\/2012\/03\/MochilaSolidaria-2012.jpg\"><img loading=\"lazy\" decoding=\"async\" data-attachment-id=\"11644\" data-permalink=\"https:\/\/www.hoymercedes.com.ar\/principal\/2012\/03\/19\/scioli-y-el-regreso-al-pasado\/mochilasolidaria-2012\/#main\" data-orig-file=\"https:\/\/www.hoymercedes.com.ar\/principal\/wp-content\/uploads\/2012\/03\/MochilaSolidaria-2012.jpg\" data-orig-size=\"612,406\" data-comments-opened=\"1\" data-image-meta=\"{&quot;aperture&quot;:&quot;0&quot;,&quot;credit&quot;:&quot;&quot;,&quot;camera&quot;:&quot;&quot;,&quot;caption&quot;:&quot;&quot;,&quot;created_timestamp&quot;:&quot;0&quot;,&quot;copyright&quot;:&quot;&quot;,&quot;focal_length&quot;:&quot;0&quot;,&quot;iso&quot;:&quot;0&quot;,&quot;shutter_speed&quot;:&quot;0&quot;,&quot;title&quot;:&quot;&quot;}\" data-image-title=\"MochilaSolidaria-2012\" data-image-description=\"\" data-image-caption=\"\" data-large-file=\"https:\/\/www.hoymercedes.com.ar\/principal\/wp-content\/uploads\/2012\/03\/MochilaSolidaria-2012.jpg\" class=\"aligncenter size-full wp-image-11644\" title=\"MochilaSolidaria-2012\" src=\"https:\/\/www.hoymercedes.com.ar\/principal\/wp-content\/uploads\/2012\/03\/MochilaSolidaria-2012.jpg\" alt=\"\" width=\"612\" height=\"406\" \/><\/a><\/p>\n<p>El Ministerio de Desarrollo Social de la provincia de Buenos Aires acaba de llevar adelante un programa propio del pasado. Se trata de una medida de atenci\u00f3n focalizada (noventa a pleno) de necesidades sociales con la<strong> estigmatizaci\u00f3n de los sujetos en primer plano.<\/strong><\/p>\n<p>Se han entregado mochilas en un plan conocido como \u201cMochila solidaria\u201d financiado por las empresas Coto, D\u00eda% y WallMart a ser distribuidas en las llamadas Unidades de Desarrollo Infantil (UDI).<\/p>\n<p>Las mochilas tienen la leyenda incrustada en su parte superior y para la vista de todos: \u201cMochila Solidaria\u201d.<\/p>\n<p>A\u00f1os atr\u00e1s el ex gobernador Carlos Ruckauf vivi\u00f3 un esc\u00e1ndalo de dimensiones con sus famosas zapatillas solidarias donde ten\u00edan su nombre (ver foto al pie) sobre la lengua. Debi\u00f3 dar explicaciones y muchas retiradas antes de su entrega. Estigmatizaci\u00f3n, marginaci\u00f3n y enfoque de la pobreza eran parte de los cuestionamientos que<strong> hoy se repiten<\/strong>.<\/p>\n<p>La oposici\u00f3n al gobernador ya comenz\u00f3 a discutir la medida que no repar\u00f3 en el m\u00e1s m\u00ednimo pudor y protecci\u00f3n de los infantes que adem\u00e1s fueron puestos frente a las c\u00e1maras para que sus rostros y condiciones est\u00e9n en las fotos promocionales de las empresas y el gobierno provincial. (Aunque se lo vista de acto solidario no es m\u00e1s que una promoci\u00f3n empresaria &#8211; pol\u00edtica)<\/p>\n<p>El gobierno provincial sali\u00f3 a dar explicaciones, pero, todas de una falta absoluta de realidad. Hablan en abstracto desde conceptos como: \u201cuni\u00f3n del privado con el p\u00fablico\u201d y de \u201cresponsabilidad empresaria\u201d. Argumentaciones perimidas porque el Estado no necesita 10.000 mochilas con la publicidad de una empresa incrustada para dar ayuda social, adem\u00e1s de contar con la suficiente inteligencia como para darse cuenta previamente que ser\u00e1 un problema y no una soluci\u00f3n, una <strong>estigmatizaci\u00f3n para los chicos, sus familias y sus condiciones de vida.<\/strong><\/p>\n<p>Quienes alegan que desde presidencia las netebook salen con la leyenda \u201cPresidencia de la Naci\u00f3n\u201d olvidan un dato fundamental: se trata de un programa de car\u00e1cter universal, es decir, para la totalidad de los ni\u00f1os, no como las mochilas que s\u00f3lo van a sectores carenciados con su identificaci\u00f3n inmediata por parte de terceros. Es decir: no faltar\u00e1n dedos que digan: \u201cesos son los necesitados\u201d.<\/p>\n<p>Algunos, indudablemente, pecamos de inocentes. Pens\u00e1bamos que este tipo de pol\u00edticas hab\u00edan terminado, pero no, siguen muy vivas en el entramado de la <strong>especulaci\u00f3n pol\u00edtica con el aprovechamiento de los m\u00e1s vulnerables.<\/strong><\/p>\n<p>C\u00f3mo ser\u00e1 la cuesti\u00f3n que, hasta los <strong>grandes medios<\/strong> que suelen ser m\u00e1s que buenos con el gobernador salieron a darle espacios, amplio, a las <strong>cr\u00edticas y cuestionamientos.<\/strong><\/p>\n<p><a href=\"https:\/\/www.hoymercedes.com.ar\/principal\/wp-content\/uploads\/2012\/03\/zapatillas-ruckauf.jpg\"><img loading=\"lazy\" decoding=\"async\" data-attachment-id=\"11645\" data-permalink=\"https:\/\/www.hoymercedes.com.ar\/principal\/2012\/03\/19\/scioli-y-el-regreso-al-pasado\/zapatillas-ruckauf\/#main\" data-orig-file=\"https:\/\/www.hoymercedes.com.ar\/principal\/wp-content\/uploads\/2012\/03\/zapatillas-ruckauf.jpg\" data-orig-size=\"600,400\" data-comments-opened=\"1\" data-image-meta=\"{&quot;aperture&quot;:&quot;0&quot;,&quot;credit&quot;:&quot;&quot;,&quot;camera&quot;:&quot;&quot;,&quot;caption&quot;:&quot;&quot;,&quot;created_timestamp&quot;:&quot;0&quot;,&quot;copyright&quot;:&quot;&quot;,&quot;focal_length&quot;:&quot;0&quot;,&quot;iso&quot;:&quot;0&quot;,&quot;shutter_speed&quot;:&quot;0&quot;,&quot;title&quot;:&quot;&quot;}\" data-image-title=\"zapatillas-ruckauf\" data-image-description=\"\" data-image-caption=\"\" data-large-file=\"https:\/\/www.hoymercedes.com.ar\/principal\/wp-content\/uploads\/2012\/03\/zapatillas-ruckauf.jpg\" class=\"aligncenter size-full wp-image-11645\" title=\"zapatillas-ruckauf\" src=\"https:\/\/www.hoymercedes.com.ar\/principal\/wp-content\/uploads\/2012\/03\/zapatillas-ruckauf.jpg\" alt=\"\" width=\"600\" height=\"400\" srcset=\"https:\/\/www.hoymercedes.com.ar\/principal\/wp-content\/uploads\/2012\/03\/zapatillas-ruckauf.jpg 600w, https:\/\/www.hoymercedes.com.ar\/principal\/wp-content\/uploads\/2012\/03\/zapatillas-ruckauf-300x200.jpg 300w\" sizes=\"auto, (max-width: 600px) 100vw, 600px\" \/><\/a><\/p>\n","protected":false},"excerpt":{"rendered":"<p>Por Sebasti\u00e1n Varcel\u00f3 El Ministerio de Desarrollo Social de la provincia de Buenos Aires acaba de llevar adelante un programa &#8230; <a title=\"Scioli y el regreso al pasado\" class=\"read-more\" href=\"https:\/\/www.hoymercedes.com.ar\/principal\/2012\/03\/19\/scioli-y-el-regreso-al-pasado\/\" aria-label=\"Leer m\u00e1s sobre Scioli y el regreso al pasado\">Leer m\u00e1s<\/a><\/p>\n","protected":false},"author":1,"featured_media":0,"comment_status":"open","ping_status":"open","sticky":false,"template":"","format":"standard","meta":{"_monsterinsights_skip_tracking":false,"_monsterinsights_sitenote_active":false,"_monsterinsights_sitenote_note":"","_monsterinsights_sitenote_category":0,"jetpack_post_was_ever_published":false,"_jetpack_newsletter_access":"","_jetpack_dont_email_post_to_subs":false,"_jetpack_newsletter_tier_id":0,"_jetpack_memberships_contains_paywalled_content":false,"_jetpack_memberships_contains_paid_content":false,"footnotes":"","jetpack_publicize_message":"","jetpack_publicize_feature_enabled":true,"jetpack_social_post_already_shared":false,"jetpack_social_options":{"image_generator_settings":{"template":"highway","default_image_id":0,"font":"","enabled":false},"version":2},"_wpas_customize_per_network":false},"categories":[1],"tags":[1971,721],"class_list":["post-11642","post","type-post","status-publish","format-standard","hentry","category-opinion","tag-mochila-solidaria","tag-scioli","generate-columns","tablet-grid-50","mobile-grid-100","grid-parent","grid-50"],"jetpack_publicize_connections":[],"jetpack_featured_media_url":"","wps_subtitle":"","jetpack_sharing_enabled":true,"_links":{"self":[{"href":"https:\/\/www.hoymercedes.com.ar\/principal\/wp-json\/wp\/v2\/posts\/11642","targetHints":{"allow":["GET"]}}],"collection":[{"href":"https:\/\/www.hoymercedes.com.ar\/principal\/wp-json\/wp\/v2\/posts"}],"about":[{"href":"https:\/\/www.hoymercedes.com.ar\/principal\/wp-json\/wp\/v2\/types\/post"}],"author":[{"embeddable":true,"href":"https:\/\/www.hoymercedes.com.ar\/principal\/wp-json\/wp\/v2\/users\/1"}],"replies":[{"embeddable":true,"href":"https:\/\/www.hoymercedes.com.ar\/principal\/wp-json\/wp\/v2\/comments?post=11642"}],"version-history":[{"count":0,"href":"https:\/\/www.hoymercedes.com.ar\/principal\/wp-json\/wp\/v2\/posts\/11642\/revisions"}],"wp:attachment":[{"href":"https:\/\/www.hoymercedes.com.ar\/principal\/wp-json\/wp\/v2\/media?parent=11642"}],"wp:term":[{"taxonomy":"category","embeddable":true,"href":"https:\/\/www.hoymercedes.com.ar\/principal\/wp-json\/wp\/v2\/categories?post=11642"},{"taxonomy":"post_tag","embeddable":true,"href":"https:\/\/www.hoymercedes.com.ar\/principal\/wp-json\/wp\/v2\/tags?post=11642"}],"curies":[{"name":"wp","href":"https:\/\/api.w.org\/{rel}","templated":true}]}}