{"id":116420,"date":"2020-09-10T22:14:17","date_gmt":"2020-09-11T01:14:17","guid":{"rendered":"http:\/\/www.hoymercedes.com.ar\/principal\/?p=116420"},"modified":"2020-09-12T10:12:57","modified_gmt":"2020-09-12T13:12:57","slug":"coronavirus","status":"publish","type":"post","link":"https:\/\/www.hoymercedes.com.ar\/principal\/2020\/09\/10\/coronavirus\/","title":{"rendered":"Coronavirus: Confirman 19 positivos de covid en Mercedes"},"content":{"rendered":"\n<p>El informe de este jueves confirma 19 pacientes m\u00e1s con covid-19 en la ciudad de Mercedes a ra\u00edz de 103 test analizados por el Laboratorio de Virolog\u00eda Molecular. Con esta cifra, la ciudad llega a 820 contagios confirmados desde iniciada la pandemia en el pa\u00eds. <\/p>\n\n\n\n<div class=\"wp-block-image\"><figure class=\"aligncenter size-large\"><img loading=\"lazy\" decoding=\"async\" width=\"800\" height=\"800\" data-attachment-id=\"116421\" data-permalink=\"https:\/\/www.hoymercedes.com.ar\/principal\/2020\/09\/10\/coronavirus\/whatsapp-image-2020-09-10-at-21-51-12\/#main\" data-orig-file=\"https:\/\/www.hoymercedes.com.ar\/principal\/wp-content\/uploads\/2020\/09\/WhatsApp-Image-2020-09-10-at-21.51.12.jpeg\" data-orig-size=\"800,800\" data-comments-opened=\"0\" data-image-meta=\"{&quot;aperture&quot;:&quot;0&quot;,&quot;credit&quot;:&quot;&quot;,&quot;camera&quot;:&quot;&quot;,&quot;caption&quot;:&quot;&quot;,&quot;created_timestamp&quot;:&quot;0&quot;,&quot;copyright&quot;:&quot;&quot;,&quot;focal_length&quot;:&quot;0&quot;,&quot;iso&quot;:&quot;0&quot;,&quot;shutter_speed&quot;:&quot;0&quot;,&quot;title&quot;:&quot;&quot;,&quot;orientation&quot;:&quot;0&quot;}\" data-image-title=\"WhatsApp Image 2020-09-10 at 21.51.12\" data-image-description=\"\" data-image-caption=\"\" data-large-file=\"https:\/\/www.hoymercedes.com.ar\/principal\/wp-content\/uploads\/2020\/09\/WhatsApp-Image-2020-09-10-at-21.51.12.jpeg\" src=\"https:\/\/www.hoymercedes.com.ar\/principal\/wp-content\/uploads\/2020\/09\/WhatsApp-Image-2020-09-10-at-21.51.12.jpeg\" alt=\"\" class=\"wp-image-116421\"\/><\/figure><\/div>\n\n\n\n<p>El informe comunicado por el Municipio de Mercedes y el Hospital Blas L. Dubarry dice: <\/p>\n\n\n\n<p>\u00abEn el d\u00eda de la fecha el Laboratorio de Virolog\u00eda Molecular Municipal por medio de los procesos cient\u00edficos que lleva adelante cotidianamente detect\u00f3 19 nuevos casos para covid-19.<br>Los casos tienen su ra\u00edz epidemiol\u00f3gica y correspondiente trabajo de rastreo y seguimiento.<br>Al d\u00eda de la fecha tenemos 182 casos activos y 820 desde iniciada la pandemia con 624 pacientes recuperados del virus.<br>En seguimiento por contacto estrecho contin\u00faan a instancias del Centro de Teleseguimiento con 93 operadores socio sanitarios se encuentran 854 mercedinos. <br>En cuanto al Centro de Aislamiento Sanitario II con todas las normas socio sanitarias y un fuerte trabajo de Salud, Protecci\u00f3n Civil, SAME, Seguridad, Desarrollo Social y Servicios P\u00fablicos tiene a 2 pacientes alojados, aislados y monitoreados\u00bb<\/p>\n\n\n\n<p><strong>informe nacional<\/strong><\/p>\n\n\n\n<p>Hoy fueron confirmados 11.905 nuevos casos de COVID-19. Detalle por provincia (N\u00ba de confirmados | N\u00ba de acumulados): Buenos Aires 6.252 | 316.506 Ciudad de Buenos Aires 1.284 | 107.857 Catamarca 12 | 111 Chaco 128 | 6.418 Chubut 29 | 1.390 C\u00f3rdoba 443 | 13.009 Corrientes 60 | 491 Entre R\u00edos 137 | 4.844 Formosa 1 | 92 Jujuy 280 | 11.397 La Pampa 27 | 294 La Rioja 143 | 2.503 Mendoza 731 | 12.365 Misiones -6 | 65 Neuqu\u00e9n 180 | 4.298 R\u00edo Negro 265 | 8.042 Salta 367 | 5.837 San Juan 1 | 385 San Luis 10 | 356 Santa Cruz 86 | 2.626 Santa Fe 1.042 | 15.743 Santiago del Estero 88 | 1.558 Tierra del Fuego* 62 | 2.592 Tucum\u00e1n 283 | 5.419. Con estos registros, suman 524.198 positivos en el pa\u00eds.<\/p>\n\n\n\n<p>En el informe matutino se registraron 55 nuevas muertes. <br>43 hombres: 29 residentes en la provincia de Buenos Aires, 4 residentes en la Ciudad de Buenos Aires, 5 residentes en la provincia de Mendoza, y 5 residentes en la provincia de Santa Fe<br>12 mujeres: 9 residentes en la provincia de Buenos Aires, 1 residente en la provincia de Neuqu\u00e9n, y 2 residentes en la provincia de Santa Fe. <\/p>\n\n\n\n<p>En el reporte vespertino se notificaron 195 nuevas muertes. <br>114 hombres: 62 residentes en la provincia de Buenos Aires, 18 residentes en la Ciudad de Buenos Aires, 1 residente en la provincia de Chaco, 3 residentes en la provincia de C\u00f3rdoba, 4 residentes en la provincia de Entre R\u00edos, 4 residentes en la provincia de Jujuy, 1 residente en la provincia de La Rioja, 3 residentes en la provincia de Mendoza, 1 residente en la provincia de Neuqu\u00e9n, 3 residentes en la provincia de R\u00edo Negro, 7 residentes en la provincia de Santa Fe, 6 residentes en la provincia de Salta, y 1 residente en la provincia de Santiago del Estero. <br>81 mujeres: 41 residentes en la provincia de Buenos Aires, 12 residentes en la Ciudad de Buenos Aires, 4 residentes en la provincia de Entre R\u00edos, 2 residentes en la provincia de C\u00f3rdoba, 2 residentes en la provincia de Jujuy, 1 residente en la provincia de La Rioja, 5 residentes en la provincia de Mendoza, 1 residente en la provincia de Tierra del Fuego, 1 residente en la provincia de R\u00edo Negro, 3 residente en la provincia de Salta, 7 residentes en la provincia de Santa Fe y 2 residentes en la provincia de Santiago del Estero. <br>Al momento la cantidad de personas fallecidas es 10.907.<\/p>\n","protected":false},"excerpt":{"rendered":"<p>El informe de este jueves confirma 19 pacientes m\u00e1s con covid-19 en la ciudad de Mercedes a ra\u00edz de 103 &#8230; <a title=\"Coronavirus: Confirman 19 positivos de covid en Mercedes\" class=\"read-more\" href=\"https:\/\/www.hoymercedes.com.ar\/principal\/2020\/09\/10\/coronavirus\/\" aria-label=\"Leer m\u00e1s sobre Coronavirus: Confirman 19 positivos de covid en Mercedes\">Leer m\u00e1s<\/a><\/p>\n","protected":false},"author":5,"featured_media":116421,"comment_status":"closed","ping_status":"open","sticky":false,"template":"","format":"standard","meta":{"_monsterinsights_skip_tracking":false,"_monsterinsights_sitenote_active":false,"_monsterinsights_sitenote_note":"","_monsterinsights_sitenote_category":0,"jetpack_post_was_ever_published":false,"_jetpack_newsletter_access":"","_jetpack_dont_email_post_to_subs":false,"_jetpack_newsletter_tier_id":0,"_jetpack_memberships_contains_paywalled_content":false,"_jetpack_memberships_contains_paid_content":false,"footnotes":"","jetpack_publicize_message":"","jetpack_publicize_feature_enabled":true,"jetpack_social_post_already_shared":true,"jetpack_social_options":{"image_generator_settings":{"template":"highway","default_image_id":0,"font":"","enabled":false},"version":2},"_wpas_customize_per_network":false},"categories":[9791],"tags":[16428,16561,16175,16313,134],"class_list":["post-116420","post","type-post","status-publish","format-standard","has-post-thumbnail","hentry","category-salud","tag-casos-positivos","tag-cierre-del-dia","tag-coronavirus","tag-covid-19","tag-salud","generate-columns","tablet-grid-50","mobile-grid-100","grid-parent","grid-50"],"jetpack_publicize_connections":[],"jetpack_featured_media_url":"https:\/\/www.hoymercedes.com.ar\/principal\/wp-content\/uploads\/2020\/09\/WhatsApp-Image-2020-09-10-at-21.51.12.jpeg","wps_subtitle":"Cierre del d\u00eda","jetpack_sharing_enabled":true,"_links":{"self":[{"href":"https:\/\/www.hoymercedes.com.ar\/principal\/wp-json\/wp\/v2\/posts\/116420","targetHints":{"allow":["GET"]}}],"collection":[{"href":"https:\/\/www.hoymercedes.com.ar\/principal\/wp-json\/wp\/v2\/posts"}],"about":[{"href":"https:\/\/www.hoymercedes.com.ar\/principal\/wp-json\/wp\/v2\/types\/post"}],"author":[{"embeddable":true,"href":"https:\/\/www.hoymercedes.com.ar\/principal\/wp-json\/wp\/v2\/users\/5"}],"replies":[{"embeddable":true,"href":"https:\/\/www.hoymercedes.com.ar\/principal\/wp-json\/wp\/v2\/comments?post=116420"}],"version-history":[{"count":0,"href":"https:\/\/www.hoymercedes.com.ar\/principal\/wp-json\/wp\/v2\/posts\/116420\/revisions"}],"wp:featuredmedia":[{"embeddable":true,"href":"https:\/\/www.hoymercedes.com.ar\/principal\/wp-json\/wp\/v2\/media\/116421"}],"wp:attachment":[{"href":"https:\/\/www.hoymercedes.com.ar\/principal\/wp-json\/wp\/v2\/media?parent=116420"}],"wp:term":[{"taxonomy":"category","embeddable":true,"href":"https:\/\/www.hoymercedes.com.ar\/principal\/wp-json\/wp\/v2\/categories?post=116420"},{"taxonomy":"post_tag","embeddable":true,"href":"https:\/\/www.hoymercedes.com.ar\/principal\/wp-json\/wp\/v2\/tags?post=116420"}],"curies":[{"name":"wp","href":"https:\/\/api.w.org\/{rel}","templated":true}]}}