{"id":116451,"date":"2020-09-11T16:30:30","date_gmt":"2020-09-11T19:30:30","guid":{"rendered":"http:\/\/www.hoymercedes.com.ar\/principal\/?p=116451"},"modified":"2020-09-12T10:08:33","modified_gmt":"2020-09-12T13:08:33","slug":"algo-huele-mal-que-esta-pasando-en-el-ex-basural-de-la-florida","status":"publish","type":"post","link":"https:\/\/www.hoymercedes.com.ar\/principal\/2020\/09\/11\/algo-huele-mal-que-esta-pasando-en-el-ex-basural-de-la-florida\/","title":{"rendered":"Algo huele mal \u00bfQu\u00e9 est\u00e1 pasando en el ex basural de La Florida?"},"content":{"rendered":"\n<p>Por Hern\u00e1n Borrajo &#8211; Es de p\u00fablico conocimiento que nuestra ciudad tiene una Planta Municipal de Residuos, ubicada en la continuaci\u00f3n de calle 29, sobre mano izquierda si circulamos de sur a norte.<\/p>\n\n\n\n<div class=\"wp-block-image\"><figure class=\"aligncenter size-large\"><img loading=\"lazy\" decoding=\"async\" width=\"625\" height=\"373\" data-attachment-id=\"116452\" data-permalink=\"https:\/\/www.hoymercedes.com.ar\/principal\/2020\/09\/11\/algo-huele-mal-que-esta-pasando-en-el-ex-basural-de-la-florida\/11-basural\/#main\" data-orig-file=\"https:\/\/www.hoymercedes.com.ar\/principal\/wp-content\/uploads\/2020\/09\/11-basural.png\" data-orig-size=\"625,373\" data-comments-opened=\"0\" data-image-meta=\"{&quot;aperture&quot;:&quot;0&quot;,&quot;credit&quot;:&quot;&quot;,&quot;camera&quot;:&quot;&quot;,&quot;caption&quot;:&quot;&quot;,&quot;created_timestamp&quot;:&quot;0&quot;,&quot;copyright&quot;:&quot;&quot;,&quot;focal_length&quot;:&quot;0&quot;,&quot;iso&quot;:&quot;0&quot;,&quot;shutter_speed&quot;:&quot;0&quot;,&quot;title&quot;:&quot;&quot;,&quot;orientation&quot;:&quot;0&quot;}\" data-image-title=\"11 basural\" data-image-description=\"\" data-image-caption=\"\" data-large-file=\"https:\/\/www.hoymercedes.com.ar\/principal\/wp-content\/uploads\/2020\/09\/11-basural.png\" src=\"https:\/\/www.hoymercedes.com.ar\/principal\/wp-content\/uploads\/2020\/09\/11-basural.png\" alt=\"\" class=\"wp-image-116452\"\/><\/figure><\/div>\n\n\n\n<p>Dicha planta\u00a0<strong>era inicialmente un basural a cielo abierto<\/strong>. Hace ya varios a\u00f1os ha tenido trabajos de remediaci\u00f3n para transformarla en una Planta de Disposici\u00f3n de Residuos S\u00f3lidos Urbanos (RSU) de acuerdo a la legislaci\u00f3n vigente [<strong>actualmente conocida como Centro de Transferencia de Residuos<\/strong>].<\/p>\n\n\n\n<p>Esta planta est\u00e1 limitada por:\u00a0<br>*Calle 29 (tierra) hacia el Este<br>*Quinta \u00abLa Chiquita\u00bb hacia el Sur.<br>*Camino rural que nace en calle 29 con rumbo NO.<br>*Criadero de animales de granja hacia el Oeste y Norte.<\/p>\n\n\n\n<p>El 8 de septiembre hice una salida en bicicleta y tom\u00e9 el camino rural reci\u00e9n mencionado. A unos cientos de metros de la bifurcaci\u00f3n tom\u00e9 los dos videos. <\/p>\n\n\n\n<p>Dichos videos muestran el estado de la basura, formando una verdadera pared, con tres y hasta cuatro metros de altura.<\/p>\n\n\n\n<p>En un sector del camino, parte de la\u00a0<strong>basura acumulada<\/strong>, supongo que con el uso de maquinaria para trabajos pesados, se hab\u00eda desplazado hacia este camino rural, invadi\u00e9ndolo parcialmente.<\/p>\n\n\n\n<p>Estas im\u00e1genes contrastan notablemente con el aspecto que muestra la planta vista desde calle 29. \u00c9ste es cuidado, bien mantenido y libre de escabrosidades, con calles para el tr\u00e1nsito de veh\u00edculos que traen RSU.<\/p>\n\n\n\n<p>En la vista lateral aparecieron individuos revisando los residuos, sin que se pudiera distinguir o suponer la funci\u00f3n que cumpl\u00edan (posible cirujeo).<\/p>\n\n\n\n<p>Debo agregar que se percib\u00edan olores, pero los mismos proven\u00edan del establecimiento colindante, donde una charca casi circular de unos diez (10) metros de di\u00e1metros estaba rodeada por caranchos, en una cantidad no inferior al medio centenar.<\/p>\n\n\n\n<figure class=\"wp-block-video\"><video controls src=\"https:\/\/www.blogger.com\/video.g token=AD6v5dy6wr0prCtZT7LIGLaZiK0gJwOKlpzDNEkRp0lXjtdH5xc6zhLkjYfUs4iAOIy106XSzvd2wIGIpUfRAv0_I8JvcNXMWe216M7zHcXwi6QHGrTBMeUxzuE-OtaM3XI59Fm3UtM\"><\/video><\/figure>\n\n\n\n<p><strong>La masa de basura tiene casi cuatro metros de altura<\/strong><\/p>\n\n\n\n<figure class=\"wp-block-video\"><video controls src=\"https:\/\/www.blogger.com\/video.g?token=AD6v5dybeZO2mOBZlRRJ39IHmL70-Ag8D06m1vK1kYM7ThBgJ6fEegYsbf4TPDbA7CVhreC-q7WPtD2LgRKa3Ju0CcVjB1cy7hSC9B8XOD5w0VJZ9XXxdYbfxqshkSamXoiYYoDUre2B\"><\/video><\/figure>\n\n\n\n<p>Para poder aportarles m\u00e1s informaci\u00f3n, les acercamos algunas notas period\u00edsticas de hace 2 a\u00f1os donde se menciona la erradicaci\u00f3n del basural, as\u00ed como los conflictos existentes que resaltan los vecinos del barrio, quienes han podido generar causas en la justicia.<\/p>\n\n\n\n<p>Antecedentes del a\u00f1o 2018:\u00a0https:\/\/www.hoymercedes.com.ar\/principal\/tag\/basural-la-florida\/<\/p>\n\n\n\n<p>Informaci\u00f3n oficial del a\u00f1o 2018:\u00a0http:\/\/nw.mercedes.gob.ar\/626\/dia-historico-se-presento-el-saneamiento-del-basural-de-la-florida-y-nuevo-centro-de-transferencia-de-residuos\u00a0<\/p>\n\n\n\n<p>Fuente: Asociaci\u00f3n Civil S.O.S. H\u00e1bitat (<a rel=\"noreferrer noopener\" href=\"https:\/\/sos-habitat.blogspot.com\/2020\/09\/algo-huele-mal-que-esta-pasando-en-el.html\" target=\"_blank\">https:\/\/sos-habitat.blogspot.com\/2020\/09\/algo-huele-mal-que-esta-pasando-en-el.html<\/a> )<\/p>\n","protected":false},"excerpt":{"rendered":"<p>Por Hern\u00e1n Borrajo &#8211; Es de p\u00fablico conocimiento que nuestra ciudad tiene una Planta Municipal de Residuos, ubicada en la &#8230; <a title=\"Algo huele mal \u00bfQu\u00e9 est\u00e1 pasando en el ex basural de La Florida?\" class=\"read-more\" href=\"https:\/\/www.hoymercedes.com.ar\/principal\/2020\/09\/11\/algo-huele-mal-que-esta-pasando-en-el-ex-basural-de-la-florida\/\" aria-label=\"Leer m\u00e1s sobre Algo huele mal \u00bfQu\u00e9 est\u00e1 pasando en el ex basural de La Florida?\">Leer m\u00e1s<\/a><\/p>\n","protected":false},"author":1,"featured_media":116452,"comment_status":"closed","ping_status":"open","sticky":false,"template":"","format":"standard","meta":{"_monsterinsights_skip_tracking":false,"_monsterinsights_sitenote_active":false,"_monsterinsights_sitenote_note":"","_monsterinsights_sitenote_category":0,"jetpack_post_was_ever_published":false,"_jetpack_newsletter_access":"","_jetpack_dont_email_post_to_subs":false,"_jetpack_newsletter_tier_id":0,"_jetpack_memberships_contains_paywalled_content":false,"_jetpack_memberships_contains_paid_content":false,"footnotes":"","jetpack_publicize_message":"","jetpack_publicize_feature_enabled":true,"jetpack_social_post_already_shared":true,"jetpack_social_options":{"image_generator_settings":{"template":"highway","default_image_id":0,"font":"","enabled":false},"version":2},"_wpas_customize_per_network":false},"categories":[1],"tags":[1056,43,8748,887],"class_list":["post-116451","post","type-post","status-publish","format-standard","has-post-thumbnail","hentry","category-opinion","tag-basural","tag-medio-ambiente","tag-opinion","tag-sos-habitat","generate-columns","tablet-grid-50","mobile-grid-100","grid-parent","grid-50"],"jetpack_publicize_connections":[],"jetpack_featured_media_url":"https:\/\/www.hoymercedes.com.ar\/principal\/wp-content\/uploads\/2020\/09\/11-basural.png","wps_subtitle":"Medio ambiente","jetpack_sharing_enabled":true,"_links":{"self":[{"href":"https:\/\/www.hoymercedes.com.ar\/principal\/wp-json\/wp\/v2\/posts\/116451","targetHints":{"allow":["GET"]}}],"collection":[{"href":"https:\/\/www.hoymercedes.com.ar\/principal\/wp-json\/wp\/v2\/posts"}],"about":[{"href":"https:\/\/www.hoymercedes.com.ar\/principal\/wp-json\/wp\/v2\/types\/post"}],"author":[{"embeddable":true,"href":"https:\/\/www.hoymercedes.com.ar\/principal\/wp-json\/wp\/v2\/users\/1"}],"replies":[{"embeddable":true,"href":"https:\/\/www.hoymercedes.com.ar\/principal\/wp-json\/wp\/v2\/comments?post=116451"}],"version-history":[{"count":0,"href":"https:\/\/www.hoymercedes.com.ar\/principal\/wp-json\/wp\/v2\/posts\/116451\/revisions"}],"wp:featuredmedia":[{"embeddable":true,"href":"https:\/\/www.hoymercedes.com.ar\/principal\/wp-json\/wp\/v2\/media\/116452"}],"wp:attachment":[{"href":"https:\/\/www.hoymercedes.com.ar\/principal\/wp-json\/wp\/v2\/media?parent=116451"}],"wp:term":[{"taxonomy":"category","embeddable":true,"href":"https:\/\/www.hoymercedes.com.ar\/principal\/wp-json\/wp\/v2\/categories?post=116451"},{"taxonomy":"post_tag","embeddable":true,"href":"https:\/\/www.hoymercedes.com.ar\/principal\/wp-json\/wp\/v2\/tags?post=116451"}],"curies":[{"name":"wp","href":"https:\/\/api.w.org\/{rel}","templated":true}]}}