{"id":116459,"date":"2020-09-11T20:56:46","date_gmt":"2020-09-11T23:56:46","guid":{"rendered":"http:\/\/www.hoymercedes.com.ar\/principal\/?p=116459"},"modified":"2020-09-12T10:07:47","modified_gmt":"2020-09-12T13:07:47","slug":"lalcec-realiza-semana-de-concientizacion-sobre-el-cancer-de-utero","status":"publish","type":"post","link":"https:\/\/www.hoymercedes.com.ar\/principal\/2020\/09\/11\/lalcec-realiza-semana-de-concientizacion-sobre-el-cancer-de-utero\/","title":{"rendered":"LALCEC realiza semana de Concientizaci\u00f3n sobre el c\u00e1ncer de Utero"},"content":{"rendered":"\n<p>A partir del lunes 14 de septiembre, LALCEC Mercedes llevar\u00e1 adelante una semana de Concientizaci\u00f3n sobre el c\u00e1ncer de Utero. Hasta el 18, la campa\u00f1a apuntar\u00e1 a la difusi\u00f3n, prevenci\u00f3n y concientizaci\u00f3n sobre este tipo de c\u00e1ncer. Las revisiones ginecol\u00f3gicas y el test de Papanicolau (PAP) y Colposcopia permiten el diagn\u00f3stico de las lesiones premalignas. <\/p>\n\n\n\n<p>\u00abEl c\u00e1ncer de cuello de \u00fatero es uno de los pocos c\u00e1nceres que se pueden diagnosticar precozmente, es decir, antes de que la mujer aprecie alg\u00fan s\u00edntoma\u00bb, explican desde LALCEC. \u00abPor ello son tan importantes las revisiones ginecol\u00f3gicas habituales y la realizaci\u00f3n anual del test de Papanicolau (PAP) y Colposcopia, ya que permiten el diagn\u00f3stico de las lesiones premalignas, de tal forma que su tratamiento evita que \u00e9stas evolucionen a lesiones invasivas\u00bb, resaltan.<\/p>\n\n\n\n<p>\u00abEl c\u00e1ncer detectado a tiempo es curable\u00bb remarcan enfatizando en la necesidad de realizar los controles necesarios peri\u00f3dicos para prevenir por un lado, y tratar de manera inmediata en caso de ser necesario.<\/p>\n\n\n\n<p>\u00abComo todos los a\u00f1os, las campa\u00f1as de LALCEC apuntan a la prevenci\u00f3n y a la detecci\u00f3n precoz de distintos tipos de c\u00e1ncer, pero en esta oportunidad y dada la situaci\u00f3n extraordinaria que estamos atravesando, la Campa\u00f1a contra el C\u00e1ncer de Utero, se llevar\u00e1 a cabo \u00fanicamente haciendo difusi\u00f3n para concientizar a las personas sobre este flagelo\u00bb, agregan. <\/p>\n\n\n\n<p>\u00abA ra\u00edz de la pandemia y el distanciamiento social obligatorio, las campa\u00f1as \u00fanicamente se llevar\u00e1n a cabo a trav\u00e9s de los medios period\u00edsticos, a fin de promover la concientizaci\u00f3n. En estos momentos, no es posible realizar campa\u00f1as presenciales\u00bb, explican.<\/p>\n\n\n\n<div class=\"wp-block-image\"><figure class=\"aligncenter size-large is-resized\"><img loading=\"lazy\" decoding=\"async\" data-attachment-id=\"116461\" data-permalink=\"https:\/\/www.hoymercedes.com.ar\/principal\/2020\/09\/11\/lalcec-realiza-semana-de-concientizacion-sobre-el-cancer-de-utero\/2020-09-11-4\/#main\" data-orig-file=\"https:\/\/www.hoymercedes.com.ar\/principal\/wp-content\/uploads\/2020\/09\/2020-09-11-4.png\" data-orig-size=\"698,327\" data-comments-opened=\"0\" data-image-meta=\"{&quot;aperture&quot;:&quot;0&quot;,&quot;credit&quot;:&quot;&quot;,&quot;camera&quot;:&quot;&quot;,&quot;caption&quot;:&quot;&quot;,&quot;created_timestamp&quot;:&quot;0&quot;,&quot;copyright&quot;:&quot;&quot;,&quot;focal_length&quot;:&quot;0&quot;,&quot;iso&quot;:&quot;0&quot;,&quot;shutter_speed&quot;:&quot;0&quot;,&quot;title&quot;:&quot;&quot;,&quot;orientation&quot;:&quot;0&quot;}\" data-image-title=\"2020-09-11 (4)\" data-image-description=\"\" data-image-caption=\"\" data-large-file=\"https:\/\/www.hoymercedes.com.ar\/principal\/wp-content\/uploads\/2020\/09\/2020-09-11-4.png\" src=\"https:\/\/www.hoymercedes.com.ar\/principal\/wp-content\/uploads\/2020\/09\/2020-09-11-4.png\" alt=\"\" class=\"wp-image-116461\" width=\"812\" height=\"380\"\/><\/figure><\/div>\n\n\n\n<div class=\"wp-block-image\"><figure class=\"aligncenter size-large is-resized\"><img loading=\"lazy\" decoding=\"async\" data-attachment-id=\"116462\" data-permalink=\"https:\/\/www.hoymercedes.com.ar\/principal\/2020\/09\/11\/lalcec-realiza-semana-de-concientizacion-sobre-el-cancer-de-utero\/2020-09-11-5\/#main\" data-orig-file=\"https:\/\/www.hoymercedes.com.ar\/principal\/wp-content\/uploads\/2020\/09\/2020-09-11-5.png\" data-orig-size=\"690,366\" data-comments-opened=\"0\" data-image-meta=\"{&quot;aperture&quot;:&quot;0&quot;,&quot;credit&quot;:&quot;&quot;,&quot;camera&quot;:&quot;&quot;,&quot;caption&quot;:&quot;&quot;,&quot;created_timestamp&quot;:&quot;0&quot;,&quot;copyright&quot;:&quot;&quot;,&quot;focal_length&quot;:&quot;0&quot;,&quot;iso&quot;:&quot;0&quot;,&quot;shutter_speed&quot;:&quot;0&quot;,&quot;title&quot;:&quot;&quot;,&quot;orientation&quot;:&quot;0&quot;}\" data-image-title=\"2020-09-11 (5)\" data-image-description=\"\" data-image-caption=\"\" data-large-file=\"https:\/\/www.hoymercedes.com.ar\/principal\/wp-content\/uploads\/2020\/09\/2020-09-11-5.png\" src=\"https:\/\/www.hoymercedes.com.ar\/principal\/wp-content\/uploads\/2020\/09\/2020-09-11-5.png\" alt=\"\" class=\"wp-image-116462\" width=\"820\" height=\"435\"\/><\/figure><\/div>\n","protected":false},"excerpt":{"rendered":"<p>A partir del lunes 14 de septiembre, LALCEC Mercedes llevar\u00e1 adelante una semana de Concientizaci\u00f3n sobre el c\u00e1ncer de Utero. &#8230; <a title=\"LALCEC realiza semana de Concientizaci\u00f3n sobre el c\u00e1ncer de Utero\" class=\"read-more\" href=\"https:\/\/www.hoymercedes.com.ar\/principal\/2020\/09\/11\/lalcec-realiza-semana-de-concientizacion-sobre-el-cancer-de-utero\/\" aria-label=\"Leer m\u00e1s sobre LALCEC realiza semana de Concientizaci\u00f3n sobre el c\u00e1ncer de Utero\">Leer m\u00e1s<\/a><\/p>\n","protected":false},"author":5,"featured_media":116460,"comment_status":"closed","ping_status":"open","sticky":false,"template":"","format":"standard","meta":{"_monsterinsights_skip_tracking":false,"_monsterinsights_sitenote_active":false,"_monsterinsights_sitenote_note":"","_monsterinsights_sitenote_category":0,"jetpack_post_was_ever_published":false,"_jetpack_newsletter_access":"","_jetpack_dont_email_post_to_subs":false,"_jetpack_newsletter_tier_id":0,"_jetpack_memberships_contains_paywalled_content":false,"_jetpack_memberships_contains_paid_content":false,"footnotes":"","jetpack_publicize_message":"","jetpack_publicize_feature_enabled":true,"jetpack_social_post_already_shared":true,"jetpack_social_options":{"image_generator_settings":{"template":"highway","default_image_id":0,"font":"","enabled":false},"version":2},"_wpas_customize_per_network":false},"categories":[9791],"tags":[17051,8819,108,8756,134],"class_list":["post-116459","post","type-post","status-publish","format-standard","has-post-thumbnail","hentry","category-salud","tag-cancer-de-utero","tag-concientizacion","tag-lalcec","tag-prevencion","tag-salud","generate-columns","tablet-grid-50","mobile-grid-100","grid-parent","grid-50"],"jetpack_publicize_connections":[],"jetpack_featured_media_url":"https:\/\/www.hoymercedes.com.ar\/principal\/wp-content\/uploads\/2020\/09\/2020-09-11-2.png","wps_subtitle":"Del 14 al 18 de septiembre","jetpack_sharing_enabled":true,"_links":{"self":[{"href":"https:\/\/www.hoymercedes.com.ar\/principal\/wp-json\/wp\/v2\/posts\/116459","targetHints":{"allow":["GET"]}}],"collection":[{"href":"https:\/\/www.hoymercedes.com.ar\/principal\/wp-json\/wp\/v2\/posts"}],"about":[{"href":"https:\/\/www.hoymercedes.com.ar\/principal\/wp-json\/wp\/v2\/types\/post"}],"author":[{"embeddable":true,"href":"https:\/\/www.hoymercedes.com.ar\/principal\/wp-json\/wp\/v2\/users\/5"}],"replies":[{"embeddable":true,"href":"https:\/\/www.hoymercedes.com.ar\/principal\/wp-json\/wp\/v2\/comments?post=116459"}],"version-history":[{"count":0,"href":"https:\/\/www.hoymercedes.com.ar\/principal\/wp-json\/wp\/v2\/posts\/116459\/revisions"}],"wp:featuredmedia":[{"embeddable":true,"href":"https:\/\/www.hoymercedes.com.ar\/principal\/wp-json\/wp\/v2\/media\/116460"}],"wp:attachment":[{"href":"https:\/\/www.hoymercedes.com.ar\/principal\/wp-json\/wp\/v2\/media?parent=116459"}],"wp:term":[{"taxonomy":"category","embeddable":true,"href":"https:\/\/www.hoymercedes.com.ar\/principal\/wp-json\/wp\/v2\/categories?post=116459"},{"taxonomy":"post_tag","embeddable":true,"href":"https:\/\/www.hoymercedes.com.ar\/principal\/wp-json\/wp\/v2\/tags?post=116459"}],"curies":[{"name":"wp","href":"https:\/\/api.w.org\/{rel}","templated":true}]}}