{"id":11648,"date":"2012-03-20T11:23:59","date_gmt":"2012-03-20T11:23:59","guid":{"rendered":"http:\/\/www.hoymercedes.com.ar\/principal\/?p=11648"},"modified":"2012-03-20T11:23:59","modified_gmt":"2012-03-20T11:23:59","slug":"jose-cestari-solicita-informes-sobre-licitacion-y-actuar-de-cooperativas","status":"publish","type":"post","link":"https:\/\/www.hoymercedes.com.ar\/principal\/2012\/03\/20\/jose-cestari-solicita-informes-sobre-licitacion-y-actuar-de-cooperativas\/","title":{"rendered":"Jos\u00e9 Cestari solicita informes sobre licitaci\u00f3n y actuar de cooperativas"},"content":{"rendered":"<p>El Concejal Jos\u00e9 Cestari se refiere en un proyecto presentando ante el HCD a los llamados a licitaci\u00f3n que ha formulado la comuna y pide conocer cuales son la tareas que actualemente realiozan las cooerativas que funcionan en nuestra ciudad del denimonado Plan Trabajar y al mismo tiemp pide saber cuantas siguen aun prestando servicios. El texto delproyecto es el siguiente.<\/p>\n<p>Art. 1\u00b0. El HCD se dirige al DE para que informe, a trav\u00e9s del \u00e1rea correspondiente, lo siguiente:<\/p>\n<p>a) N\u00f3mina de Cooperativas que persisten dependiendo del Municipio de Mercedes a la fecha.<\/p>\n<p>b) \u00bfCu\u00e1ntos integrantes tiene cada una?<\/p>\n<p>c) \u00bfQu\u00e9 tareas est\u00e1n efectuando cada una?<\/p>\n<p>d) Si las licitaciones Privadas N\u00b0 1\/2012 \u201cMantenimiento y corte de c\u00e9sped en canteros centrales de Avenidas\u201d. Presupuesto oficial: Pesos doscientos ochenta mil ($ 280.000) y N\u00b0 2\/2012 \u201cMantenimiento y corte de c\u00e9sped en Plazas\u201d. Presupuesto oficial: Pesos ciento cinco mil ($ 105.000) llamadas por la Municipalidad de Mercedes, dejar\u00e1 sin empleo a personal empleado municipal o contratado y\/o a componentes de alguna Cooperativa que realiza esa tarea.<\/p>\n<p>Art. 2\u00ba De qu\u00e9 manera se vino realizando esa tarea durante el \u00faltimo verano y \u2013en caso de que se hayan realizado contrataciones a particulares- bajo qu\u00e9 modalidad se realiz\u00f3 el contrato, qui\u00e9n o qui\u00e9nes fueron los beneficiados y cuanto se abon\u00f3 en cada caso..<\/p>\n<p>Art. 3\u00b0. Se adjunta la comunicaci\u00f3n enviada a algunos medios period\u00edsticos:<\/p>\n<p>Art. 4\u00b0. Los vistos y considerando forman parte de la presente.<\/p>\n<p><a href=\"https:\/\/www.hoymercedes.com.ar\/principal\/wp-content\/uploads\/2012\/03\/Nota-001.jpg\"><img loading=\"lazy\" decoding=\"async\" data-attachment-id=\"11650\" data-permalink=\"https:\/\/www.hoymercedes.com.ar\/principal\/2012\/03\/20\/jose-cestari-solicita-informes-sobre-licitacion-y-actuar-de-cooperativas\/nota-001\/#main\" data-orig-file=\"https:\/\/www.hoymercedes.com.ar\/principal\/wp-content\/uploads\/2012\/03\/Nota-001.jpg\" data-orig-size=\"612,910\" data-comments-opened=\"1\" data-image-meta=\"{&quot;aperture&quot;:&quot;0&quot;,&quot;credit&quot;:&quot;&quot;,&quot;camera&quot;:&quot;&quot;,&quot;caption&quot;:&quot;&quot;,&quot;created_timestamp&quot;:&quot;0&quot;,&quot;copyright&quot;:&quot;&quot;,&quot;focal_length&quot;:&quot;0&quot;,&quot;iso&quot;:&quot;0&quot;,&quot;shutter_speed&quot;:&quot;0&quot;,&quot;title&quot;:&quot;&quot;}\" data-image-title=\"Nota-001\" data-image-description=\"\" data-image-caption=\"\" data-large-file=\"https:\/\/www.hoymercedes.com.ar\/principal\/wp-content\/uploads\/2012\/03\/Nota-001.jpg\" class=\"aligncenter size-full wp-image-11650\" title=\"Nota-001\" src=\"https:\/\/www.hoymercedes.com.ar\/principal\/wp-content\/uploads\/2012\/03\/Nota-001.jpg\" alt=\"\" width=\"612\" height=\"910\" srcset=\"https:\/\/www.hoymercedes.com.ar\/principal\/wp-content\/uploads\/2012\/03\/Nota-001.jpg 612w, https:\/\/www.hoymercedes.com.ar\/principal\/wp-content\/uploads\/2012\/03\/Nota-001-416x620.jpg 416w\" sizes=\"auto, (max-width: 612px) 100vw, 612px\" \/><\/a><\/p>\n<p><a href=\"https:\/\/www.hoymercedes.com.ar\/principal\/wp-content\/uploads\/2012\/03\/Nota-002.jpg\"><img loading=\"lazy\" decoding=\"async\" data-attachment-id=\"11651\" data-permalink=\"https:\/\/www.hoymercedes.com.ar\/principal\/2012\/03\/20\/jose-cestari-solicita-informes-sobre-licitacion-y-actuar-de-cooperativas\/nota-002\/#main\" data-orig-file=\"https:\/\/www.hoymercedes.com.ar\/principal\/wp-content\/uploads\/2012\/03\/Nota-002.jpg\" data-orig-size=\"612,910\" data-comments-opened=\"1\" data-image-meta=\"{&quot;aperture&quot;:&quot;0&quot;,&quot;credit&quot;:&quot;&quot;,&quot;camera&quot;:&quot;&quot;,&quot;caption&quot;:&quot;&quot;,&quot;created_timestamp&quot;:&quot;0&quot;,&quot;copyright&quot;:&quot;&quot;,&quot;focal_length&quot;:&quot;0&quot;,&quot;iso&quot;:&quot;0&quot;,&quot;shutter_speed&quot;:&quot;0&quot;,&quot;title&quot;:&quot;&quot;}\" data-image-title=\"Nota-002\" data-image-description=\"\" data-image-caption=\"\" data-large-file=\"https:\/\/www.hoymercedes.com.ar\/principal\/wp-content\/uploads\/2012\/03\/Nota-002.jpg\" class=\"aligncenter size-full wp-image-11651\" title=\"Nota-002\" src=\"https:\/\/www.hoymercedes.com.ar\/principal\/wp-content\/uploads\/2012\/03\/Nota-002.jpg\" alt=\"\" width=\"612\" height=\"910\" srcset=\"https:\/\/www.hoymercedes.com.ar\/principal\/wp-content\/uploads\/2012\/03\/Nota-002.jpg 612w, https:\/\/www.hoymercedes.com.ar\/principal\/wp-content\/uploads\/2012\/03\/Nota-002-201x300.jpg 201w\" sizes=\"auto, (max-width: 612px) 100vw, 612px\" \/><\/a><\/p>\n<p>Art. 5\u00b0. De forma.<\/p>\n<p>Lic. Jos\u00e9 Cestari<\/p>\n","protected":false},"excerpt":{"rendered":"<p>El Concejal Jos\u00e9 Cestari se refiere en un proyecto presentando ante el HCD a los llamados a licitaci\u00f3n que ha &#8230; <a title=\"Jos\u00e9 Cestari solicita informes sobre licitaci\u00f3n y actuar de cooperativas\" class=\"read-more\" href=\"https:\/\/www.hoymercedes.com.ar\/principal\/2012\/03\/20\/jose-cestari-solicita-informes-sobre-licitacion-y-actuar-de-cooperativas\/\" aria-label=\"Leer m\u00e1s sobre Jos\u00e9 Cestari solicita informes sobre licitaci\u00f3n y actuar de cooperativas\">Leer m\u00e1s<\/a><\/p>\n","protected":false},"author":1,"featured_media":0,"comment_status":"open","ping_status":"open","sticky":false,"template":"","format":"standard","meta":{"_monsterinsights_skip_tracking":false,"_monsterinsights_sitenote_active":false,"_monsterinsights_sitenote_note":"","_monsterinsights_sitenote_category":0,"jetpack_post_was_ever_published":false,"_jetpack_newsletter_access":"","_jetpack_dont_email_post_to_subs":false,"_jetpack_newsletter_tier_id":0,"_jetpack_memberships_contains_paywalled_content":false,"_jetpack_memberships_contains_paid_content":false,"footnotes":"","jetpack_publicize_message":"","jetpack_publicize_feature_enabled":true,"jetpack_social_post_already_shared":false,"jetpack_social_options":{"image_generator_settings":{"template":"highway","default_image_id":0,"font":"","enabled":false},"version":2},"_wpas_customize_per_network":false},"categories":[5],"tags":[321,1972,1973],"class_list":["post-11648","post","type-post","status-publish","format-standard","hentry","category-politica","tag-jose-cestari","tag-mic","tag-movimiento-independiente-comunal-mercedes","generate-columns","tablet-grid-50","mobile-grid-100","grid-parent","grid-50"],"jetpack_publicize_connections":[],"jetpack_featured_media_url":"","wps_subtitle":"","jetpack_sharing_enabled":true,"_links":{"self":[{"href":"https:\/\/www.hoymercedes.com.ar\/principal\/wp-json\/wp\/v2\/posts\/11648","targetHints":{"allow":["GET"]}}],"collection":[{"href":"https:\/\/www.hoymercedes.com.ar\/principal\/wp-json\/wp\/v2\/posts"}],"about":[{"href":"https:\/\/www.hoymercedes.com.ar\/principal\/wp-json\/wp\/v2\/types\/post"}],"author":[{"embeddable":true,"href":"https:\/\/www.hoymercedes.com.ar\/principal\/wp-json\/wp\/v2\/users\/1"}],"replies":[{"embeddable":true,"href":"https:\/\/www.hoymercedes.com.ar\/principal\/wp-json\/wp\/v2\/comments?post=11648"}],"version-history":[{"count":0,"href":"https:\/\/www.hoymercedes.com.ar\/principal\/wp-json\/wp\/v2\/posts\/11648\/revisions"}],"wp:attachment":[{"href":"https:\/\/www.hoymercedes.com.ar\/principal\/wp-json\/wp\/v2\/media?parent=11648"}],"wp:term":[{"taxonomy":"category","embeddable":true,"href":"https:\/\/www.hoymercedes.com.ar\/principal\/wp-json\/wp\/v2\/categories?post=11648"},{"taxonomy":"post_tag","embeddable":true,"href":"https:\/\/www.hoymercedes.com.ar\/principal\/wp-json\/wp\/v2\/tags?post=11648"}],"curies":[{"name":"wp","href":"https:\/\/api.w.org\/{rel}","templated":true}]}}