{"id":116501,"date":"2020-09-12T19:20:16","date_gmt":"2020-09-12T22:20:16","guid":{"rendered":"http:\/\/www.hoymercedes.com.ar\/principal\/?p=116501"},"modified":"2020-09-12T19:20:44","modified_gmt":"2020-09-12T22:20:44","slug":"radicales-presentaron-lista-de-unidad-para-el-comite-de-distrito","status":"publish","type":"post","link":"https:\/\/www.hoymercedes.com.ar\/principal\/2020\/09\/12\/radicales-presentaron-lista-de-unidad-para-el-comite-de-distrito\/","title":{"rendered":"Radicales presentaron lista de unidad para el comit\u00e9 de Distrito"},"content":{"rendered":"\n<p>El comit\u00e9 de Distrito Mercedes de la Uni\u00f3n C\u00edvica Radical defini\u00f3 la lista de unidad con el nombre \u00abLista Renovadora\u00bb. Tal como se anticip\u00f3, el candidato a presidir el Comit\u00e9 de la UCR es Juan Manuel Navarro. \u00c9l mismo comunic\u00f3 la n\u00f3mina que definir\u00e1 los destinos al t\u00e9rmino de la comisi\u00f3n que actualmente preside Jorge Aguirre. <\/p>\n\n\n\n<p>\u00abHemos presentado la lista de unidad de la Uni\u00f3n C\u00edvica Radical de Mercedes\u00bb, dijo Navarro. \u00abEntendemos que hicimos los esfuerzos para representar a todos los afiliados sin exclusiones de ning\u00fan tipo\u00bb, agrega. <\/p>\n\n\n\n<p>\u00abLos desaf\u00edos en adelante son enormes y tienen que ver con marcar una agenda pol\u00edtica propia para visibilizar y dar respuesta a una ciudad que claramente debe cambiar el rumbo. Los que asumiremos la responsabilidad pol\u00edtica de conducci\u00f3n partidaria tenemos muy claro los objetivos y esfuerzos que demanda tama\u00f1a responsabilidad\u00bb, resalta.<\/p>\n\n\n\n<p>Asimimos, invita \u00aba todos los radicales a sumarse a pensar el futuro de nuestra querida ciudad, para lograr un radicalismo fuerte con verdaderas ambiciones pol\u00edticas\u00bb.<\/p>\n\n\n\n<p>Finlmente felicita las representaciones logradas por Julia de Paola en el Comit\u00e9 de la provincia de Buenos Aires y los convencionales nacionales Mario Rivas, Nicol\u00e1s Farias y Fernando Lapolla.<\/p>\n\n\n\n<p><strong>La lista de UCR Mercedes<\/strong><\/p>\n\n\n\n<p>Presidente: Navarro, Juan Manuel<br>Vice &#8211; presidente: Gutierrez, Sandra In\u00e9s <br>Secretario Genera: Guanzatti, Gonzalo <br>Tesorero: Marino, Lorena <br>1 \u00b0 Vocal Titular: S\u00e1nchez, Enrique Omar <br>2 \u00b0 Vocal Titular: Ghiglione, Monica Mabel<br>3 \u00b0 Vocal Titular: Bermudez, Mariano<br>4 \u00b0 Vocal Titular: Mastzalers, Maria del Carmen<br>5 \u00b0 Vocal Titular: Kilmeatte, Edgardo Jos\u00e9 <br>6 \u00b0 Vocal Titular: Dziurdzia, Mar\u00eda de los Milagros <br>7 \u00b0 Vocal Titular: Giachino Ch\u00e1vez, Nicol\u00e1s Alfonso<br>8 \u00b0 Vocal Titular: Campos Alfonso, Mar\u00eda Cecilia <br>9 \u00b0 Vocal Titular: Novak, Gustavo <br>10 \u00b0 Vocal Titular: Addis, Macarena <br>11 \u00b0 Vocal Titular: Ventrelli, Claudio Marcelo <br>12 \u00b0 Vocal Titular: Bustello, Marilina Rebeca <br>13 \u00b0 Vocal Titular: Mozzone, Facundo <br>14 \u00b0 Vocal Titular: Ziberra, Sara Elvira <br>1\u00b0 Vocal Suplente: Labin, Ricardo Osvaldo <br>2\u00b0 Vocal Suplente: Andreucci, Marta Vicenta <br>3\u00b0 Vocal Suplente: Cont\u00edn, Jorge Pascual <br>4\u00b0 Vocal Suplente: Go\u00f1i, Liliana 5953374 <br>5\u00b0 Vocal Suplente: Bellomo, Sergio Eduardo <br>6\u00b0 Vocal Suplente: Mozzone, Angelica Eva <br>7\u00b0 Vocal Suplente: Mocca, Pablo <br>8\u00b0 Vocal Suplente: Etchepareborde, Elsa Rosalia <br>9\u00b0 Vocal Suplente: Lonne, Luis Mar\u00eda <\/p>\n\n\n\n<p>Candidatos a Delegados Titulares a la H. Convenci\u00f3n de la provincia de Buenos Aires: Biagini, Esteban Ra\u00fal y Camele, Susana Ester. Los suplentes son: Navarro, Alberto Manuel y Faccieri, Florencia. <\/p>\n","protected":false},"excerpt":{"rendered":"<p>El comit\u00e9 de Distrito Mercedes de la Uni\u00f3n C\u00edvica Radical defini\u00f3 la lista de unidad con el nombre \u00abLista Renovadora\u00bb. &#8230; <a title=\"Radicales presentaron lista de unidad para el comit\u00e9 de Distrito\" class=\"read-more\" href=\"https:\/\/www.hoymercedes.com.ar\/principal\/2020\/09\/12\/radicales-presentaron-lista-de-unidad-para-el-comite-de-distrito\/\" aria-label=\"Leer m\u00e1s sobre Radicales presentaron lista de unidad para el comit\u00e9 de Distrito\">Leer m\u00e1s<\/a><\/p>\n","protected":false},"author":1,"featured_media":33905,"comment_status":"closed","ping_status":"open","sticky":false,"template":"","format":"standard","meta":{"_monsterinsights_skip_tracking":false,"_monsterinsights_sitenote_active":false,"_monsterinsights_sitenote_note":"","_monsterinsights_sitenote_category":0,"jetpack_post_was_ever_published":false,"_jetpack_newsletter_access":"","_jetpack_dont_email_post_to_subs":false,"_jetpack_newsletter_tier_id":0,"_jetpack_memberships_contains_paywalled_content":false,"_jetpack_memberships_contains_paid_content":false,"footnotes":"","jetpack_publicize_message":"","jetpack_publicize_feature_enabled":true,"jetpack_social_post_already_shared":true,"jetpack_social_options":{"image_generator_settings":{"template":"highway","default_image_id":0,"font":"","enabled":false},"version":2},"_wpas_customize_per_network":false},"categories":[5],"tags":[17056,14561,5319,17055],"class_list":["post-116501","post","type-post","status-publish","format-standard","has-post-thumbnail","hentry","category-politica","tag-comite-de-distrito","tag-elecciones-internas","tag-politica-2","tag-ucd","generate-columns","tablet-grid-50","mobile-grid-100","grid-parent","grid-50"],"jetpack_publicize_connections":[],"jetpack_featured_media_url":"https:\/\/www.hoymercedes.com.ar\/principal\/wp-content\/uploads\/2014\/06\/ucr.jpg","wps_subtitle":"Para las internas del partido","jetpack_sharing_enabled":true,"_links":{"self":[{"href":"https:\/\/www.hoymercedes.com.ar\/principal\/wp-json\/wp\/v2\/posts\/116501","targetHints":{"allow":["GET"]}}],"collection":[{"href":"https:\/\/www.hoymercedes.com.ar\/principal\/wp-json\/wp\/v2\/posts"}],"about":[{"href":"https:\/\/www.hoymercedes.com.ar\/principal\/wp-json\/wp\/v2\/types\/post"}],"author":[{"embeddable":true,"href":"https:\/\/www.hoymercedes.com.ar\/principal\/wp-json\/wp\/v2\/users\/1"}],"replies":[{"embeddable":true,"href":"https:\/\/www.hoymercedes.com.ar\/principal\/wp-json\/wp\/v2\/comments?post=116501"}],"version-history":[{"count":0,"href":"https:\/\/www.hoymercedes.com.ar\/principal\/wp-json\/wp\/v2\/posts\/116501\/revisions"}],"wp:featuredmedia":[{"embeddable":true,"href":"https:\/\/www.hoymercedes.com.ar\/principal\/wp-json\/wp\/v2\/media\/33905"}],"wp:attachment":[{"href":"https:\/\/www.hoymercedes.com.ar\/principal\/wp-json\/wp\/v2\/media?parent=116501"}],"wp:term":[{"taxonomy":"category","embeddable":true,"href":"https:\/\/www.hoymercedes.com.ar\/principal\/wp-json\/wp\/v2\/categories?post=116501"},{"taxonomy":"post_tag","embeddable":true,"href":"https:\/\/www.hoymercedes.com.ar\/principal\/wp-json\/wp\/v2\/tags?post=116501"}],"curies":[{"name":"wp","href":"https:\/\/api.w.org\/{rel}","templated":true}]}}