{"id":116508,"date":"2020-09-12T22:25:20","date_gmt":"2020-09-13T01:25:20","guid":{"rendered":"http:\/\/www.hoymercedes.com.ar\/principal\/?p=116508"},"modified":"2020-09-14T16:54:07","modified_gmt":"2020-09-14T19:54:07","slug":"coronavirus-confirman-el-fallecimiento-de-una-mujer-con-covid-y-12-nuevos-positivos","status":"publish","type":"post","link":"https:\/\/www.hoymercedes.com.ar\/principal\/2020\/09\/12\/coronavirus-confirman-el-fallecimiento-de-una-mujer-con-covid-y-12-nuevos-positivos\/","title":{"rendered":"Coronavirus: confirman el fallecimiento de una mujer con covid y 12 nuevos positivos"},"content":{"rendered":"\n<p>Este s\u00e1bado en Mercedes confimaron el fallecimiento de una mujer de 56 a\u00f1os de edad con covid-19. Asimismo, se anunciaron que 12 personas recibieron el resultado positivo de sus hisopados entre los 51 an\u00e1lisis realizados por el Laboratorio de Virolog\u00eda Molecular. Por \u00faltimo, anunciaron el alta de 12 pacientes que cumplieron con el per\u00edodo de aislamiento obligatorio de acuerdo a los protocolos sanitarios. <\/p>\n\n\n\n<div class=\"wp-block-image\"><figure class=\"aligncenter size-large\"><img loading=\"lazy\" decoding=\"async\" width=\"800\" height=\"800\" data-attachment-id=\"116509\" data-permalink=\"https:\/\/www.hoymercedes.com.ar\/principal\/2020\/09\/12\/coronavirus-confirman-el-fallecimiento-de-una-mujer-con-covid-y-12-nuevos-positivos\/whatsapp-image-2020-09-12-at-22-07-06\/#main\" data-orig-file=\"https:\/\/www.hoymercedes.com.ar\/principal\/wp-content\/uploads\/2020\/09\/WhatsApp-Image-2020-09-12-at-22.07.06.jpeg\" data-orig-size=\"800,800\" data-comments-opened=\"0\" data-image-meta=\"{&quot;aperture&quot;:&quot;0&quot;,&quot;credit&quot;:&quot;&quot;,&quot;camera&quot;:&quot;&quot;,&quot;caption&quot;:&quot;&quot;,&quot;created_timestamp&quot;:&quot;0&quot;,&quot;copyright&quot;:&quot;&quot;,&quot;focal_length&quot;:&quot;0&quot;,&quot;iso&quot;:&quot;0&quot;,&quot;shutter_speed&quot;:&quot;0&quot;,&quot;title&quot;:&quot;&quot;,&quot;orientation&quot;:&quot;0&quot;}\" data-image-title=\"WhatsApp Image 2020-09-12 at 22.07.06\" data-image-description=\"\" data-image-caption=\"\" data-large-file=\"https:\/\/www.hoymercedes.com.ar\/principal\/wp-content\/uploads\/2020\/09\/WhatsApp-Image-2020-09-12-at-22.07.06.jpeg\" src=\"https:\/\/www.hoymercedes.com.ar\/principal\/wp-content\/uploads\/2020\/09\/WhatsApp-Image-2020-09-12-at-22.07.06.jpeg\" alt=\"\" class=\"wp-image-116509\"\/><\/figure><\/div>\n\n\n\n<p>El informe enviado por el Municipio de Mercedes y el Hospital Blas L. Dubarry dice:<\/p>\n\n\n\n<p>\u00abEn el d\u00eda de la fecha el Laboratorio de Virolog\u00eda Molecular Municipal por medio de los procesos cient\u00edficos que lleva adelante cotidianamente detect\u00f3 12 nuevos casos para covid-19.<br>Los casos tienen su ra\u00edz epidemiol\u00f3gica y correspondiente trabajo de rastreo y seguimiento.<br>Lamentamos informar el fallecimiento de una paciente de 56 a\u00f1os de edad.<br>Al d\u00eda de la fecha tenemos 197 casos activos y 860 desde iniciada la pandemia con 649 pacientes recuperados del virus.<br>En seguimiento por contacto estrecho contin\u00faan a instancias del Centro de Teleseguimiento con 93 operadores socio sanitarios se encuentran 854 mercedinos.<br>En cuanto al Centro de Aislamiento Sanitario II con todas las normas socio sanitarias y un fuerte trabajo de Salud, Protecci\u00f3n Civil, SAME, Seguridad, Desarrollo Social y Servicios P\u00fablicos tiene a 2 pacientes alojados, aislados y monitoreados\u00bb<\/p>\n\n\n\n<p><strong>Informe nacional<\/strong><\/p>\n\n\n\n<p>Este s\u00e1bado, el informe a nivel pa\u00eds confirm\u00f3 10.776 nuevos casos de COVID-19. El total de la jornada se distribuyen en: provincia de Buenos Aires 5.862, Ciudad de Buenos Aires 985, Catamarca 6, Chaco 117, Chubut 165, C\u00f3rdoba 491, Corrientes 56, Entre R\u00edos 138, Jujuy 254, La Pampa 30, La Rioja 47, Mendoza 718, Misiones 3, Neuqu\u00e9n 67, R\u00edo Negro 229, Salta 266, San Juan 23, San Luis 3, Santa Cruz 114, Santa Fe 889, Santiago del Estero 112, Tierra del Fuego 48 y Tucum\u00e1n 154. Con estos registros, suman<br>546.481 positivos en el pa\u00eds.<\/p>\n\n\n\n<p>Asimismo, informaron 115 fallecimientos m\u00e1s. Al momento la cantidad de personas fallecidas es 11.263.<br>En la informe matutino dieron cuenta de los primeros 58: <br>33 hombres: 15 residentes en la provincia de Buenos Aires, 9 residentes en la Ciudad de Buenos Aires, 4 residente en la provincia de Jujuy, 1 residente en la provincia de Tierra del Fuego, 2 residentes en la provincia de Chubut y 2 residentes en la provincia de Santa Fe. <br>25 mujeres: 15 residentes en la provincia de Buenos Aires, 5 residentes en la ciudad de Buenos Aires, 2 residentes en la provincia de Jujuy y 3 residentes en la provincia de Santa Fe. <\/p>\n\n\n\n<p>En tanto, en el informe vespertino informaron los 57 restantes: <br>38 hombres: 18 residentes en la provincia de Buenos Aires, 5 residentes en la Ciudad de Buenos Aires, 2 residente en la provincia de Chaco, 4 residentes en la provincia de C\u00f3rdoba, 2 residente en la provincia de Mendoza, 2 residentes en la provincia de Salta, 2 residentes en la provincia de San Juan, 1 residente en la provincia de Santa Fe, 1 residente en la provincia de Tierra del Fuego y 1 residente en la provincia de Tucum\u00e1n. <br>19 mujeres: 6 residentes en la provincia de Buenos Aires, 4 residentes en la Ciudad de Buenos Aires, 1 residentes en la provincia de Chaco, 2 residentes en la provincia de C\u00f3rdoba, 3 residentes en la provincia de San Juan, 2 residente en la provincia de Santa Fe y 1 residente en la provincia de Tierra del Fuego. <\/p>\n","protected":false},"excerpt":{"rendered":"<p>Este s\u00e1bado en Mercedes confimaron el fallecimiento de una mujer de 56 a\u00f1os de edad con covid-19. Asimismo, se anunciaron &#8230; <a title=\"Coronavirus: confirman el fallecimiento de una mujer con covid y 12 nuevos positivos\" class=\"read-more\" href=\"https:\/\/www.hoymercedes.com.ar\/principal\/2020\/09\/12\/coronavirus-confirman-el-fallecimiento-de-una-mujer-con-covid-y-12-nuevos-positivos\/\" aria-label=\"Leer m\u00e1s sobre Coronavirus: confirman el fallecimiento de una mujer con covid y 12 nuevos positivos\">Leer m\u00e1s<\/a><\/p>\n","protected":false},"author":1,"featured_media":116509,"comment_status":"closed","ping_status":"open","sticky":false,"template":"","format":"standard","meta":{"_monsterinsights_skip_tracking":false,"_monsterinsights_sitenote_active":false,"_monsterinsights_sitenote_note":"","_monsterinsights_sitenote_category":0,"jetpack_post_was_ever_published":false,"_jetpack_newsletter_access":"","_jetpack_dont_email_post_to_subs":false,"_jetpack_newsletter_tier_id":0,"_jetpack_memberships_contains_paywalled_content":false,"_jetpack_memberships_contains_paid_content":false,"footnotes":"","jetpack_publicize_message":"","jetpack_publicize_feature_enabled":true,"jetpack_social_post_already_shared":true,"jetpack_social_options":{"image_generator_settings":{"template":"highway","default_image_id":0,"font":"","enabled":false},"version":2},"_wpas_customize_per_network":false},"categories":[9791],"tags":[16561,16175,16313],"class_list":["post-116508","post","type-post","status-publish","format-standard","has-post-thumbnail","hentry","category-salud","tag-cierre-del-dia","tag-coronavirus","tag-covid-19","generate-columns","tablet-grid-50","mobile-grid-100","grid-parent","grid-50"],"jetpack_publicize_connections":[],"jetpack_featured_media_url":"https:\/\/www.hoymercedes.com.ar\/principal\/wp-content\/uploads\/2020\/09\/WhatsApp-Image-2020-09-12-at-22.07.06.jpeg","wps_subtitle":"Cierre del d\u00eda","jetpack_sharing_enabled":true,"_links":{"self":[{"href":"https:\/\/www.hoymercedes.com.ar\/principal\/wp-json\/wp\/v2\/posts\/116508","targetHints":{"allow":["GET"]}}],"collection":[{"href":"https:\/\/www.hoymercedes.com.ar\/principal\/wp-json\/wp\/v2\/posts"}],"about":[{"href":"https:\/\/www.hoymercedes.com.ar\/principal\/wp-json\/wp\/v2\/types\/post"}],"author":[{"embeddable":true,"href":"https:\/\/www.hoymercedes.com.ar\/principal\/wp-json\/wp\/v2\/users\/1"}],"replies":[{"embeddable":true,"href":"https:\/\/www.hoymercedes.com.ar\/principal\/wp-json\/wp\/v2\/comments?post=116508"}],"version-history":[{"count":0,"href":"https:\/\/www.hoymercedes.com.ar\/principal\/wp-json\/wp\/v2\/posts\/116508\/revisions"}],"wp:featuredmedia":[{"embeddable":true,"href":"https:\/\/www.hoymercedes.com.ar\/principal\/wp-json\/wp\/v2\/media\/116509"}],"wp:attachment":[{"href":"https:\/\/www.hoymercedes.com.ar\/principal\/wp-json\/wp\/v2\/media?parent=116508"}],"wp:term":[{"taxonomy":"category","embeddable":true,"href":"https:\/\/www.hoymercedes.com.ar\/principal\/wp-json\/wp\/v2\/categories?post=116508"},{"taxonomy":"post_tag","embeddable":true,"href":"https:\/\/www.hoymercedes.com.ar\/principal\/wp-json\/wp\/v2\/tags?post=116508"}],"curies":[{"name":"wp","href":"https:\/\/api.w.org\/{rel}","templated":true}]}}