{"id":116522,"date":"2020-09-13T21:10:03","date_gmt":"2020-09-14T00:10:03","guid":{"rendered":"http:\/\/www.hoymercedes.com.ar\/principal\/?p=116522"},"modified":"2020-09-14T16:52:50","modified_gmt":"2020-09-14T19:52:50","slug":"autocine-segunda-funcion-con-relatos-de-casciari-y-pronto-se-vienen-los-films","status":"publish","type":"post","link":"https:\/\/www.hoymercedes.com.ar\/principal\/2020\/09\/13\/autocine-segunda-funcion-con-relatos-de-casciari-y-pronto-se-vienen-los-films\/","title":{"rendered":"Autocine: segunda funci\u00f3n con relatos de Casciari y pronto se vienen los films"},"content":{"rendered":"\n<p>La segunda funci\u00f3n del autocine fue con relatos de Hern\u00e1n Casciari. Pronto se conocer\u00e1 la nueva programaci\u00f3n que incluir\u00e1 pel\u00edculas. Se regalaron libros y vivi\u00f3 otra velada promovida por la Direcci\u00f3n de Cultura con el objetivo de generar una salida con todas las medidas socio sanitarias y de distanciamiento. \u00a0<\/p>\n\n\n\n<div class=\"wp-block-image\"><figure class=\"aligncenter size-large\"><img loading=\"lazy\" decoding=\"async\" width=\"800\" height=\"533\" data-attachment-id=\"116523\" data-permalink=\"https:\/\/www.hoymercedes.com.ar\/principal\/2020\/09\/13\/autocine-segunda-funcion-con-relatos-de-casciari-y-pronto-se-vienen-los-films\/dsc08329\/#main\" data-orig-file=\"https:\/\/www.hoymercedes.com.ar\/principal\/wp-content\/uploads\/2020\/09\/DSC08329.jpg\" data-orig-size=\"800,533\" data-comments-opened=\"0\" data-image-meta=\"{&quot;aperture&quot;:&quot;0&quot;,&quot;credit&quot;:&quot;&quot;,&quot;camera&quot;:&quot;&quot;,&quot;caption&quot;:&quot;&quot;,&quot;created_timestamp&quot;:&quot;0&quot;,&quot;copyright&quot;:&quot;&quot;,&quot;focal_length&quot;:&quot;0&quot;,&quot;iso&quot;:&quot;0&quot;,&quot;shutter_speed&quot;:&quot;0&quot;,&quot;title&quot;:&quot;&quot;,&quot;orientation&quot;:&quot;0&quot;}\" data-image-title=\"DSC08329\" data-image-description=\"\" data-image-caption=\"\" data-large-file=\"https:\/\/www.hoymercedes.com.ar\/principal\/wp-content\/uploads\/2020\/09\/DSC08329.jpg\" src=\"https:\/\/www.hoymercedes.com.ar\/principal\/wp-content\/uploads\/2020\/09\/DSC08329.jpg\" alt=\"\" class=\"wp-image-116523\"\/><\/figure><\/div>\n\n\n\n<p>La segunda funci\u00f3n tuvo como base la convocatoria inicial donde en dos horas se colmaron los lugares y se decidi\u00f3 organizar una segunda proyecci\u00f3n. La primera con Casciari presente y la nueva con una proyecci\u00f3n formada por una selecci\u00f3n de cuentos que el propio autor llev\u00f3 adelante. &nbsp;<\/p>\n\n\n\n<p>Desde 18.30hs empezaron a arribar los vecinos y vecinas al predio para poder ver videos musicales y disfrutar de una jornada diferente. \u201cCon todas las medidas de seguridad socio sanitarias pudimos jugar y entretenernos\u201d coment\u00f3 Luc\u00eda Capaccio y sostuvo que \u201cNico y Javier llevaron adelante una linda jornada desde la conducci\u00f3n, donde regalamos libros de Casciari a quienes lograban responder preguntas sobre la vida y obra del autor\u201d sostuvo y cont\u00f3 que \u201cquien completaba las consignas empezaba a efectuar se\u00f1as de luces y tocar bocina, siendo as\u00ed que hubo varios felices ganadores\u201d coment\u00f3 la funcionaria. &nbsp;<\/p>\n\n\n\n<p>M\u00e1s adelante aprovech\u00f3 para mencionar que \u201cagradecemos a todos los trabajadores, trabajadoras y cooperativistas que una vez m\u00e1s nos permitieron concretar esta propuesta cultural con todas las normas sanitarias de cuidado del pr\u00f3jimo. Nos llena de orgullo su compromiso y vocaci\u00f3n\u201d coment\u00f3 y dijo \u201cpara aquellos que se preocuparon por predio, deseo expresar que est\u00e1 en perfectas condiciones, desde el primer momento fue cuidado y sin duda vivimos unas experiencias maravillosas en las primeras dos presentaciones\u201d. &nbsp;<\/p>\n\n\n\n<p>Por su parte, Juan I. Ustarroz agradeci\u00f3 a los vecinos \u201cpor confiar en nuestras propuestas, a Hern\u00e1n por volver a regalarnos uno de sus recitales y trasportarnos a diferentes \u00e9pocas y lugares desde sus narraciones\u201d sin dejar de expresar que \u201cha sido un gran trabajo de cada municipal, felicitaciones y gracias\u201d &nbsp;<\/p>\n\n\n\n<p><strong>Lo que viene &nbsp;<\/strong><\/p>\n\n\n\n<p>Se supo que el auto cine tendr\u00e1 pronto nuevas funciones, posiblemente en otros escenarios, como zonas rurales, barrios, quiz\u00e1s el parque municipal, siempre con la idea de dar entretenimiento seguro. Se vendr\u00e1 posiblemente una serie de funciones con proyecci\u00f3n de cine, siendo pel\u00edculas de distintas \u00e9pocas y autores. \u00a0<\/p>\n\n\n\n<p>Por Prensa Municipal<\/p>\n\n\n\n<div class=\"wp-block-image\"><figure class=\"aligncenter size-large\"><img loading=\"lazy\" decoding=\"async\" width=\"939\" height=\"626\" data-attachment-id=\"116524\" data-permalink=\"https:\/\/www.hoymercedes.com.ar\/principal\/2020\/09\/13\/autocine-segunda-funcion-con-relatos-de-casciari-y-pronto-se-vienen-los-films\/dsc08311\/#main\" data-orig-file=\"https:\/\/www.hoymercedes.com.ar\/principal\/wp-content\/uploads\/2020\/09\/DSC08311.jpg\" data-orig-size=\"939,626\" data-comments-opened=\"0\" data-image-meta=\"{&quot;aperture&quot;:&quot;0&quot;,&quot;credit&quot;:&quot;&quot;,&quot;camera&quot;:&quot;&quot;,&quot;caption&quot;:&quot;&quot;,&quot;created_timestamp&quot;:&quot;0&quot;,&quot;copyright&quot;:&quot;&quot;,&quot;focal_length&quot;:&quot;0&quot;,&quot;iso&quot;:&quot;0&quot;,&quot;shutter_speed&quot;:&quot;0&quot;,&quot;title&quot;:&quot;&quot;,&quot;orientation&quot;:&quot;0&quot;}\" data-image-title=\"DSC08311\" data-image-description=\"\" data-image-caption=\"\" data-large-file=\"https:\/\/www.hoymercedes.com.ar\/principal\/wp-content\/uploads\/2020\/09\/DSC08311.jpg\" src=\"https:\/\/www.hoymercedes.com.ar\/principal\/wp-content\/uploads\/2020\/09\/DSC08311.jpg\" alt=\"\" class=\"wp-image-116524\"\/><\/figure><\/div>\n","protected":false},"excerpt":{"rendered":"<p>La segunda funci\u00f3n del autocine fue con relatos de Hern\u00e1n Casciari. Pronto se conocer\u00e1 la nueva programaci\u00f3n que incluir\u00e1 pel\u00edculas. &#8230; <a title=\"Autocine: segunda funci\u00f3n con relatos de Casciari y pronto se vienen los films\" class=\"read-more\" href=\"https:\/\/www.hoymercedes.com.ar\/principal\/2020\/09\/13\/autocine-segunda-funcion-con-relatos-de-casciari-y-pronto-se-vienen-los-films\/\" aria-label=\"Leer m\u00e1s sobre Autocine: segunda funci\u00f3n con relatos de Casciari y pronto se vienen los films\">Leer m\u00e1s<\/a><\/p>\n","protected":false},"author":1,"featured_media":116524,"comment_status":"closed","ping_status":"open","sticky":false,"template":"","format":"standard","meta":{"_monsterinsights_skip_tracking":false,"_monsterinsights_sitenote_active":false,"_monsterinsights_sitenote_note":"","_monsterinsights_sitenote_category":0,"jetpack_post_was_ever_published":false,"_jetpack_newsletter_access":"","_jetpack_dont_email_post_to_subs":false,"_jetpack_newsletter_tier_id":0,"_jetpack_memberships_contains_paywalled_content":false,"_jetpack_memberships_contains_paid_content":false,"footnotes":"","jetpack_publicize_message":"","jetpack_publicize_feature_enabled":true,"jetpack_social_post_already_shared":true,"jetpack_social_options":{"image_generator_settings":{"template":"highway","default_image_id":0,"font":"","enabled":false},"version":2},"_wpas_customize_per_network":false},"categories":[104],"tags":[17012,7805,244],"class_list":["post-116522","post","type-post","status-publish","format-standard","has-post-thumbnail","hentry","category-cultura","tag-autocine","tag-cultura","tag-municipio-2","generate-columns","tablet-grid-50","mobile-grid-100","grid-parent","grid-50"],"jetpack_publicize_connections":[],"jetpack_featured_media_url":"https:\/\/www.hoymercedes.com.ar\/principal\/wp-content\/uploads\/2020\/09\/DSC08311.jpg","wps_subtitle":"En la noche del s\u00e1bado","jetpack_sharing_enabled":true,"_links":{"self":[{"href":"https:\/\/www.hoymercedes.com.ar\/principal\/wp-json\/wp\/v2\/posts\/116522","targetHints":{"allow":["GET"]}}],"collection":[{"href":"https:\/\/www.hoymercedes.com.ar\/principal\/wp-json\/wp\/v2\/posts"}],"about":[{"href":"https:\/\/www.hoymercedes.com.ar\/principal\/wp-json\/wp\/v2\/types\/post"}],"author":[{"embeddable":true,"href":"https:\/\/www.hoymercedes.com.ar\/principal\/wp-json\/wp\/v2\/users\/1"}],"replies":[{"embeddable":true,"href":"https:\/\/www.hoymercedes.com.ar\/principal\/wp-json\/wp\/v2\/comments?post=116522"}],"version-history":[{"count":0,"href":"https:\/\/www.hoymercedes.com.ar\/principal\/wp-json\/wp\/v2\/posts\/116522\/revisions"}],"wp:featuredmedia":[{"embeddable":true,"href":"https:\/\/www.hoymercedes.com.ar\/principal\/wp-json\/wp\/v2\/media\/116524"}],"wp:attachment":[{"href":"https:\/\/www.hoymercedes.com.ar\/principal\/wp-json\/wp\/v2\/media?parent=116522"}],"wp:term":[{"taxonomy":"category","embeddable":true,"href":"https:\/\/www.hoymercedes.com.ar\/principal\/wp-json\/wp\/v2\/categories?post=116522"},{"taxonomy":"post_tag","embeddable":true,"href":"https:\/\/www.hoymercedes.com.ar\/principal\/wp-json\/wp\/v2\/tags?post=116522"}],"curies":[{"name":"wp","href":"https:\/\/api.w.org\/{rel}","templated":true}]}}